{"id":1315,"date":"2026-03-06T15:50:00","date_gmt":"2026-03-06T15:50:00","guid":{"rendered":"https:\/\/guerreiro.dev.br\/news\/2026\/03\/06\/dia-internacional-da-mulher-praia-shopping-reune-mil-atletas-em-treinao-coletivo-4\/"},"modified":"2026-03-06T15:50:00","modified_gmt":"2026-03-06T15:50:00","slug":"dia-internacional-da-mulher-praia-shopping-reune-mil-atletas-em-treinao-coletivo-4","status":"publish","type":"post","link":"https:\/\/guerreiro.dev.br\/news\/2026\/03\/06\/dia-internacional-da-mulher-praia-shopping-reune-mil-atletas-em-treinao-coletivo-4\/","title":{"rendered":"Dia Internacional da Mulher: Praia Shopping re\u00fane mil atletas em trein\u00e3o coletivo"},"content":{"rendered":"<div class=\"elementor-widget-container\">\n<p>O Praia Shopping em Natal est\u00e1 promovendo um evento especial para celebrar o Dia Internacional da Mulher. Este trein\u00e3o coletivo visa incentivar a pr\u00e1tica de atividades f\u00edsicas e promover h\u00e1bitos saud\u00e1veis na comunidade local. O evento reunir\u00e1 diversas assessorias esportivas e atletas para um dia de atividades e bem-estar.<\/p>\n<p>O incentivo \u00e0 pr\u00e1tica de atividades f\u00edsicas e \u00e0 promo\u00e7\u00e3o de h\u00e1bitos saud\u00e1veis volta a mobilizar a Zona Sul de Natal no pr\u00f3ximo dia 7 de mar\u00e7o. Pelo terceiro ano consecutivo, o Praia Shopping realiza o Trein\u00e3o Coletivo em homenagem ao <strong>dia mulher<\/strong>, reunindo as principais assessorias esportivas da capital potiguar.<\/p>\n<blockquote>\n<p>Com in\u00edcio a partir das 5h, o shopping funcionar\u00e1 como ponto de apoio para largada e chegada dos atletas. Cada assessoria organiza seu pr\u00f3prio percurso e metodologia de treino, enquanto o Praia concentra a estrutura de suporte e integra\u00e7\u00e3o do evento.<\/p>\n<\/blockquote>\n<p>Ap\u00f3s as edi\u00e7\u00f5es de 2024 e 2025, o trein\u00e3o se consolidou no calend\u00e1rio esportivo local e deve reunir cerca de 1.000 atletas nesta edi\u00e7\u00e3o. Apesar de ser realizado em alus\u00e3o ao <strong>Dia Internacional da Mulher<\/strong>, o evento \u00e9 aberto tamb\u00e9m ao p\u00fablico masculino, refor\u00e7ando a proposta de inclus\u00e3o e est\u00edmulo \u00e0 vida ativa para todos.<\/p>\n<p>Entre as assessorias j\u00e1 confirmadas est\u00e3o STI, Winner, Cerveira, MG, RP, Start, Bora, David Souza, CTC, Concept, Flow, LM, Amantes de Corrida, M10, F4, Pulse e Bernardo Run, que conduzir\u00e3o seus respectivos grupos durante o percurso. \u201cO trein\u00e3o j\u00e1 virou tradi\u00e7\u00e3o no nosso calend\u00e1rio. \u00c9 um momento que conecta esporte, sa\u00fade e comunidade, al\u00e9m de refor\u00e7ar o compromisso do Praia com iniciativas que promovem qualidade de vida\u201d, afirma a gerente geral do shopping, Danielle Leal.<\/p>\n<p>A a\u00e7\u00e3o \u00e9 realizada pelo Praia Shopping em parceria com a Associa\u00e7\u00e3o das Assessorias Esportivas do RN, com apoio de Humana Sa\u00fade, SESC, Dore, S\u00e3o Braz, P\u00e3o Cadice, HC Cardio, Foco Radical, Grupo Cidade do Sol, Moviecom, Natura, Leve Estacionamento, Salutaris, Zam\u00f4, Col\u00e9gio Monte, Grupo Seg, Grupo GPS, Trend Run, Gold Nutrix e lojistas do mall.<br \/>Al\u00e9m do treino coletivo, a programa\u00e7\u00e3o inclui distribui\u00e7\u00e3o de brindes e sorteios entre os participantes. O formato fortalece a integra\u00e7\u00e3o entre atletas, assessorias e marcas ligadas ao segmento de sa\u00fade e bem-estar.<\/p>\n<blockquote>\n<p>Quem desejar participar deve procurar uma das assessorias esportivas da cidade para obter informa\u00e7\u00f5es sobre inscri\u00e7\u00e3o e organiza\u00e7\u00e3o dos treinos. Ao sediar o evento, o Praia Shopping amplia sua atua\u00e7\u00e3o como ponto de encontro da comunidade e refor\u00e7a o incentivo \u00e0 pr\u00e1tica regular de atividades f\u00edsicas na capital potiguar.<\/p>\n<\/blockquote>\n<p><strong>Servi\u00e7o<\/strong><\/p>\n<p>Evento: 3\u00ba Trein\u00e3o Coletivo do Praia Shopping \u2013 <strong>Dia Internacional da Mulher<\/strong><br \/>Data: 7 de mar\u00e7o<br \/>Hor\u00e1rio: A partir das 5h<br \/>Local: Praia Shopping \u2013 Ponta Negra \u2013 Natal\/RN<br \/>Participa\u00e7\u00e3o: Inscri\u00e7\u00e3o por meio das assessorias esportivas da cidade<br \/>Programa\u00e7\u00e3o: Treino coletivo com ponto de largada e chegada no mall, brindes e sorteios<\/p>\n<h2 id=\"destaques-principais\">Destaques Principais<\/h2>\n<ul>\n<li>\n<p>O Praia Shopping realiza o 3\u00ba Trein\u00e3o Coletivo em homenagem ao Dia Internacional da Mulher.<\/p>\n<\/li>\n<li>\n<p>O evento acontece no dia 7 de mar\u00e7o, a partir das 5h.<\/p>\n<\/li>\n<li>\n<p>Espera-se reunir cerca de 1.000 atletas na Zona Sul de Natal.<\/p>\n<\/li>\n<li>\n<p>O trein\u00e3o \u00e9 aberto ao p\u00fablico masculino e feminino.<\/p>\n<\/li>\n<li>\n<p>Haver\u00e1 distribui\u00e7\u00e3o de brindes e sorteios entre os participantes.<\/p>\n<\/li>\n<\/ul>\n<\/div>\n","protected":false},"excerpt":{"rendered":"<p>O Praia Shopping em Natal est\u00e1 promovendo um evento especial para celebrar o Dia Internacional da Mulher. Este trein\u00e3o coletivo visa incentivar a pr\u00e1tica de atividades f\u00edsicas e promover h\u00e1bitos saud\u00e1veis na comunidade local. O evento reunir\u00e1 diversas assessorias esportivas e atletas para um dia de atividades e bem-estar. O incentivo \u00e0 pr\u00e1tica de atividades [&hellip;]<\/p>\n","protected":false},"author":1,"featured_media":0,"comment_status":"open","ping_status":"open","sticky":false,"template":"","format":"standard","meta":{"pagelayer_contact_templates":[],"_pagelayer_content":"","footnotes":""},"categories":[1],"tags":[],"class_list":["post-1315","post","type-post","status-publish","format-standard","hentry","category-uncategorized"],"yoast_head":"<!-- This site is optimized with the Yoast SEO plugin v27.3 - https:\/\/yoast.com\/product\/yoast-seo-wordpress\/ -->\n<title>Dia Internacional da Mulher: Praia Shopping re\u00fane mil atletas em trein\u00e3o coletivo - Guerreiro News<\/title>\n<meta name=\"description\" content=\"O incentivo \u00e0 pr\u00e1tica de atividades f\u00edsicas e \u00e0 promo\u00e7\u00e3o de h\u00e1bitos saud\u00e1veis volta a mobilizar a Zona Sul de Natal no pr\u00f3ximo dia 7 de mar\u00e7o. Pelo terceiro ano\" \/>\n<meta name=\"robots\" content=\"index, follow, max-snippet:-1, max-image-preview:large, max-video-preview:-1\" \/>\n<link rel=\"canonical\" href=\"https:\/\/guerreiro.dev.br\/news\/2026\/03\/06\/dia-internacional-da-mulher-praia-shopping-reune-mil-atletas-em-treinao-coletivo-4\/\" \/>\n<meta property=\"og:locale\" content=\"en_US\" \/>\n<meta property=\"og:type\" content=\"article\" \/>\n<meta property=\"og:title\" content=\"Dia Internacional da Mulher: Praia Shopping re\u00fane mil atletas em trein\u00e3o coletivo - Guerreiro News\" \/>\n<meta property=\"og:description\" content=\"O incentivo \u00e0 pr\u00e1tica de atividades f\u00edsicas e \u00e0 promo\u00e7\u00e3o de h\u00e1bitos saud\u00e1veis volta a mobilizar a Zona Sul de Natal no pr\u00f3ximo dia 7 de mar\u00e7o. Pelo terceiro ano\" \/>\n<meta property=\"og:url\" content=\"https:\/\/guerreiro.dev.br\/news\/2026\/03\/06\/dia-internacional-da-mulher-praia-shopping-reune-mil-atletas-em-treinao-coletivo-4\/\" \/>\n<meta property=\"og:site_name\" content=\"Guerreiro News\" \/>\n<meta property=\"article:published_time\" content=\"2026-03-06T15:50:00+00:00\" \/>\n<meta name=\"author\" content=\"admin\" \/>\n<meta name=\"twitter:card\" content=\"summary_large_image\" \/>\n<meta name=\"twitter:label1\" content=\"Written by\" \/>\n\t<meta name=\"twitter:data1\" content=\"admin\" \/>\n\t<meta name=\"twitter:label2\" content=\"Est. reading time\" \/>\n\t<meta name=\"twitter:data2\" content=\"3 minutes\" \/>\n<script type=\"application\/ld+json\" class=\"yoast-schema-graph\">{\"@context\":\"https:\\\/\\\/schema.org\",\"@graph\":[{\"@type\":\"Article\",\"@id\":\"https:\\\/\\\/guerreiro.dev.br\\\/news\\\/2026\\\/03\\\/06\\\/dia-internacional-da-mulher-praia-shopping-reune-mil-atletas-em-treinao-coletivo-4\\\/#article\",\"isPartOf\":{\"@id\":\"https:\\\/\\\/guerreiro.dev.br\\\/news\\\/2026\\\/03\\\/06\\\/dia-internacional-da-mulher-praia-shopping-reune-mil-atletas-em-treinao-coletivo-4\\\/\"},\"author\":{\"name\":\"admin\",\"@id\":\"https:\\\/\\\/guerreiro.dev.br\\\/news\\\/#\\\/schema\\\/person\\\/282e053998765cb4795f8e50313a7489\"},\"headline\":\"Dia Internacional da Mulher: Praia Shopping re\u00fane mil atletas em trein\u00e3o coletivo\",\"datePublished\":\"2026-03-06T15:50:00+00:00\",\"mainEntityOfPage\":{\"@id\":\"https:\\\/\\\/guerreiro.dev.br\\\/news\\\/2026\\\/03\\\/06\\\/dia-internacional-da-mulher-praia-shopping-reune-mil-atletas-em-treinao-coletivo-4\\\/\"},\"wordCount\":575,\"commentCount\":0,\"inLanguage\":\"en-US\",\"potentialAction\":[{\"@type\":\"CommentAction\",\"name\":\"Comment\",\"target\":[\"https:\\\/\\\/guerreiro.dev.br\\\/news\\\/2026\\\/03\\\/06\\\/dia-internacional-da-mulher-praia-shopping-reune-mil-atletas-em-treinao-coletivo-4\\\/#respond\"]}]},{\"@type\":\"WebPage\",\"@id\":\"https:\\\/\\\/guerreiro.dev.br\\\/news\\\/2026\\\/03\\\/06\\\/dia-internacional-da-mulher-praia-shopping-reune-mil-atletas-em-treinao-coletivo-4\\\/\",\"url\":\"https:\\\/\\\/guerreiro.dev.br\\\/news\\\/2026\\\/03\\\/06\\\/dia-internacional-da-mulher-praia-shopping-reune-mil-atletas-em-treinao-coletivo-4\\\/\",\"name\":\"Dia Internacional da Mulher: Praia Shopping re\u00fane mil atletas em trein\u00e3o coletivo - Guerreiro News\",\"isPartOf\":{\"@id\":\"https:\\\/\\\/guerreiro.dev.br\\\/news\\\/#website\"},\"datePublished\":\"2026-03-06T15:50:00+00:00\",\"author\":{\"@id\":\"https:\\\/\\\/guerreiro.dev.br\\\/news\\\/#\\\/schema\\\/person\\\/282e053998765cb4795f8e50313a7489\"},\"description\":\"O incentivo \u00e0 pr\u00e1tica de atividades f\u00edsicas e \u00e0 promo\u00e7\u00e3o de h\u00e1bitos saud\u00e1veis volta a mobilizar a Zona Sul de Natal no pr\u00f3ximo dia 7 de mar\u00e7o. Pelo terceiro ano\",\"breadcrumb\":{\"@id\":\"https:\\\/\\\/guerreiro.dev.br\\\/news\\\/2026\\\/03\\\/06\\\/dia-internacional-da-mulher-praia-shopping-reune-mil-atletas-em-treinao-coletivo-4\\\/#breadcrumb\"},\"inLanguage\":\"en-US\",\"potentialAction\":[{\"@type\":\"ReadAction\",\"target\":[\"https:\\\/\\\/guerreiro.dev.br\\\/news\\\/2026\\\/03\\\/06\\\/dia-internacional-da-mulher-praia-shopping-reune-mil-atletas-em-treinao-coletivo-4\\\/\"]}]},{\"@type\":\"BreadcrumbList\",\"@id\":\"https:\\\/\\\/guerreiro.dev.br\\\/news\\\/2026\\\/03\\\/06\\\/dia-internacional-da-mulher-praia-shopping-reune-mil-atletas-em-treinao-coletivo-4\\\/#breadcrumb\",\"itemListElement\":[{\"@type\":\"ListItem\",\"position\":1,\"name\":\"Home\",\"item\":\"https:\\\/\\\/guerreiro.dev.br\\\/news\\\/\"},{\"@type\":\"ListItem\",\"position\":2,\"name\":\"Dia Internacional da Mulher: Praia Shopping re\u00fane mil atletas em trein\u00e3o coletivo\"}]},{\"@type\":\"WebSite\",\"@id\":\"https:\\\/\\\/guerreiro.dev.br\\\/news\\\/#website\",\"url\":\"https:\\\/\\\/guerreiro.dev.br\\\/news\\\/\",\"name\":\"Guerreiro News\",\"description\":\"Guerreiro Dev&#039;s news site\",\"potentialAction\":[{\"@type\":\"SearchAction\",\"target\":{\"@type\":\"EntryPoint\",\"urlTemplate\":\"https:\\\/\\\/guerreiro.dev.br\\\/news\\\/?s={search_term_string}\"},\"query-input\":{\"@type\":\"PropertyValueSpecification\",\"valueRequired\":true,\"valueName\":\"search_term_string\"}}],\"inLanguage\":\"en-US\"},{\"@type\":\"Person\",\"@id\":\"https:\\\/\\\/guerreiro.dev.br\\\/news\\\/#\\\/schema\\\/person\\\/282e053998765cb4795f8e50313a7489\",\"name\":\"admin\",\"image\":{\"@type\":\"ImageObject\",\"inLanguage\":\"en-US\",\"@id\":\"https:\\\/\\\/secure.gravatar.com\\\/avatar\\\/580963dccb0d577f36efe7525df05e0aaf539eabf4172b5968ed214fcb01d281?s=96&d=mm&r=g\",\"url\":\"https:\\\/\\\/secure.gravatar.com\\\/avatar\\\/580963dccb0d577f36efe7525df05e0aaf539eabf4172b5968ed214fcb01d281?s=96&d=mm&r=g\",\"contentUrl\":\"https:\\\/\\\/secure.gravatar.com\\\/avatar\\\/580963dccb0d577f36efe7525df05e0aaf539eabf4172b5968ed214fcb01d281?s=96&d=mm&r=g\",\"caption\":\"admin\"},\"sameAs\":[\"https:\\\/\\\/guerreiro.dev.br\\\/news\"],\"url\":\"https:\\\/\\\/guerreiro.dev.br\\\/news\\\/author\\\/admin\\\/\"}]}<\/script>\n<!-- \/ Yoast SEO plugin. -->","yoast_head_json":{"title":"Dia Internacional da Mulher: Praia Shopping re\u00fane mil atletas em trein\u00e3o coletivo - Guerreiro News","description":"O incentivo \u00e0 pr\u00e1tica de atividades f\u00edsicas e \u00e0 promo\u00e7\u00e3o de h\u00e1bitos saud\u00e1veis volta a mobilizar a Zona Sul de Natal no pr\u00f3ximo dia 7 de mar\u00e7o. Pelo terceiro ano","robots":{"index":"index","follow":"follow","max-snippet":"max-snippet:-1","max-image-preview":"max-image-preview:large","max-video-preview":"max-video-preview:-1"},"canonical":"https:\/\/guerreiro.dev.br\/news\/2026\/03\/06\/dia-internacional-da-mulher-praia-shopping-reune-mil-atletas-em-treinao-coletivo-4\/","og_locale":"en_US","og_type":"article","og_title":"Dia Internacional da Mulher: Praia Shopping re\u00fane mil atletas em trein\u00e3o coletivo - Guerreiro News","og_description":"O incentivo \u00e0 pr\u00e1tica de atividades f\u00edsicas e \u00e0 promo\u00e7\u00e3o de h\u00e1bitos saud\u00e1veis volta a mobilizar a Zona Sul de Natal no pr\u00f3ximo dia 7 de mar\u00e7o. Pelo terceiro ano","og_url":"https:\/\/guerreiro.dev.br\/news\/2026\/03\/06\/dia-internacional-da-mulher-praia-shopping-reune-mil-atletas-em-treinao-coletivo-4\/","og_site_name":"Guerreiro News","article_published_time":"2026-03-06T15:50:00+00:00","author":"admin","twitter_card":"summary_large_image","twitter_misc":{"Written by":"admin","Est. reading time":"3 minutes"},"schema":{"@context":"https:\/\/schema.org","@graph":[{"@type":"Article","@id":"https:\/\/guerreiro.dev.br\/news\/2026\/03\/06\/dia-internacional-da-mulher-praia-shopping-reune-mil-atletas-em-treinao-coletivo-4\/#article","isPartOf":{"@id":"https:\/\/guerreiro.dev.br\/news\/2026\/03\/06\/dia-internacional-da-mulher-praia-shopping-reune-mil-atletas-em-treinao-coletivo-4\/"},"author":{"name":"admin","@id":"https:\/\/guerreiro.dev.br\/news\/#\/schema\/person\/282e053998765cb4795f8e50313a7489"},"headline":"Dia Internacional da Mulher: Praia Shopping re\u00fane mil atletas em trein\u00e3o coletivo","datePublished":"2026-03-06T15:50:00+00:00","mainEntityOfPage":{"@id":"https:\/\/guerreiro.dev.br\/news\/2026\/03\/06\/dia-internacional-da-mulher-praia-shopping-reune-mil-atletas-em-treinao-coletivo-4\/"},"wordCount":575,"commentCount":0,"inLanguage":"en-US","potentialAction":[{"@type":"CommentAction","name":"Comment","target":["https:\/\/guerreiro.dev.br\/news\/2026\/03\/06\/dia-internacional-da-mulher-praia-shopping-reune-mil-atletas-em-treinao-coletivo-4\/#respond"]}]},{"@type":"WebPage","@id":"https:\/\/guerreiro.dev.br\/news\/2026\/03\/06\/dia-internacional-da-mulher-praia-shopping-reune-mil-atletas-em-treinao-coletivo-4\/","url":"https:\/\/guerreiro.dev.br\/news\/2026\/03\/06\/dia-internacional-da-mulher-praia-shopping-reune-mil-atletas-em-treinao-coletivo-4\/","name":"Dia Internacional da Mulher: Praia Shopping re\u00fane mil atletas em trein\u00e3o coletivo - Guerreiro News","isPartOf":{"@id":"https:\/\/guerreiro.dev.br\/news\/#website"},"datePublished":"2026-03-06T15:50:00+00:00","author":{"@id":"https:\/\/guerreiro.dev.br\/news\/#\/schema\/person\/282e053998765cb4795f8e50313a7489"},"description":"O incentivo \u00e0 pr\u00e1tica de atividades f\u00edsicas e \u00e0 promo\u00e7\u00e3o de h\u00e1bitos saud\u00e1veis volta a mobilizar a Zona Sul de Natal no pr\u00f3ximo dia 7 de mar\u00e7o. Pelo terceiro ano","breadcrumb":{"@id":"https:\/\/guerreiro.dev.br\/news\/2026\/03\/06\/dia-internacional-da-mulher-praia-shopping-reune-mil-atletas-em-treinao-coletivo-4\/#breadcrumb"},"inLanguage":"en-US","potentialAction":[{"@type":"ReadAction","target":["https:\/\/guerreiro.dev.br\/news\/2026\/03\/06\/dia-internacional-da-mulher-praia-shopping-reune-mil-atletas-em-treinao-coletivo-4\/"]}]},{"@type":"BreadcrumbList","@id":"https:\/\/guerreiro.dev.br\/news\/2026\/03\/06\/dia-internacional-da-mulher-praia-shopping-reune-mil-atletas-em-treinao-coletivo-4\/#breadcrumb","itemListElement":[{"@type":"ListItem","position":1,"name":"Home","item":"https:\/\/guerreiro.dev.br\/news\/"},{"@type":"ListItem","position":2,"name":"Dia Internacional da Mulher: Praia Shopping re\u00fane mil atletas em trein\u00e3o coletivo"}]},{"@type":"WebSite","@id":"https:\/\/guerreiro.dev.br\/news\/#website","url":"https:\/\/guerreiro.dev.br\/news\/","name":"Guerreiro News","description":"Guerreiro Dev&#039;s news site","potentialAction":[{"@type":"SearchAction","target":{"@type":"EntryPoint","urlTemplate":"https:\/\/guerreiro.dev.br\/news\/?s={search_term_string}"},"query-input":{"@type":"PropertyValueSpecification","valueRequired":true,"valueName":"search_term_string"}}],"inLanguage":"en-US"},{"@type":"Person","@id":"https:\/\/guerreiro.dev.br\/news\/#\/schema\/person\/282e053998765cb4795f8e50313a7489","name":"admin","image":{"@type":"ImageObject","inLanguage":"en-US","@id":"https:\/\/secure.gravatar.com\/avatar\/580963dccb0d577f36efe7525df05e0aaf539eabf4172b5968ed214fcb01d281?s=96&d=mm&r=g","url":"https:\/\/secure.gravatar.com\/avatar\/580963dccb0d577f36efe7525df05e0aaf539eabf4172b5968ed214fcb01d281?s=96&d=mm&r=g","contentUrl":"https:\/\/secure.gravatar.com\/avatar\/580963dccb0d577f36efe7525df05e0aaf539eabf4172b5968ed214fcb01d281?s=96&d=mm&r=g","caption":"admin"},"sameAs":["https:\/\/guerreiro.dev.br\/news"],"url":"https:\/\/guerreiro.dev.br\/news\/author\/admin\/"}]}},"_links":{"self":[{"href":"https:\/\/guerreiro.dev.br\/news\/wp-json\/wp\/v2\/posts\/1315","targetHints":{"allow":["GET"]}}],"collection":[{"href":"https:\/\/guerreiro.dev.br\/news\/wp-json\/wp\/v2\/posts"}],"about":[{"href":"https:\/\/guerreiro.dev.br\/news\/wp-json\/wp\/v2\/types\/post"}],"author":[{"embeddable":true,"href":"https:\/\/guerreiro.dev.br\/news\/wp-json\/wp\/v2\/users\/1"}],"replies":[{"embeddable":true,"href":"https:\/\/guerreiro.dev.br\/news\/wp-json\/wp\/v2\/comments?post=1315"}],"version-history":[{"count":0,"href":"https:\/\/guerreiro.dev.br\/news\/wp-json\/wp\/v2\/posts\/1315\/revisions"}],"wp:attachment":[{"href":"https:\/\/guerreiro.dev.br\/news\/wp-json\/wp\/v2\/media?parent=1315"}],"wp:term":[{"taxonomy":"category","embeddable":true,"href":"https:\/\/guerreiro.dev.br\/news\/wp-json\/wp\/v2\/categories?post=1315"},{"taxonomy":"post_tag","embeddable":true,"href":"https:\/\/guerreiro.dev.br\/news\/wp-json\/wp\/v2\/tags?post=1315"}],"curies":[{"name":"wp","href":"https:\/\/api.w.org\/{rel}","templated":true}]}}