{"id":1399,"date":"2026-03-28T12:28:06","date_gmt":"2026-03-28T12:28:06","guid":{"rendered":"https:\/\/guerreiro.dev.br\/news\/?p=1399"},"modified":"2026-03-28T12:28:06","modified_gmt":"2026-03-28T12:28:06","slug":"3-treinao-coletivo-do-praia-shopping-celebra-dia-internacional-da-mulher-em-natal","status":"publish","type":"post","link":"https:\/\/guerreiro.dev.br\/news\/2026\/03\/28\/3-treinao-coletivo-do-praia-shopping-celebra-dia-internacional-da-mulher-em-natal\/","title":{"rendered":"3\u00ba Trein\u00e3o Coletivo do Praia Shopping celebra Dia Internacional da Mulher em Natal"},"content":{"rendered":"<p><strong>Resumo:<\/strong> O trein\u00e3o-coletivo \u00e9 um evento esportivo realizado pelo Praia Shopping que re\u00fane atletas da capital potiguar em homenagem ao Dia Internacional da Mulher. Podem participar homens e mulheres, com inscri\u00e7\u00f5es por meio das assessorias esportivas. O Praia Shopping serve como ponto de apoio para largada e chegada, promovendo sa\u00fade, inclus\u00e3o e integra\u00e7\u00e3o entre comunidades e marcas envolvidas no segmento.<\/p>\n<ul>\n<li><a href=\"#introducao-e-importancia\">Introdu\u00e7\u00e3o e Import\u00e2ncia<\/a><\/li>\n<li><a href=\"#organizacao-e-participantes\">Organiza\u00e7\u00e3o e Participantes<\/a><\/li>\n<li><a href=\"#programacao-e-atividades\">Programa\u00e7\u00e3o e Atividades<\/a><\/li>\n<li><a href=\"#como-participar\">Como Participar<\/a><\/li>\n<li><a href=\"#servico\">Servi\u00e7o<\/a><\/li>\n<li><a href=\"#key-takeaways\">Principais pontos<\/a><\/li>\n<\/ul>\n<h2 id=\"introducao-e-importancia\">Introdu\u00e7\u00e3o e Import\u00e2ncia<\/h2>\n<p>O incentivo \u00e0 pr\u00e1tica de atividades f\u00edsicas e \u00e0 promo\u00e7\u00e3o de h\u00e1bitos saud\u00e1veis volta a mobilizar a Zona Sul de Natal no pr\u00f3ximo dia 7 de mar\u00e7o. Pelo terceiro ano consecutivo, o Praia Shopping realiza o Trein\u00e3o Coletivo em homenagem ao Dia Internacional da Mulher, reunindo as principais assessorias esportivas da capital potiguar.<\/p>\n<blockquote>\n<p>Com in\u00edcio a partir das 5h, o shopping funcionar\u00e1 como ponto de apoio para largada e chegada dos atletas. Cada assessoria organiza seu pr\u00f3prio percurso e metodologia de treino, enquanto o Praia concentra a estrutura de suporte e integra\u00e7\u00e3o do evento.<\/p>\n<\/blockquote>\n<p>Ap\u00f3s as edi\u00e7\u00f5es de 2024 e 2025, o trein\u00e3o se consolidou no calend\u00e1rio esportivo local e deve reunir cerca de 1.000 atletas nesta edi\u00e7\u00e3o. Apesar de ser realizado em alus\u00e3o ao Dia Internacional da Mulher, o evento \u00e9 aberto tamb\u00e9m ao p\u00fablico masculino, refor\u00e7ando a proposta de inclus\u00e3o e est\u00edmulo \u00e0 vida ativa para todos.<\/p>\n<h2 id=\"organizacao-e-participantes\">Organiza\u00e7\u00e3o e Participantes<\/h2>\n<p>Entre as assessorias j\u00e1 confirmadas est\u00e3o STI, Winner, Cerveira, MG, RP, Start, Bora, David Souza, CTC, Concept, Flow, LM, Amantes de Corrida, M10, F4, Pulse e Bernardo Run, que conduzir\u00e3o seus respectivos grupos durante o percurso. \u201cO trein\u00e3o j\u00e1 virou tradi\u00e7\u00e3o no nosso calend\u00e1rio. \u00c9 um momento que conecta esporte, sa\u00fade e comunidade, al\u00e9m de refor\u00e7ar o compromisso do Praia com iniciativas que promovem qualidade de vida\u201d, afirma a gerente geral do shopping, Danielle Leal.<\/p>\n<p>A a\u00e7\u00e3o \u00e9 realizada pelo Praia Shopping em parceria com a Associa\u00e7\u00e3o das Assessorias Esportivas do RN, com apoio de Humana Sa\u00fade, SESC, Dore, S\u00e3o Braz, P\u00e3o Cadice, HC Cardio, Foco Radical, Grupo Cidade do Sol, Moviecom, Natura, Leve Estacionamento, Salutaris, Zam\u00f4, Col\u00e9gio Monte, Grupo Seg, Grupo GPS, Trend Run, Gold Nutrix e lojistas do mall.<br \/>\nAl\u00e9m do treino coletivo, a programa\u00e7\u00e3o inclui distribui\u00e7\u00e3o de brindes e sorteios entre os participantes. O formato fortalece a integra\u00e7\u00e3o entre atletas, assessorias e marcas ligadas ao segmento de sa\u00fade e bem-estar.<\/p>\n<h2 id=\"programacao-e-atividades\">Programa\u00e7\u00e3o e Atividades<\/h2>\n<blockquote>\n<p>Quem desejar participar deve procurar uma das assessorias esportivas da cidade para obter informa\u00e7\u00f5es sobre inscri\u00e7\u00e3o e organiza\u00e7\u00e3o dos treinos. Ao sediar o evento, o Praia Shopping amplia sua atua\u00e7\u00e3o como ponto de encontro da comunidade e refor\u00e7a o incentivo \u00e0 pr\u00e1tica regular de atividades f\u00edsicas na capital potiguar.<\/p>\n<\/blockquote>\n<h2 id=\"como-participar\">Como Participar<\/h2>\n<div>\n<h3>Passos para participar do trein\u00e3o-coletivo Praia Shopping atletas<\/h3>\n<ol>\n<li>\n<p>Entre em contato com uma das assessorias esportivas participantes da cidade.<\/p>\n<\/li>\n<li>\n<p>Informe-se sobre os detalhes da inscri\u00e7\u00e3o e metodologia de treino espec\u00edfica de cada assessoria.<\/p>\n<\/li>\n<li>\n<p>No dia 7 de mar\u00e7o, compare\u00e7a ao Praia Shopping a partir das 5h para a largada e receba suporte e integra\u00e7\u00e3o oferecidos pelo evento.<\/p>\n<\/li>\n<li>\n<p>Participe do treino coletivo e aproveite as atividades, brindes e sorteios dispon\u00edveis.<\/p>\n<\/li>\n<\/ol>\n<\/div>\n<h2 id=\"servico\">Servi\u00e7o<\/h2>\n<p><strong>Evento:<\/strong> 3\u00ba Trein\u00e3o Coletivo do Praia Shopping \u2013 Dia Internacional da Mulher<br \/><strong>Data:<\/strong> 7 de mar\u00e7o<br \/><strong>Hor\u00e1rio:<\/strong> A partir das 5h<br \/><strong>Local:<\/strong> Praia Shopping \u2013 Ponta Negra \u2013 Natal\/RN<br \/><strong>Participa\u00e7\u00e3o:<\/strong> Inscri\u00e7\u00e3o por meio das assessorias esportivas da cidade<br \/><strong>Programa\u00e7\u00e3o:<\/strong> Treino coletivo com ponto de largada e chegada no mall, brindes e sorteios<\/p>\n<div>\n<p>O Trein\u00e3o Coletivo do Praia Shopping retorna no dia 7 de mar\u00e7o, reunindo atletas e assessorias esportivas de Natal para celebrar o Dia Internacional da Mulher. O evento \u00e9 aberto a todos, promovendo integra\u00e7\u00e3o, sa\u00fade e pr\u00e1tica esportiva com largada e chegada no shopping.<\/p>\n<\/div>\n<h2 id=\"key-takeaways\">Principais pontos<\/h2>\n<ul>\n<li>Trein\u00e3o-coletivo \u00e9 evento anual em Natal promovido pelo Praia Shopping para celebrar o Dia Internacional da Mulher.<\/li>\n<li>Aberto a atletas de ambos os sexos, com inscri\u00e7\u00f5es via assessorias esportivas da cidade.<\/li>\n<li>O Praia Shopping atua como ponto central para largada, chegada, suporte e integra\u00e7\u00e3o.<\/li>\n<li>Evento fomenta sa\u00fade, inclus\u00e3o, comunidade e conecta marcas do segmento esportivo e de bem-estar.<\/li>\n<li>Al\u00e9m do treino, h\u00e1 distribui\u00e7\u00e3o de brindes e sorteios entre os participantes.<\/li>\n<\/ul>\n","protected":false},"excerpt":{"rendered":"<p>Resumo: O trein\u00e3o-coletivo \u00e9 um evento esportivo realizado pelo Praia Shopping que re\u00fane atletas da capital potiguar em homenagem ao Dia Internacional da Mulher. Podem participar homens e mulheres, com inscri\u00e7\u00f5es por meio das assessorias esportivas. O Praia Shopping serve como ponto de apoio para largada e chegada, promovendo sa\u00fade, inclus\u00e3o e integra\u00e7\u00e3o entre comunidades [&hellip;]<\/p>\n","protected":false},"author":1,"featured_media":0,"comment_status":"open","ping_status":"open","sticky":false,"template":"","format":"standard","meta":{"pagelayer_contact_templates":[],"_pagelayer_content":"","footnotes":""},"categories":[211],"tags":[],"class_list":["post-1399","post","type-post","status-publish","format-standard","hentry","category-sem-opcoes"],"yoast_head":"<!-- This site is optimized with the Yoast SEO plugin v27.3 - https:\/\/yoast.com\/product\/yoast-seo-wordpress\/ -->\n<title>3\u00ba Trein\u00e3o Coletivo do Praia Shopping celebra Dia Internacional da Mulher em Natal - Guerreiro News<\/title>\n<meta name=\"description\" content=\"Participe do 3\u00ba Trein\u00e3o Coletivo realizado pelo Praia Shopping em Natal, promovendo sa\u00fade, esporte e inclus\u00e3o no Dia Internacional da Mulher, com apoio das principais assessorias esportivas da cidade.\" \/>\n<meta name=\"robots\" content=\"index, follow, max-snippet:-1, max-image-preview:large, max-video-preview:-1\" \/>\n<link rel=\"canonical\" href=\"https:\/\/guerreiro.dev.br\/news\/2026\/03\/28\/3-treinao-coletivo-do-praia-shopping-celebra-dia-internacional-da-mulher-em-natal\/\" \/>\n<meta property=\"og:locale\" content=\"en_US\" \/>\n<meta property=\"og:type\" content=\"article\" \/>\n<meta property=\"og:title\" content=\"3\u00ba Trein\u00e3o Coletivo do Praia Shopping celebra Dia Internacional da Mulher em Natal - Guerreiro News\" \/>\n<meta property=\"og:description\" content=\"Participe do 3\u00ba Trein\u00e3o Coletivo realizado pelo Praia Shopping em Natal, promovendo sa\u00fade, esporte e inclus\u00e3o no Dia Internacional da Mulher, com apoio das principais assessorias esportivas da cidade.\" \/>\n<meta property=\"og:url\" content=\"https:\/\/guerreiro.dev.br\/news\/2026\/03\/28\/3-treinao-coletivo-do-praia-shopping-celebra-dia-internacional-da-mulher-em-natal\/\" \/>\n<meta property=\"og:site_name\" content=\"Guerreiro News\" \/>\n<meta property=\"article:published_time\" content=\"2026-03-28T12:28:06+00:00\" \/>\n<meta name=\"author\" content=\"admin\" \/>\n<meta name=\"twitter:card\" content=\"summary_large_image\" \/>\n<meta name=\"twitter:label1\" content=\"Written by\" \/>\n\t<meta name=\"twitter:data1\" content=\"admin\" \/>\n\t<meta name=\"twitter:label2\" content=\"Est. reading time\" \/>\n\t<meta name=\"twitter:data2\" content=\"4 minutes\" \/>\n<script type=\"application\/ld+json\" class=\"yoast-schema-graph\">{\"@context\":\"https:\\\/\\\/schema.org\",\"@graph\":[{\"@type\":\"Article\",\"@id\":\"https:\\\/\\\/guerreiro.dev.br\\\/news\\\/2026\\\/03\\\/28\\\/3-treinao-coletivo-do-praia-shopping-celebra-dia-internacional-da-mulher-em-natal\\\/#article\",\"isPartOf\":{\"@id\":\"https:\\\/\\\/guerreiro.dev.br\\\/news\\\/2026\\\/03\\\/28\\\/3-treinao-coletivo-do-praia-shopping-celebra-dia-internacional-da-mulher-em-natal\\\/\"},\"author\":{\"name\":\"admin\",\"@id\":\"https:\\\/\\\/guerreiro.dev.br\\\/news\\\/#\\\/schema\\\/person\\\/282e053998765cb4795f8e50313a7489\"},\"headline\":\"3\u00ba Trein\u00e3o Coletivo do Praia Shopping celebra Dia Internacional da Mulher em Natal\",\"datePublished\":\"2026-03-28T12:28:06+00:00\",\"mainEntityOfPage\":{\"@id\":\"https:\\\/\\\/guerreiro.dev.br\\\/news\\\/2026\\\/03\\\/28\\\/3-treinao-coletivo-do-praia-shopping-celebra-dia-internacional-da-mulher-em-natal\\\/\"},\"wordCount\":766,\"commentCount\":0,\"articleSection\":[\"Sem op\u00e7\u00f5es\"],\"inLanguage\":\"en-US\",\"potentialAction\":[{\"@type\":\"CommentAction\",\"name\":\"Comment\",\"target\":[\"https:\\\/\\\/guerreiro.dev.br\\\/news\\\/2026\\\/03\\\/28\\\/3-treinao-coletivo-do-praia-shopping-celebra-dia-internacional-da-mulher-em-natal\\\/#respond\"]}]},{\"@type\":\"WebPage\",\"@id\":\"https:\\\/\\\/guerreiro.dev.br\\\/news\\\/2026\\\/03\\\/28\\\/3-treinao-coletivo-do-praia-shopping-celebra-dia-internacional-da-mulher-em-natal\\\/\",\"url\":\"https:\\\/\\\/guerreiro.dev.br\\\/news\\\/2026\\\/03\\\/28\\\/3-treinao-coletivo-do-praia-shopping-celebra-dia-internacional-da-mulher-em-natal\\\/\",\"name\":\"3\u00ba Trein\u00e3o Coletivo do Praia Shopping celebra Dia Internacional da Mulher em Natal - Guerreiro News\",\"isPartOf\":{\"@id\":\"https:\\\/\\\/guerreiro.dev.br\\\/news\\\/#website\"},\"datePublished\":\"2026-03-28T12:28:06+00:00\",\"author\":{\"@id\":\"https:\\\/\\\/guerreiro.dev.br\\\/news\\\/#\\\/schema\\\/person\\\/282e053998765cb4795f8e50313a7489\"},\"description\":\"Participe do 3\u00ba Trein\u00e3o Coletivo realizado pelo Praia Shopping em Natal, promovendo sa\u00fade, esporte e inclus\u00e3o no Dia Internacional da Mulher, com apoio das principais assessorias esportivas da cidade.\",\"breadcrumb\":{\"@id\":\"https:\\\/\\\/guerreiro.dev.br\\\/news\\\/2026\\\/03\\\/28\\\/3-treinao-coletivo-do-praia-shopping-celebra-dia-internacional-da-mulher-em-natal\\\/#breadcrumb\"},\"inLanguage\":\"en-US\",\"potentialAction\":[{\"@type\":\"ReadAction\",\"target\":[\"https:\\\/\\\/guerreiro.dev.br\\\/news\\\/2026\\\/03\\\/28\\\/3-treinao-coletivo-do-praia-shopping-celebra-dia-internacional-da-mulher-em-natal\\\/\"]}]},{\"@type\":\"BreadcrumbList\",\"@id\":\"https:\\\/\\\/guerreiro.dev.br\\\/news\\\/2026\\\/03\\\/28\\\/3-treinao-coletivo-do-praia-shopping-celebra-dia-internacional-da-mulher-em-natal\\\/#breadcrumb\",\"itemListElement\":[{\"@type\":\"ListItem\",\"position\":1,\"name\":\"Home\",\"item\":\"https:\\\/\\\/guerreiro.dev.br\\\/news\\\/\"},{\"@type\":\"ListItem\",\"position\":2,\"name\":\"3\u00ba Trein\u00e3o Coletivo do Praia Shopping celebra Dia Internacional da Mulher em Natal\"}]},{\"@type\":\"WebSite\",\"@id\":\"https:\\\/\\\/guerreiro.dev.br\\\/news\\\/#website\",\"url\":\"https:\\\/\\\/guerreiro.dev.br\\\/news\\\/\",\"name\":\"Guerreiro News\",\"description\":\"Guerreiro Dev&#039;s news site\",\"potentialAction\":[{\"@type\":\"SearchAction\",\"target\":{\"@type\":\"EntryPoint\",\"urlTemplate\":\"https:\\\/\\\/guerreiro.dev.br\\\/news\\\/?s={search_term_string}\"},\"query-input\":{\"@type\":\"PropertyValueSpecification\",\"valueRequired\":true,\"valueName\":\"search_term_string\"}}],\"inLanguage\":\"en-US\"},{\"@type\":\"Person\",\"@id\":\"https:\\\/\\\/guerreiro.dev.br\\\/news\\\/#\\\/schema\\\/person\\\/282e053998765cb4795f8e50313a7489\",\"name\":\"admin\",\"image\":{\"@type\":\"ImageObject\",\"inLanguage\":\"en-US\",\"@id\":\"https:\\\/\\\/secure.gravatar.com\\\/avatar\\\/580963dccb0d577f36efe7525df05e0aaf539eabf4172b5968ed214fcb01d281?s=96&d=mm&r=g\",\"url\":\"https:\\\/\\\/secure.gravatar.com\\\/avatar\\\/580963dccb0d577f36efe7525df05e0aaf539eabf4172b5968ed214fcb01d281?s=96&d=mm&r=g\",\"contentUrl\":\"https:\\\/\\\/secure.gravatar.com\\\/avatar\\\/580963dccb0d577f36efe7525df05e0aaf539eabf4172b5968ed214fcb01d281?s=96&d=mm&r=g\",\"caption\":\"admin\"},\"sameAs\":[\"https:\\\/\\\/guerreiro.dev.br\\\/news\"],\"url\":\"https:\\\/\\\/guerreiro.dev.br\\\/news\\\/author\\\/admin\\\/\"}]}<\/script>\n<!-- \/ Yoast SEO plugin. -->","yoast_head_json":{"title":"3\u00ba Trein\u00e3o Coletivo do Praia Shopping celebra Dia Internacional da Mulher em Natal - Guerreiro News","description":"Participe do 3\u00ba Trein\u00e3o Coletivo realizado pelo Praia Shopping em Natal, promovendo sa\u00fade, esporte e inclus\u00e3o no Dia Internacional da Mulher, com apoio das principais assessorias esportivas da cidade.","robots":{"index":"index","follow":"follow","max-snippet":"max-snippet:-1","max-image-preview":"max-image-preview:large","max-video-preview":"max-video-preview:-1"},"canonical":"https:\/\/guerreiro.dev.br\/news\/2026\/03\/28\/3-treinao-coletivo-do-praia-shopping-celebra-dia-internacional-da-mulher-em-natal\/","og_locale":"en_US","og_type":"article","og_title":"3\u00ba Trein\u00e3o Coletivo do Praia Shopping celebra Dia Internacional da Mulher em Natal - Guerreiro News","og_description":"Participe do 3\u00ba Trein\u00e3o Coletivo realizado pelo Praia Shopping em Natal, promovendo sa\u00fade, esporte e inclus\u00e3o no Dia Internacional da Mulher, com apoio das principais assessorias esportivas da cidade.","og_url":"https:\/\/guerreiro.dev.br\/news\/2026\/03\/28\/3-treinao-coletivo-do-praia-shopping-celebra-dia-internacional-da-mulher-em-natal\/","og_site_name":"Guerreiro News","article_published_time":"2026-03-28T12:28:06+00:00","author":"admin","twitter_card":"summary_large_image","twitter_misc":{"Written by":"admin","Est. reading time":"4 minutes"},"schema":{"@context":"https:\/\/schema.org","@graph":[{"@type":"Article","@id":"https:\/\/guerreiro.dev.br\/news\/2026\/03\/28\/3-treinao-coletivo-do-praia-shopping-celebra-dia-internacional-da-mulher-em-natal\/#article","isPartOf":{"@id":"https:\/\/guerreiro.dev.br\/news\/2026\/03\/28\/3-treinao-coletivo-do-praia-shopping-celebra-dia-internacional-da-mulher-em-natal\/"},"author":{"name":"admin","@id":"https:\/\/guerreiro.dev.br\/news\/#\/schema\/person\/282e053998765cb4795f8e50313a7489"},"headline":"3\u00ba Trein\u00e3o Coletivo do Praia Shopping celebra Dia Internacional da Mulher em Natal","datePublished":"2026-03-28T12:28:06+00:00","mainEntityOfPage":{"@id":"https:\/\/guerreiro.dev.br\/news\/2026\/03\/28\/3-treinao-coletivo-do-praia-shopping-celebra-dia-internacional-da-mulher-em-natal\/"},"wordCount":766,"commentCount":0,"articleSection":["Sem op\u00e7\u00f5es"],"inLanguage":"en-US","potentialAction":[{"@type":"CommentAction","name":"Comment","target":["https:\/\/guerreiro.dev.br\/news\/2026\/03\/28\/3-treinao-coletivo-do-praia-shopping-celebra-dia-internacional-da-mulher-em-natal\/#respond"]}]},{"@type":"WebPage","@id":"https:\/\/guerreiro.dev.br\/news\/2026\/03\/28\/3-treinao-coletivo-do-praia-shopping-celebra-dia-internacional-da-mulher-em-natal\/","url":"https:\/\/guerreiro.dev.br\/news\/2026\/03\/28\/3-treinao-coletivo-do-praia-shopping-celebra-dia-internacional-da-mulher-em-natal\/","name":"3\u00ba Trein\u00e3o Coletivo do Praia Shopping celebra Dia Internacional da Mulher em Natal - Guerreiro News","isPartOf":{"@id":"https:\/\/guerreiro.dev.br\/news\/#website"},"datePublished":"2026-03-28T12:28:06+00:00","author":{"@id":"https:\/\/guerreiro.dev.br\/news\/#\/schema\/person\/282e053998765cb4795f8e50313a7489"},"description":"Participe do 3\u00ba Trein\u00e3o Coletivo realizado pelo Praia Shopping em Natal, promovendo sa\u00fade, esporte e inclus\u00e3o no Dia Internacional da Mulher, com apoio das principais assessorias esportivas da cidade.","breadcrumb":{"@id":"https:\/\/guerreiro.dev.br\/news\/2026\/03\/28\/3-treinao-coletivo-do-praia-shopping-celebra-dia-internacional-da-mulher-em-natal\/#breadcrumb"},"inLanguage":"en-US","potentialAction":[{"@type":"ReadAction","target":["https:\/\/guerreiro.dev.br\/news\/2026\/03\/28\/3-treinao-coletivo-do-praia-shopping-celebra-dia-internacional-da-mulher-em-natal\/"]}]},{"@type":"BreadcrumbList","@id":"https:\/\/guerreiro.dev.br\/news\/2026\/03\/28\/3-treinao-coletivo-do-praia-shopping-celebra-dia-internacional-da-mulher-em-natal\/#breadcrumb","itemListElement":[{"@type":"ListItem","position":1,"name":"Home","item":"https:\/\/guerreiro.dev.br\/news\/"},{"@type":"ListItem","position":2,"name":"3\u00ba Trein\u00e3o Coletivo do Praia Shopping celebra Dia Internacional da Mulher em Natal"}]},{"@type":"WebSite","@id":"https:\/\/guerreiro.dev.br\/news\/#website","url":"https:\/\/guerreiro.dev.br\/news\/","name":"Guerreiro News","description":"Guerreiro Dev&#039;s news site","potentialAction":[{"@type":"SearchAction","target":{"@type":"EntryPoint","urlTemplate":"https:\/\/guerreiro.dev.br\/news\/?s={search_term_string}"},"query-input":{"@type":"PropertyValueSpecification","valueRequired":true,"valueName":"search_term_string"}}],"inLanguage":"en-US"},{"@type":"Person","@id":"https:\/\/guerreiro.dev.br\/news\/#\/schema\/person\/282e053998765cb4795f8e50313a7489","name":"admin","image":{"@type":"ImageObject","inLanguage":"en-US","@id":"https:\/\/secure.gravatar.com\/avatar\/580963dccb0d577f36efe7525df05e0aaf539eabf4172b5968ed214fcb01d281?s=96&d=mm&r=g","url":"https:\/\/secure.gravatar.com\/avatar\/580963dccb0d577f36efe7525df05e0aaf539eabf4172b5968ed214fcb01d281?s=96&d=mm&r=g","contentUrl":"https:\/\/secure.gravatar.com\/avatar\/580963dccb0d577f36efe7525df05e0aaf539eabf4172b5968ed214fcb01d281?s=96&d=mm&r=g","caption":"admin"},"sameAs":["https:\/\/guerreiro.dev.br\/news"],"url":"https:\/\/guerreiro.dev.br\/news\/author\/admin\/"}]}},"_links":{"self":[{"href":"https:\/\/guerreiro.dev.br\/news\/wp-json\/wp\/v2\/posts\/1399","targetHints":{"allow":["GET"]}}],"collection":[{"href":"https:\/\/guerreiro.dev.br\/news\/wp-json\/wp\/v2\/posts"}],"about":[{"href":"https:\/\/guerreiro.dev.br\/news\/wp-json\/wp\/v2\/types\/post"}],"author":[{"embeddable":true,"href":"https:\/\/guerreiro.dev.br\/news\/wp-json\/wp\/v2\/users\/1"}],"replies":[{"embeddable":true,"href":"https:\/\/guerreiro.dev.br\/news\/wp-json\/wp\/v2\/comments?post=1399"}],"version-history":[{"count":1,"href":"https:\/\/guerreiro.dev.br\/news\/wp-json\/wp\/v2\/posts\/1399\/revisions"}],"predecessor-version":[{"id":1668,"href":"https:\/\/guerreiro.dev.br\/news\/wp-json\/wp\/v2\/posts\/1399\/revisions\/1668"}],"wp:attachment":[{"href":"https:\/\/guerreiro.dev.br\/news\/wp-json\/wp\/v2\/media?parent=1399"}],"wp:term":[{"taxonomy":"category","embeddable":true,"href":"https:\/\/guerreiro.dev.br\/news\/wp-json\/wp\/v2\/categories?post=1399"},{"taxonomy":"post_tag","embeddable":true,"href":"https:\/\/guerreiro.dev.br\/news\/wp-json\/wp\/v2\/tags?post=1399"}],"curies":[{"name":"wp","href":"https:\/\/api.w.org\/{rel}","templated":true}]}}