{"id":1517,"date":"2026-03-17T21:13:21","date_gmt":"2026-03-17T21:13:21","guid":{"rendered":"https:\/\/guerreiro.dev.br\/news\/2026\/03\/17\/israel-and-iran-escalate-tensions-amid-regional-instability-and\/"},"modified":"2026-03-17T23:22:26","modified_gmt":"2026-03-17T23:22:26","slug":"israel-and-iran-escalate-tensions-amid-regional-instability-and","status":"publish","type":"post","link":"https:\/\/guerreiro.dev.br\/news\/2026\/03\/17\/israel-and-iran-escalate-tensions-amid-regional-instability-and\/","title":{"rendered":"Israel and Iran Escalate Tensions Amid Regional Instability and International Reactions"},"content":{"rendered":"<p>  <title>Israel and Iran Escalate Tensions Amid Regional Instability and International Reactions<\/title><\/p>\n<article>\n<p>O conflito no Oriente M\u00e9dio intensificou-se nesta ter\u00e7a-feira (17), com Israel e Ir\u00e3 trocando ataques em meio a uma guerra que j\u00e1 dura tr\u00eas semanas. As for\u00e7as israelenses alertaram sua popula\u00e7\u00e3o ap\u00f3s o lan\u00e7amento de m\u00edsseis do Ir\u00e3, enquanto o Ir\u00e3 confirmou a morte de Gholam Reza Soleimani, comandante das for\u00e7as Basij, em um ataque israelense. Israel tamb\u00e9m alegou ter eliminado Ali Larijani, outra figura importante do regime iraniano, embora Teer\u00e3 n\u00e3o tenha confirmado essa informa\u00e7\u00e3o.<\/p>\n<p>Os ataques n\u00e3o se limitaram a Israel e Ir\u00e3. M\u00edsseis e drones explosivos atingiram a embaixada dos EUA em Bagd\u00e1, Iraque, sem relatos imediatos de v\u00edtimas. Al\u00e9m disso, sirenes foram ativadas no norte de Israel devido a disparos de foguetes do Hezbollah, grupo extremista baseado no L\u00edbano.<\/p>\n<p>O presidente dos Estados Unidos, Donald Trump, afirmou que o pa\u00eds n\u00e3o necessita de ajuda externa na guerra contra o Ir\u00e3, criticando a OTAN por n\u00e3o apoiar os EUA na reabertura do Estreito de Ormuz. Trump tamb\u00e9m confirmou que a viagem \u00e0 China foi adiada para daqui a cinco semanas.<\/p>\n<p>No L\u00edbano, o n\u00famero de mortos devido aos bombardeios israelenses subiu para 912, com mais de 2.200 feridos. Entre as v\u00edtimas, h\u00e1 mulheres, crian\u00e7as e profissionais de sa\u00fade. O conflito recome\u00e7ou ap\u00f3s o rompimento de um cessar-fogo entre Israel e o Hezbollah.<\/p>\n<p>O presidente franc\u00eas Emmanuel Macron descartou qualquer participa\u00e7\u00e3o da Fran\u00e7a em opera\u00e7\u00f5es para desbloquear o Estreito de Ormuz. Enquanto isso, o primeiro-ministro israelense, Benjamin Netanyahu, reafirmou a morte de Ali Larijani e defendeu as a\u00e7\u00f5es de Israel como uma tentativa de enfraquecer o regime iraniano.<\/p>\n<p>O governo iraniano convocou manifesta\u00e7\u00f5es em todo o pa\u00eds contra as a\u00e7\u00f5es dos EUA e de Israel. O l\u00edder supremo do Ir\u00e3, Motjaba Khamenei, incentivou a popula\u00e7\u00e3o a protestar contra o que chamou de agress\u00e3o sionista-americana.<\/p>\n<p><strong>Fonte:<\/strong><a href=\"https:\/\/g1.globo.com\/mundo\/ao-vivo\/eua-ataque-ira.ghtml\" target=\"_blank\" rel=\"noopener noreferrer\">https:\/\/g1.globo.com\/mundo\/ao-vivo\/eua-ataque-ira.ghtml<\/a><\/p>\n<\/article>\n","protected":false},"excerpt":{"rendered":"<p>Israel and Iran have escalated their confrontations, causing regional instability, international alerts, and diplomatic responses as violence spreads across the Middle East.<\/p>\n","protected":false},"author":1,"featured_media":1518,"comment_status":"open","ping_status":"open","sticky":false,"template":"","format":"standard","meta":{"pagelayer_contact_templates":[],"_pagelayer_content":"","footnotes":""},"categories":[324],"tags":[903,904,905],"class_list":["post-1517","post","type-post","status-publish","format-standard","has-post-thumbnail","hentry","category-internacional","tag-israel-iran-conflict","tag-middle-east-tensions","tag-regional-instability"],"yoast_head":"<!-- This site is optimized with the Yoast SEO plugin v27.3 - https:\/\/yoast.com\/product\/yoast-seo-wordpress\/ -->\n<title>Israel and Iran Escalate Tensions Amid Regional Instability and International Reactions - Guerreiro News<\/title>\n<meta name=\"description\" content=\"Israel and Iran have escalated their confrontations, causing regional instability, international alerts, and diplomatic responses as violence spreads across the Middle East.\" \/>\n<meta name=\"robots\" content=\"index, follow, max-snippet:-1, max-image-preview:large, max-video-preview:-1\" \/>\n<link rel=\"canonical\" href=\"https:\/\/guerreiro.dev.br\/news\/2026\/03\/17\/israel-and-iran-escalate-tensions-amid-regional-instability-and\/\" \/>\n<meta property=\"og:locale\" content=\"en_US\" \/>\n<meta property=\"og:type\" content=\"article\" \/>\n<meta property=\"og:title\" content=\"Israel and Iran Escalate Tensions Amid Regional Instability and International Reactions - Guerreiro News\" \/>\n<meta property=\"og:description\" content=\"Israel and Iran have escalated their confrontations, causing regional instability, international alerts, and diplomatic responses as violence spreads across the Middle East.\" \/>\n<meta property=\"og:url\" content=\"https:\/\/guerreiro.dev.br\/news\/2026\/03\/17\/israel-and-iran-escalate-tensions-amid-regional-instability-and\/\" \/>\n<meta property=\"og:site_name\" content=\"Guerreiro News\" \/>\n<meta property=\"article:published_time\" content=\"2026-03-17T21:13:21+00:00\" \/>\n<meta property=\"article:modified_time\" content=\"2026-03-17T23:22:26+00:00\" \/>\n<meta property=\"og:image\" content=\"https:\/\/guerreiro.dev.br\/news\/wp-content\/uploads\/2026\/03\/airticles-cover-69b9c3f186ab5.webp\" \/>\n\t<meta property=\"og:image:width\" content=\"1344\" \/>\n\t<meta property=\"og:image:height\" content=\"768\" \/>\n\t<meta property=\"og:image:type\" content=\"image\/webp\" \/>\n<meta name=\"author\" content=\"admin\" \/>\n<meta name=\"twitter:card\" content=\"summary_large_image\" \/>\n<meta name=\"twitter:label1\" content=\"Written by\" \/>\n\t<meta name=\"twitter:data1\" content=\"admin\" \/>\n\t<meta name=\"twitter:label2\" content=\"Est. reading time\" \/>\n\t<meta name=\"twitter:data2\" content=\"2 minutes\" \/>\n<script type=\"application\/ld+json\" class=\"yoast-schema-graph\">{\"@context\":\"https:\\\/\\\/schema.org\",\"@graph\":[{\"@type\":\"Article\",\"@id\":\"https:\\\/\\\/guerreiro.dev.br\\\/news\\\/2026\\\/03\\\/17\\\/israel-and-iran-escalate-tensions-amid-regional-instability-and\\\/#article\",\"isPartOf\":{\"@id\":\"https:\\\/\\\/guerreiro.dev.br\\\/news\\\/2026\\\/03\\\/17\\\/israel-and-iran-escalate-tensions-amid-regional-instability-and\\\/\"},\"author\":{\"name\":\"admin\",\"@id\":\"https:\\\/\\\/guerreiro.dev.br\\\/news\\\/#\\\/schema\\\/person\\\/282e053998765cb4795f8e50313a7489\"},\"headline\":\"Israel and Iran Escalate Tensions Amid Regional Instability and International Reactions\",\"datePublished\":\"2026-03-17T21:13:21+00:00\",\"dateModified\":\"2026-03-17T23:22:26+00:00\",\"mainEntityOfPage\":{\"@id\":\"https:\\\/\\\/guerreiro.dev.br\\\/news\\\/2026\\\/03\\\/17\\\/israel-and-iran-escalate-tensions-amid-regional-instability-and\\\/\"},\"wordCount\":362,\"commentCount\":0,\"image\":{\"@id\":\"https:\\\/\\\/guerreiro.dev.br\\\/news\\\/2026\\\/03\\\/17\\\/israel-and-iran-escalate-tensions-amid-regional-instability-and\\\/#primaryimage\"},\"thumbnailUrl\":\"https:\\\/\\\/guerreiro.dev.br\\\/news\\\/wp-content\\\/uploads\\\/2026\\\/03\\\/airticles-cover-69b9c3f186ab5.webp\",\"keywords\":[\"Israel Iran conflict\",\"Middle East tensions\",\"regional instability\"],\"articleSection\":[\"Internacional\"],\"inLanguage\":\"en-US\",\"potentialAction\":[{\"@type\":\"CommentAction\",\"name\":\"Comment\",\"target\":[\"https:\\\/\\\/guerreiro.dev.br\\\/news\\\/2026\\\/03\\\/17\\\/israel-and-iran-escalate-tensions-amid-regional-instability-and\\\/#respond\"]}]},{\"@type\":\"WebPage\",\"@id\":\"https:\\\/\\\/guerreiro.dev.br\\\/news\\\/2026\\\/03\\\/17\\\/israel-and-iran-escalate-tensions-amid-regional-instability-and\\\/\",\"url\":\"https:\\\/\\\/guerreiro.dev.br\\\/news\\\/2026\\\/03\\\/17\\\/israel-and-iran-escalate-tensions-amid-regional-instability-and\\\/\",\"name\":\"Israel and Iran Escalate Tensions Amid Regional Instability and International Reactions - Guerreiro News\",\"isPartOf\":{\"@id\":\"https:\\\/\\\/guerreiro.dev.br\\\/news\\\/#website\"},\"primaryImageOfPage\":{\"@id\":\"https:\\\/\\\/guerreiro.dev.br\\\/news\\\/2026\\\/03\\\/17\\\/israel-and-iran-escalate-tensions-amid-regional-instability-and\\\/#primaryimage\"},\"image\":{\"@id\":\"https:\\\/\\\/guerreiro.dev.br\\\/news\\\/2026\\\/03\\\/17\\\/israel-and-iran-escalate-tensions-amid-regional-instability-and\\\/#primaryimage\"},\"thumbnailUrl\":\"https:\\\/\\\/guerreiro.dev.br\\\/news\\\/wp-content\\\/uploads\\\/2026\\\/03\\\/airticles-cover-69b9c3f186ab5.webp\",\"datePublished\":\"2026-03-17T21:13:21+00:00\",\"dateModified\":\"2026-03-17T23:22:26+00:00\",\"author\":{\"@id\":\"https:\\\/\\\/guerreiro.dev.br\\\/news\\\/#\\\/schema\\\/person\\\/282e053998765cb4795f8e50313a7489\"},\"description\":\"Israel and Iran have escalated their confrontations, causing regional instability, international alerts, and diplomatic responses as violence spreads across the Middle East.\",\"breadcrumb\":{\"@id\":\"https:\\\/\\\/guerreiro.dev.br\\\/news\\\/2026\\\/03\\\/17\\\/israel-and-iran-escalate-tensions-amid-regional-instability-and\\\/#breadcrumb\"},\"inLanguage\":\"en-US\",\"potentialAction\":[{\"@type\":\"ReadAction\",\"target\":[\"https:\\\/\\\/guerreiro.dev.br\\\/news\\\/2026\\\/03\\\/17\\\/israel-and-iran-escalate-tensions-amid-regional-instability-and\\\/\"]}]},{\"@type\":\"ImageObject\",\"inLanguage\":\"en-US\",\"@id\":\"https:\\\/\\\/guerreiro.dev.br\\\/news\\\/2026\\\/03\\\/17\\\/israel-and-iran-escalate-tensions-amid-regional-instability-and\\\/#primaryimage\",\"url\":\"https:\\\/\\\/guerreiro.dev.br\\\/news\\\/wp-content\\\/uploads\\\/2026\\\/03\\\/airticles-cover-69b9c3f186ab5.webp\",\"contentUrl\":\"https:\\\/\\\/guerreiro.dev.br\\\/news\\\/wp-content\\\/uploads\\\/2026\\\/03\\\/airticles-cover-69b9c3f186ab5.webp\",\"width\":1344,\"height\":768},{\"@type\":\"BreadcrumbList\",\"@id\":\"https:\\\/\\\/guerreiro.dev.br\\\/news\\\/2026\\\/03\\\/17\\\/israel-and-iran-escalate-tensions-amid-regional-instability-and\\\/#breadcrumb\",\"itemListElement\":[{\"@type\":\"ListItem\",\"position\":1,\"name\":\"Home\",\"item\":\"https:\\\/\\\/guerreiro.dev.br\\\/news\\\/\"},{\"@type\":\"ListItem\",\"position\":2,\"name\":\"Israel and Iran Escalate Tensions Amid Regional Instability and International Reactions\"}]},{\"@type\":\"WebSite\",\"@id\":\"https:\\\/\\\/guerreiro.dev.br\\\/news\\\/#website\",\"url\":\"https:\\\/\\\/guerreiro.dev.br\\\/news\\\/\",\"name\":\"Guerreiro News\",\"description\":\"Guerreiro Dev&#039;s news site\",\"potentialAction\":[{\"@type\":\"SearchAction\",\"target\":{\"@type\":\"EntryPoint\",\"urlTemplate\":\"https:\\\/\\\/guerreiro.dev.br\\\/news\\\/?s={search_term_string}\"},\"query-input\":{\"@type\":\"PropertyValueSpecification\",\"valueRequired\":true,\"valueName\":\"search_term_string\"}}],\"inLanguage\":\"en-US\"},{\"@type\":\"Person\",\"@id\":\"https:\\\/\\\/guerreiro.dev.br\\\/news\\\/#\\\/schema\\\/person\\\/282e053998765cb4795f8e50313a7489\",\"name\":\"admin\",\"image\":{\"@type\":\"ImageObject\",\"inLanguage\":\"en-US\",\"@id\":\"https:\\\/\\\/secure.gravatar.com\\\/avatar\\\/580963dccb0d577f36efe7525df05e0aaf539eabf4172b5968ed214fcb01d281?s=96&d=mm&r=g\",\"url\":\"https:\\\/\\\/secure.gravatar.com\\\/avatar\\\/580963dccb0d577f36efe7525df05e0aaf539eabf4172b5968ed214fcb01d281?s=96&d=mm&r=g\",\"contentUrl\":\"https:\\\/\\\/secure.gravatar.com\\\/avatar\\\/580963dccb0d577f36efe7525df05e0aaf539eabf4172b5968ed214fcb01d281?s=96&d=mm&r=g\",\"caption\":\"admin\"},\"sameAs\":[\"https:\\\/\\\/guerreiro.dev.br\\\/news\"],\"url\":\"https:\\\/\\\/guerreiro.dev.br\\\/news\\\/author\\\/admin\\\/\"}]}<\/script>\n<!-- \/ Yoast SEO plugin. -->","yoast_head_json":{"title":"Israel and Iran Escalate Tensions Amid Regional Instability and International Reactions - Guerreiro News","description":"Israel and Iran have escalated their confrontations, causing regional instability, international alerts, and diplomatic responses as violence spreads across the Middle East.","robots":{"index":"index","follow":"follow","max-snippet":"max-snippet:-1","max-image-preview":"max-image-preview:large","max-video-preview":"max-video-preview:-1"},"canonical":"https:\/\/guerreiro.dev.br\/news\/2026\/03\/17\/israel-and-iran-escalate-tensions-amid-regional-instability-and\/","og_locale":"en_US","og_type":"article","og_title":"Israel and Iran Escalate Tensions Amid Regional Instability and International Reactions - Guerreiro News","og_description":"Israel and Iran have escalated their confrontations, causing regional instability, international alerts, and diplomatic responses as violence spreads across the Middle East.","og_url":"https:\/\/guerreiro.dev.br\/news\/2026\/03\/17\/israel-and-iran-escalate-tensions-amid-regional-instability-and\/","og_site_name":"Guerreiro News","article_published_time":"2026-03-17T21:13:21+00:00","article_modified_time":"2026-03-17T23:22:26+00:00","og_image":[{"width":1344,"height":768,"url":"https:\/\/guerreiro.dev.br\/news\/wp-content\/uploads\/2026\/03\/airticles-cover-69b9c3f186ab5.webp","type":"image\/webp"}],"author":"admin","twitter_card":"summary_large_image","twitter_misc":{"Written by":"admin","Est. reading time":"2 minutes"},"schema":{"@context":"https:\/\/schema.org","@graph":[{"@type":"Article","@id":"https:\/\/guerreiro.dev.br\/news\/2026\/03\/17\/israel-and-iran-escalate-tensions-amid-regional-instability-and\/#article","isPartOf":{"@id":"https:\/\/guerreiro.dev.br\/news\/2026\/03\/17\/israel-and-iran-escalate-tensions-amid-regional-instability-and\/"},"author":{"name":"admin","@id":"https:\/\/guerreiro.dev.br\/news\/#\/schema\/person\/282e053998765cb4795f8e50313a7489"},"headline":"Israel and Iran Escalate Tensions Amid Regional Instability and International Reactions","datePublished":"2026-03-17T21:13:21+00:00","dateModified":"2026-03-17T23:22:26+00:00","mainEntityOfPage":{"@id":"https:\/\/guerreiro.dev.br\/news\/2026\/03\/17\/israel-and-iran-escalate-tensions-amid-regional-instability-and\/"},"wordCount":362,"commentCount":0,"image":{"@id":"https:\/\/guerreiro.dev.br\/news\/2026\/03\/17\/israel-and-iran-escalate-tensions-amid-regional-instability-and\/#primaryimage"},"thumbnailUrl":"https:\/\/guerreiro.dev.br\/news\/wp-content\/uploads\/2026\/03\/airticles-cover-69b9c3f186ab5.webp","keywords":["Israel Iran conflict","Middle East tensions","regional instability"],"articleSection":["Internacional"],"inLanguage":"en-US","potentialAction":[{"@type":"CommentAction","name":"Comment","target":["https:\/\/guerreiro.dev.br\/news\/2026\/03\/17\/israel-and-iran-escalate-tensions-amid-regional-instability-and\/#respond"]}]},{"@type":"WebPage","@id":"https:\/\/guerreiro.dev.br\/news\/2026\/03\/17\/israel-and-iran-escalate-tensions-amid-regional-instability-and\/","url":"https:\/\/guerreiro.dev.br\/news\/2026\/03\/17\/israel-and-iran-escalate-tensions-amid-regional-instability-and\/","name":"Israel and Iran Escalate Tensions Amid Regional Instability and International Reactions - Guerreiro News","isPartOf":{"@id":"https:\/\/guerreiro.dev.br\/news\/#website"},"primaryImageOfPage":{"@id":"https:\/\/guerreiro.dev.br\/news\/2026\/03\/17\/israel-and-iran-escalate-tensions-amid-regional-instability-and\/#primaryimage"},"image":{"@id":"https:\/\/guerreiro.dev.br\/news\/2026\/03\/17\/israel-and-iran-escalate-tensions-amid-regional-instability-and\/#primaryimage"},"thumbnailUrl":"https:\/\/guerreiro.dev.br\/news\/wp-content\/uploads\/2026\/03\/airticles-cover-69b9c3f186ab5.webp","datePublished":"2026-03-17T21:13:21+00:00","dateModified":"2026-03-17T23:22:26+00:00","author":{"@id":"https:\/\/guerreiro.dev.br\/news\/#\/schema\/person\/282e053998765cb4795f8e50313a7489"},"description":"Israel and Iran have escalated their confrontations, causing regional instability, international alerts, and diplomatic responses as violence spreads across the Middle East.","breadcrumb":{"@id":"https:\/\/guerreiro.dev.br\/news\/2026\/03\/17\/israel-and-iran-escalate-tensions-amid-regional-instability-and\/#breadcrumb"},"inLanguage":"en-US","potentialAction":[{"@type":"ReadAction","target":["https:\/\/guerreiro.dev.br\/news\/2026\/03\/17\/israel-and-iran-escalate-tensions-amid-regional-instability-and\/"]}]},{"@type":"ImageObject","inLanguage":"en-US","@id":"https:\/\/guerreiro.dev.br\/news\/2026\/03\/17\/israel-and-iran-escalate-tensions-amid-regional-instability-and\/#primaryimage","url":"https:\/\/guerreiro.dev.br\/news\/wp-content\/uploads\/2026\/03\/airticles-cover-69b9c3f186ab5.webp","contentUrl":"https:\/\/guerreiro.dev.br\/news\/wp-content\/uploads\/2026\/03\/airticles-cover-69b9c3f186ab5.webp","width":1344,"height":768},{"@type":"BreadcrumbList","@id":"https:\/\/guerreiro.dev.br\/news\/2026\/03\/17\/israel-and-iran-escalate-tensions-amid-regional-instability-and\/#breadcrumb","itemListElement":[{"@type":"ListItem","position":1,"name":"Home","item":"https:\/\/guerreiro.dev.br\/news\/"},{"@type":"ListItem","position":2,"name":"Israel and Iran Escalate Tensions Amid Regional Instability and International Reactions"}]},{"@type":"WebSite","@id":"https:\/\/guerreiro.dev.br\/news\/#website","url":"https:\/\/guerreiro.dev.br\/news\/","name":"Guerreiro News","description":"Guerreiro Dev&#039;s news site","potentialAction":[{"@type":"SearchAction","target":{"@type":"EntryPoint","urlTemplate":"https:\/\/guerreiro.dev.br\/news\/?s={search_term_string}"},"query-input":{"@type":"PropertyValueSpecification","valueRequired":true,"valueName":"search_term_string"}}],"inLanguage":"en-US"},{"@type":"Person","@id":"https:\/\/guerreiro.dev.br\/news\/#\/schema\/person\/282e053998765cb4795f8e50313a7489","name":"admin","image":{"@type":"ImageObject","inLanguage":"en-US","@id":"https:\/\/secure.gravatar.com\/avatar\/580963dccb0d577f36efe7525df05e0aaf539eabf4172b5968ed214fcb01d281?s=96&d=mm&r=g","url":"https:\/\/secure.gravatar.com\/avatar\/580963dccb0d577f36efe7525df05e0aaf539eabf4172b5968ed214fcb01d281?s=96&d=mm&r=g","contentUrl":"https:\/\/secure.gravatar.com\/avatar\/580963dccb0d577f36efe7525df05e0aaf539eabf4172b5968ed214fcb01d281?s=96&d=mm&r=g","caption":"admin"},"sameAs":["https:\/\/guerreiro.dev.br\/news"],"url":"https:\/\/guerreiro.dev.br\/news\/author\/admin\/"}]}},"_links":{"self":[{"href":"https:\/\/guerreiro.dev.br\/news\/wp-json\/wp\/v2\/posts\/1517","targetHints":{"allow":["GET"]}}],"collection":[{"href":"https:\/\/guerreiro.dev.br\/news\/wp-json\/wp\/v2\/posts"}],"about":[{"href":"https:\/\/guerreiro.dev.br\/news\/wp-json\/wp\/v2\/types\/post"}],"author":[{"embeddable":true,"href":"https:\/\/guerreiro.dev.br\/news\/wp-json\/wp\/v2\/users\/1"}],"replies":[{"embeddable":true,"href":"https:\/\/guerreiro.dev.br\/news\/wp-json\/wp\/v2\/comments?post=1517"}],"version-history":[{"count":2,"href":"https:\/\/guerreiro.dev.br\/news\/wp-json\/wp\/v2\/posts\/1517\/revisions"}],"predecessor-version":[{"id":1530,"href":"https:\/\/guerreiro.dev.br\/news\/wp-json\/wp\/v2\/posts\/1517\/revisions\/1530"}],"wp:featuredmedia":[{"embeddable":true,"href":"https:\/\/guerreiro.dev.br\/news\/wp-json\/wp\/v2\/media\/1518"}],"wp:attachment":[{"href":"https:\/\/guerreiro.dev.br\/news\/wp-json\/wp\/v2\/media?parent=1517"}],"wp:term":[{"taxonomy":"category","embeddable":true,"href":"https:\/\/guerreiro.dev.br\/news\/wp-json\/wp\/v2\/categories?post=1517"},{"taxonomy":"post_tag","embeddable":true,"href":"https:\/\/guerreiro.dev.br\/news\/wp-json\/wp\/v2\/tags?post=1517"}],"curies":[{"name":"wp","href":"https:\/\/api.w.org\/{rel}","templated":true}]}}