{"id":1548,"date":"2026-03-19T18:09:33","date_gmt":"2026-03-19T18:09:33","guid":{"rendered":"https:\/\/guerreiro.dev.br\/news\/2026\/03\/19\/venezuelanos-buscam-refugio-em-acampamentos-na-fronteira-bra\/"},"modified":"2026-03-19T21:08:53","modified_gmt":"2026-03-19T21:08:53","slug":"venezuelanos-buscam-refugio-em-acampamentos-na-fronteira-bra","status":"publish","type":"post","link":"https:\/\/guerreiro.dev.br\/news\/2026\/03\/19\/venezuelanos-buscam-refugio-em-acampamentos-na-fronteira-bra\/","title":{"rendered":"Venezuelanos Buscam Ref\u00fagio em Acampamentos na Fronteira Brasileira"},"content":{"rendered":"<p>  <title>Venezuelanos Buscam Ref\u00fagio em Acampamentos na Fronteira Brasileira<\/title><\/p>\n<article>\n<p>Na cidade de Pacaraima, em Roraima, dezenas de fam\u00edlias venezuelanas encontram-se vivendo em condi\u00e7\u00f5es prec\u00e1rias \u00e0s margens da rodovia BR-174, que conecta o Brasil \u00e0 Venezuela. Sem recursos financeiros, esses imigrantes improvisam abrigos com lonas e outros materiais, enfrentando temperaturas noturnas que chegam a 16\u00ba C.<\/p>\n<p>Ang\u00e9lia Aguilera, de 18 anos, chegou ao Brasil h\u00e1 um m\u00eas com seu marido e filho. A fam\u00edlia, que veio de Maturin, busca melhores condi\u00e7\u00f5es de vida, j\u00e1 que na Venezuela enfrentavam escassez de alimentos e medicamentos. &#8220;Aqui, pelo menos, temos comida&#8221;, relata Ang\u00e9lia, cujo marido tenta ganhar a vida vendendo caf\u00e9 nas ruas.<\/p>\n<p>Luiz Sere\u00f1o, de 20 anos, tamb\u00e9m fugiu da crise venezuelana e agora vive em uma barraca improvisada decorada com bandeiras brasileiras, em sinal de agradecimento ao pa\u00eds que o acolheu. Trabalhando como lavador de carros, ele envia dinheiro para sua filha que ficou na Venezuela.<\/p>\n<p>Nos primeiros seis meses de 2018, mais de 16 mil venezuelanos solicitaram ref\u00fagio em Roraima, superando em 20% o total de 2017. Estima-se que cerca de 416 venezuelanos cruzam a fronteira diariamente. Em Boa Vista, a capital do estado, 25 mil venezuelanos representam 7,5% da popula\u00e7\u00e3o, com 65% deles desempregados.<\/p>\n<p>O governo brasileiro, atrav\u00e9s da For\u00e7a A\u00e9rea, tem transportado imigrantes para outras cidades do pa\u00eds, como parte de um programa de interioriza\u00e7\u00e3o. At\u00e9 agora, 820 venezuelanos foram realocados para diversas capitais brasileiras.<\/p>\n<p><strong>Fonte:<\/strong><a href=\"https:\/\/g1.globo.com\/rr\/roraima\/noticia\/2018\/07\/26\/sem-dinheiro-venezuelanos-acampam-as-margens-de-rodovia-na-fronteira-do-brasil-aqui-pelo-menos-temos-comida.ghtml\" target=\"_blank\" rel=\"noopener noreferrer\">https:\/\/g1.globo.com\/rr\/roraima\/noticia\/2018\/07\/26\/sem-dinheiro-venezuelanos-acampam-as-margens-de-rodovia-na-fronteira-do-brasil-aqui-pelo-menos-temos-comida.ghtml<\/a><\/p>\n<\/article>\n","protected":false},"excerpt":{"rendered":"<p>imigra\u00e7\u00e3o venezuelana &#8211; Na cidade de Pacaraima, em Roraima, dezenas de fam\u00edlias venezuelanas encontram-se vivendo em condi\u00e7\u00f5es prec\u00e1rias \u00e0s margens.<\/p>\n","protected":false},"author":1,"featured_media":0,"comment_status":"open","ping_status":"open","sticky":false,"template":"","format":"standard","meta":{"pagelayer_contact_templates":[],"_pagelayer_content":"","footnotes":""},"categories":[3],"tags":[917,915,916],"class_list":["post-1548","post","type-post","status-publish","format-standard","hentry","category-agency","tag-crise-humanitaria","tag-imigracao-venezuelana","tag-refugio-em-roraima"],"yoast_head":"<!-- This site is optimized with the Yoast SEO plugin v27.3 - https:\/\/yoast.com\/product\/yoast-seo-wordpress\/ -->\n<title>Venezuelanos Buscam Ref\u00fagio em Acampamentos na Fronteira Brasileira - Guerreiro News<\/title>\n<meta name=\"description\" content=\"imigra\u00e7\u00e3o venezuelana - Na cidade de Pacaraima, em Roraima, dezenas de fam\u00edlias venezuelanas encontram-se vivendo em condi\u00e7\u00f5es prec\u00e1rias \u00e0s margens.\" \/>\n<meta name=\"robots\" content=\"index, follow, max-snippet:-1, max-image-preview:large, max-video-preview:-1\" \/>\n<link rel=\"canonical\" href=\"https:\/\/guerreiro.dev.br\/news\/2026\/03\/19\/venezuelanos-buscam-refugio-em-acampamentos-na-fronteira-bra\/\" \/>\n<meta property=\"og:locale\" content=\"en_US\" \/>\n<meta property=\"og:type\" content=\"article\" \/>\n<meta property=\"og:title\" content=\"Venezuelanos Buscam Ref\u00fagio em Acampamentos na Fronteira Brasileira - Guerreiro News\" \/>\n<meta property=\"og:description\" content=\"imigra\u00e7\u00e3o venezuelana - Na cidade de Pacaraima, em Roraima, dezenas de fam\u00edlias venezuelanas encontram-se vivendo em condi\u00e7\u00f5es prec\u00e1rias \u00e0s margens.\" \/>\n<meta property=\"og:url\" content=\"https:\/\/guerreiro.dev.br\/news\/2026\/03\/19\/venezuelanos-buscam-refugio-em-acampamentos-na-fronteira-bra\/\" \/>\n<meta property=\"og:site_name\" content=\"Guerreiro News\" \/>\n<meta property=\"article:published_time\" content=\"2026-03-19T18:09:33+00:00\" \/>\n<meta property=\"article:modified_time\" content=\"2026-03-19T21:08:53+00:00\" \/>\n<meta name=\"author\" content=\"admin\" \/>\n<meta name=\"twitter:card\" content=\"summary_large_image\" \/>\n<meta name=\"twitter:label1\" content=\"Written by\" \/>\n\t<meta name=\"twitter:data1\" content=\"admin\" \/>\n\t<meta name=\"twitter:label2\" content=\"Est. reading time\" \/>\n\t<meta name=\"twitter:data2\" content=\"1 minute\" \/>\n<script type=\"application\/ld+json\" class=\"yoast-schema-graph\">{\"@context\":\"https:\\\/\\\/schema.org\",\"@graph\":[{\"@type\":\"Article\",\"@id\":\"https:\\\/\\\/guerreiro.dev.br\\\/news\\\/2026\\\/03\\\/19\\\/venezuelanos-buscam-refugio-em-acampamentos-na-fronteira-bra\\\/#article\",\"isPartOf\":{\"@id\":\"https:\\\/\\\/guerreiro.dev.br\\\/news\\\/2026\\\/03\\\/19\\\/venezuelanos-buscam-refugio-em-acampamentos-na-fronteira-bra\\\/\"},\"author\":{\"name\":\"admin\",\"@id\":\"https:\\\/\\\/guerreiro.dev.br\\\/news\\\/#\\\/schema\\\/person\\\/282e053998765cb4795f8e50313a7489\"},\"headline\":\"Venezuelanos Buscam Ref\u00fagio em Acampamentos na Fronteira Brasileira\",\"datePublished\":\"2026-03-19T18:09:33+00:00\",\"dateModified\":\"2026-03-19T21:08:53+00:00\",\"mainEntityOfPage\":{\"@id\":\"https:\\\/\\\/guerreiro.dev.br\\\/news\\\/2026\\\/03\\\/19\\\/venezuelanos-buscam-refugio-em-acampamentos-na-fronteira-bra\\\/\"},\"wordCount\":260,\"commentCount\":0,\"keywords\":[\"crise humanit\u00e1ria\",\"imigra\u00e7\u00e3o venezuelana\",\"ref\u00fagio em Roraima\"],\"articleSection\":[\"Agency\"],\"inLanguage\":\"en-US\",\"potentialAction\":[{\"@type\":\"CommentAction\",\"name\":\"Comment\",\"target\":[\"https:\\\/\\\/guerreiro.dev.br\\\/news\\\/2026\\\/03\\\/19\\\/venezuelanos-buscam-refugio-em-acampamentos-na-fronteira-bra\\\/#respond\"]}]},{\"@type\":\"WebPage\",\"@id\":\"https:\\\/\\\/guerreiro.dev.br\\\/news\\\/2026\\\/03\\\/19\\\/venezuelanos-buscam-refugio-em-acampamentos-na-fronteira-bra\\\/\",\"url\":\"https:\\\/\\\/guerreiro.dev.br\\\/news\\\/2026\\\/03\\\/19\\\/venezuelanos-buscam-refugio-em-acampamentos-na-fronteira-bra\\\/\",\"name\":\"Venezuelanos Buscam Ref\u00fagio em Acampamentos na Fronteira Brasileira - Guerreiro News\",\"isPartOf\":{\"@id\":\"https:\\\/\\\/guerreiro.dev.br\\\/news\\\/#website\"},\"datePublished\":\"2026-03-19T18:09:33+00:00\",\"dateModified\":\"2026-03-19T21:08:53+00:00\",\"author\":{\"@id\":\"https:\\\/\\\/guerreiro.dev.br\\\/news\\\/#\\\/schema\\\/person\\\/282e053998765cb4795f8e50313a7489\"},\"description\":\"imigra\u00e7\u00e3o venezuelana - Na cidade de Pacaraima, em Roraima, dezenas de fam\u00edlias venezuelanas encontram-se vivendo em condi\u00e7\u00f5es prec\u00e1rias \u00e0s margens.\",\"breadcrumb\":{\"@id\":\"https:\\\/\\\/guerreiro.dev.br\\\/news\\\/2026\\\/03\\\/19\\\/venezuelanos-buscam-refugio-em-acampamentos-na-fronteira-bra\\\/#breadcrumb\"},\"inLanguage\":\"en-US\",\"potentialAction\":[{\"@type\":\"ReadAction\",\"target\":[\"https:\\\/\\\/guerreiro.dev.br\\\/news\\\/2026\\\/03\\\/19\\\/venezuelanos-buscam-refugio-em-acampamentos-na-fronteira-bra\\\/\"]}]},{\"@type\":\"BreadcrumbList\",\"@id\":\"https:\\\/\\\/guerreiro.dev.br\\\/news\\\/2026\\\/03\\\/19\\\/venezuelanos-buscam-refugio-em-acampamentos-na-fronteira-bra\\\/#breadcrumb\",\"itemListElement\":[{\"@type\":\"ListItem\",\"position\":1,\"name\":\"Home\",\"item\":\"https:\\\/\\\/guerreiro.dev.br\\\/news\\\/\"},{\"@type\":\"ListItem\",\"position\":2,\"name\":\"Venezuelanos Buscam Ref\u00fagio em Acampamentos na Fronteira Brasileira\"}]},{\"@type\":\"WebSite\",\"@id\":\"https:\\\/\\\/guerreiro.dev.br\\\/news\\\/#website\",\"url\":\"https:\\\/\\\/guerreiro.dev.br\\\/news\\\/\",\"name\":\"Guerreiro News\",\"description\":\"Guerreiro Dev&#039;s news site\",\"potentialAction\":[{\"@type\":\"SearchAction\",\"target\":{\"@type\":\"EntryPoint\",\"urlTemplate\":\"https:\\\/\\\/guerreiro.dev.br\\\/news\\\/?s={search_term_string}\"},\"query-input\":{\"@type\":\"PropertyValueSpecification\",\"valueRequired\":true,\"valueName\":\"search_term_string\"}}],\"inLanguage\":\"en-US\"},{\"@type\":\"Person\",\"@id\":\"https:\\\/\\\/guerreiro.dev.br\\\/news\\\/#\\\/schema\\\/person\\\/282e053998765cb4795f8e50313a7489\",\"name\":\"admin\",\"image\":{\"@type\":\"ImageObject\",\"inLanguage\":\"en-US\",\"@id\":\"https:\\\/\\\/secure.gravatar.com\\\/avatar\\\/580963dccb0d577f36efe7525df05e0aaf539eabf4172b5968ed214fcb01d281?s=96&d=mm&r=g\",\"url\":\"https:\\\/\\\/secure.gravatar.com\\\/avatar\\\/580963dccb0d577f36efe7525df05e0aaf539eabf4172b5968ed214fcb01d281?s=96&d=mm&r=g\",\"contentUrl\":\"https:\\\/\\\/secure.gravatar.com\\\/avatar\\\/580963dccb0d577f36efe7525df05e0aaf539eabf4172b5968ed214fcb01d281?s=96&d=mm&r=g\",\"caption\":\"admin\"},\"sameAs\":[\"https:\\\/\\\/guerreiro.dev.br\\\/news\"],\"url\":\"https:\\\/\\\/guerreiro.dev.br\\\/news\\\/author\\\/admin\\\/\"}]}<\/script>\n<!-- \/ Yoast SEO plugin. -->","yoast_head_json":{"title":"Venezuelanos Buscam Ref\u00fagio em Acampamentos na Fronteira Brasileira - Guerreiro News","description":"imigra\u00e7\u00e3o venezuelana - Na cidade de Pacaraima, em Roraima, dezenas de fam\u00edlias venezuelanas encontram-se vivendo em condi\u00e7\u00f5es prec\u00e1rias \u00e0s margens.","robots":{"index":"index","follow":"follow","max-snippet":"max-snippet:-1","max-image-preview":"max-image-preview:large","max-video-preview":"max-video-preview:-1"},"canonical":"https:\/\/guerreiro.dev.br\/news\/2026\/03\/19\/venezuelanos-buscam-refugio-em-acampamentos-na-fronteira-bra\/","og_locale":"en_US","og_type":"article","og_title":"Venezuelanos Buscam Ref\u00fagio em Acampamentos na Fronteira Brasileira - Guerreiro News","og_description":"imigra\u00e7\u00e3o venezuelana - Na cidade de Pacaraima, em Roraima, dezenas de fam\u00edlias venezuelanas encontram-se vivendo em condi\u00e7\u00f5es prec\u00e1rias \u00e0s margens.","og_url":"https:\/\/guerreiro.dev.br\/news\/2026\/03\/19\/venezuelanos-buscam-refugio-em-acampamentos-na-fronteira-bra\/","og_site_name":"Guerreiro News","article_published_time":"2026-03-19T18:09:33+00:00","article_modified_time":"2026-03-19T21:08:53+00:00","author":"admin","twitter_card":"summary_large_image","twitter_misc":{"Written by":"admin","Est. reading time":"1 minute"},"schema":{"@context":"https:\/\/schema.org","@graph":[{"@type":"Article","@id":"https:\/\/guerreiro.dev.br\/news\/2026\/03\/19\/venezuelanos-buscam-refugio-em-acampamentos-na-fronteira-bra\/#article","isPartOf":{"@id":"https:\/\/guerreiro.dev.br\/news\/2026\/03\/19\/venezuelanos-buscam-refugio-em-acampamentos-na-fronteira-bra\/"},"author":{"name":"admin","@id":"https:\/\/guerreiro.dev.br\/news\/#\/schema\/person\/282e053998765cb4795f8e50313a7489"},"headline":"Venezuelanos Buscam Ref\u00fagio em Acampamentos na Fronteira Brasileira","datePublished":"2026-03-19T18:09:33+00:00","dateModified":"2026-03-19T21:08:53+00:00","mainEntityOfPage":{"@id":"https:\/\/guerreiro.dev.br\/news\/2026\/03\/19\/venezuelanos-buscam-refugio-em-acampamentos-na-fronteira-bra\/"},"wordCount":260,"commentCount":0,"keywords":["crise humanit\u00e1ria","imigra\u00e7\u00e3o venezuelana","ref\u00fagio em Roraima"],"articleSection":["Agency"],"inLanguage":"en-US","potentialAction":[{"@type":"CommentAction","name":"Comment","target":["https:\/\/guerreiro.dev.br\/news\/2026\/03\/19\/venezuelanos-buscam-refugio-em-acampamentos-na-fronteira-bra\/#respond"]}]},{"@type":"WebPage","@id":"https:\/\/guerreiro.dev.br\/news\/2026\/03\/19\/venezuelanos-buscam-refugio-em-acampamentos-na-fronteira-bra\/","url":"https:\/\/guerreiro.dev.br\/news\/2026\/03\/19\/venezuelanos-buscam-refugio-em-acampamentos-na-fronteira-bra\/","name":"Venezuelanos Buscam Ref\u00fagio em Acampamentos na Fronteira Brasileira - Guerreiro News","isPartOf":{"@id":"https:\/\/guerreiro.dev.br\/news\/#website"},"datePublished":"2026-03-19T18:09:33+00:00","dateModified":"2026-03-19T21:08:53+00:00","author":{"@id":"https:\/\/guerreiro.dev.br\/news\/#\/schema\/person\/282e053998765cb4795f8e50313a7489"},"description":"imigra\u00e7\u00e3o venezuelana - Na cidade de Pacaraima, em Roraima, dezenas de fam\u00edlias venezuelanas encontram-se vivendo em condi\u00e7\u00f5es prec\u00e1rias \u00e0s margens.","breadcrumb":{"@id":"https:\/\/guerreiro.dev.br\/news\/2026\/03\/19\/venezuelanos-buscam-refugio-em-acampamentos-na-fronteira-bra\/#breadcrumb"},"inLanguage":"en-US","potentialAction":[{"@type":"ReadAction","target":["https:\/\/guerreiro.dev.br\/news\/2026\/03\/19\/venezuelanos-buscam-refugio-em-acampamentos-na-fronteira-bra\/"]}]},{"@type":"BreadcrumbList","@id":"https:\/\/guerreiro.dev.br\/news\/2026\/03\/19\/venezuelanos-buscam-refugio-em-acampamentos-na-fronteira-bra\/#breadcrumb","itemListElement":[{"@type":"ListItem","position":1,"name":"Home","item":"https:\/\/guerreiro.dev.br\/news\/"},{"@type":"ListItem","position":2,"name":"Venezuelanos Buscam Ref\u00fagio em Acampamentos na Fronteira Brasileira"}]},{"@type":"WebSite","@id":"https:\/\/guerreiro.dev.br\/news\/#website","url":"https:\/\/guerreiro.dev.br\/news\/","name":"Guerreiro News","description":"Guerreiro Dev&#039;s news site","potentialAction":[{"@type":"SearchAction","target":{"@type":"EntryPoint","urlTemplate":"https:\/\/guerreiro.dev.br\/news\/?s={search_term_string}"},"query-input":{"@type":"PropertyValueSpecification","valueRequired":true,"valueName":"search_term_string"}}],"inLanguage":"en-US"},{"@type":"Person","@id":"https:\/\/guerreiro.dev.br\/news\/#\/schema\/person\/282e053998765cb4795f8e50313a7489","name":"admin","image":{"@type":"ImageObject","inLanguage":"en-US","@id":"https:\/\/secure.gravatar.com\/avatar\/580963dccb0d577f36efe7525df05e0aaf539eabf4172b5968ed214fcb01d281?s=96&d=mm&r=g","url":"https:\/\/secure.gravatar.com\/avatar\/580963dccb0d577f36efe7525df05e0aaf539eabf4172b5968ed214fcb01d281?s=96&d=mm&r=g","contentUrl":"https:\/\/secure.gravatar.com\/avatar\/580963dccb0d577f36efe7525df05e0aaf539eabf4172b5968ed214fcb01d281?s=96&d=mm&r=g","caption":"admin"},"sameAs":["https:\/\/guerreiro.dev.br\/news"],"url":"https:\/\/guerreiro.dev.br\/news\/author\/admin\/"}]}},"_links":{"self":[{"href":"https:\/\/guerreiro.dev.br\/news\/wp-json\/wp\/v2\/posts\/1548","targetHints":{"allow":["GET"]}}],"collection":[{"href":"https:\/\/guerreiro.dev.br\/news\/wp-json\/wp\/v2\/posts"}],"about":[{"href":"https:\/\/guerreiro.dev.br\/news\/wp-json\/wp\/v2\/types\/post"}],"author":[{"embeddable":true,"href":"https:\/\/guerreiro.dev.br\/news\/wp-json\/wp\/v2\/users\/1"}],"replies":[{"embeddable":true,"href":"https:\/\/guerreiro.dev.br\/news\/wp-json\/wp\/v2\/comments?post=1548"}],"version-history":[{"count":3,"href":"https:\/\/guerreiro.dev.br\/news\/wp-json\/wp\/v2\/posts\/1548\/revisions"}],"predecessor-version":[{"id":1552,"href":"https:\/\/guerreiro.dev.br\/news\/wp-json\/wp\/v2\/posts\/1548\/revisions\/1552"}],"wp:attachment":[{"href":"https:\/\/guerreiro.dev.br\/news\/wp-json\/wp\/v2\/media?parent=1548"}],"wp:term":[{"taxonomy":"category","embeddable":true,"href":"https:\/\/guerreiro.dev.br\/news\/wp-json\/wp\/v2\/categories?post=1548"},{"taxonomy":"post_tag","embeddable":true,"href":"https:\/\/guerreiro.dev.br\/news\/wp-json\/wp\/v2\/tags?post=1548"}],"curies":[{"name":"wp","href":"https:\/\/api.w.org\/{rel}","templated":true}]}}