{"id":1584,"date":"2026-03-20T00:38:22","date_gmt":"2026-03-20T00:38:22","guid":{"rendered":"https:\/\/guerreiro.dev.br\/news\/2026\/03\/20\/campanha-de-vacinacao-infantil-contra-sarampo-inicia-no-amap\/"},"modified":"2026-03-20T00:38:22","modified_gmt":"2026-03-20T00:38:22","slug":"campanha-de-vacinacao-infantil-contra-sarampo-inicia-no-amap","status":"publish","type":"post","link":"https:\/\/guerreiro.dev.br\/news\/2026\/03\/20\/campanha-de-vacinacao-infantil-contra-sarampo-inicia-no-amap\/","title":{"rendered":"Campanha de Vacina\u00e7\u00e3o Infantil contra Sarampo Inicia no Amap\u00e1 em Agosto"},"content":{"rendered":"<p>Devido ao aumento de casos de sarampo na regi\u00e3o Norte do Brasil, o Minist\u00e9rio da Sa\u00fade anunciou uma campanha de vacina\u00e7\u00e3o no Amap\u00e1, que ocorrer\u00e1 de 6 a 31 de agosto. O objetivo \u00e9 imunizar 95% das crian\u00e7as entre um e cinco anos de idade. Para isso, mais de 140 mil doses foram enviadas ao estado, com 70 mil destinadas a Macap\u00e1.<\/p>\n<p>O retorno do sarampo, que n\u00e3o era registrado no pa\u00eds desde 2014, gerou apreens\u00e3o entre os pais. M\u00e1rcia Galv\u00e3o, uma m\u00e3e preocupada, levou sua filha Ana Let\u00edcia a uma Unidade B\u00e1sica de Sa\u00fade para garantir a imuniza\u00e7\u00e3o. &#8220;\u00c9 essencial vacinar, especialmente contra o sarampo&#8221;, afirmou M\u00e1rcia.<\/p>\n<p>Com a dissemina\u00e7\u00e3o de informa\u00e7\u00f5es incorretas nas redes sociais, o Minist\u00e9rio da Sa\u00fade esclareceu que a vacina contra o sarampo n\u00e3o precisa ser atualizada se j\u00e1 foi tomada. Para aqueles que n\u00e3o t\u00eam certeza sobre a vacina\u00e7\u00e3o anterior, \u00e9 recomendado tomar a dose novamente, pois n\u00e3o h\u00e1 riscos \u00e0 sa\u00fade.<\/p>\n<p>A vacina Tr\u00edplice Viral, que tamb\u00e9m protege contra rub\u00e9ola e caxumba, est\u00e1 dispon\u00edvel durante todo o ano na rede p\u00fablica. A Tetra Viral, que inclui prote\u00e7\u00e3o contra varicela, \u00e9 outra op\u00e7\u00e3o. Crian\u00e7as devem receber duas doses, com intervalo de um a dois meses, sendo a primeira entre 12 e 15 meses de idade.<\/p>\n<p>Segundo Jorsette Cantu\u00e1ria, coordenadora de imuniza\u00e7\u00e3o de Macap\u00e1, a campanha \u00e9 voltada exclusivamente para crian\u00e7as na faixa et\u00e1ria definida, independentemente de j\u00e1 terem sido vacinadas anteriormente. N\u00e3o h\u00e1 campanha espec\u00edfica para adultos, que devem seguir o calend\u00e1rio nacional de vacina\u00e7\u00e3o.<\/p>\n<p><strong>Fonte:<\/strong><a href=\"https:\/\/g1.globo.com\/ap\/amapa\/noticia\/2018\/07\/23\/com-surto-na-regiao-norte-campanha-contra-o-sarampo-no-ap-comeca-em-agosto.ghtml\" target=\"_blank\" rel=\"noopener noreferrer\">https:\/\/g1.globo.com\/ap\/amapa\/noticia\/2018\/07\/23\/com-surto-na-regiao-norte-campanha-contra-o-sarampo-no-ap-comeca-em-agosto.ghtml<\/a><\/p>\n","protected":false},"excerpt":{"rendered":"<p>Devido ao aumento de casos de sarampo na regi\u00e3o Norte do Brasil, o Minist\u00e9rio da Sa\u00fade anunciou uma campanha de vacina\u00e7\u00e3o no Amap\u00e1, que ocorrer\u00e1 de 6 a 31 de agosto. O objetivo \u00e9 imunizar 95% das crian\u00e7as entre um e cinco anos de idade. Para isso, mais de 140 mil doses foram enviadas ao [&hellip;]<\/p>\n","protected":false},"author":1,"featured_media":0,"comment_status":"open","ping_status":"open","sticky":false,"template":"","format":"standard","meta":{"pagelayer_contact_templates":[],"_pagelayer_content":"","footnotes":""},"categories":[3],"tags":[932,933,934],"class_list":["post-1584","post","type-post","status-publish","format-standard","hentry","category-agency","tag-campanha-de-vacinacao","tag-sarampo-amapa","tag-vacina-triplice-viral"],"yoast_head":"<!-- This site is optimized with the Yoast SEO plugin v27.3 - https:\/\/yoast.com\/product\/yoast-seo-wordpress\/ -->\n<title>Campanha de Vacina\u00e7\u00e3o Infantil contra Sarampo Inicia no Amap\u00e1 em Agosto - Guerreiro News<\/title>\n<meta name=\"description\" content=\"Devido ao aumento de casos de sarampo na regi\u00e3o Norte do Brasil, o Minist\u00e9rio da Sa\u00fade anunciou uma campanha de vacina\u00e7\u00e3o no Amap\u00e1, que ocorrer\u00e1 de 6.\" \/>\n<meta name=\"robots\" content=\"index, follow, max-snippet:-1, max-image-preview:large, max-video-preview:-1\" \/>\n<link rel=\"canonical\" href=\"https:\/\/guerreiro.dev.br\/news\/2026\/03\/20\/campanha-de-vacinacao-infantil-contra-sarampo-inicia-no-amap\/\" \/>\n<meta property=\"og:locale\" content=\"en_US\" \/>\n<meta property=\"og:type\" content=\"article\" \/>\n<meta property=\"og:title\" content=\"Campanha de Vacina\u00e7\u00e3o Infantil contra Sarampo Inicia no Amap\u00e1 em Agosto - Guerreiro News\" \/>\n<meta property=\"og:description\" content=\"Devido ao aumento de casos de sarampo na regi\u00e3o Norte do Brasil, o Minist\u00e9rio da Sa\u00fade anunciou uma campanha de vacina\u00e7\u00e3o no Amap\u00e1, que ocorrer\u00e1 de 6.\" \/>\n<meta property=\"og:url\" content=\"https:\/\/guerreiro.dev.br\/news\/2026\/03\/20\/campanha-de-vacinacao-infantil-contra-sarampo-inicia-no-amap\/\" \/>\n<meta property=\"og:site_name\" content=\"Guerreiro News\" \/>\n<meta property=\"article:published_time\" content=\"2026-03-20T00:38:22+00:00\" \/>\n<meta name=\"author\" content=\"admin\" \/>\n<meta name=\"twitter:card\" content=\"summary_large_image\" \/>\n<meta name=\"twitter:label1\" content=\"Written by\" \/>\n\t<meta name=\"twitter:data1\" content=\"admin\" \/>\n\t<meta name=\"twitter:label2\" content=\"Est. reading time\" \/>\n\t<meta name=\"twitter:data2\" content=\"1 minute\" \/>\n<script type=\"application\/ld+json\" class=\"yoast-schema-graph\">{\"@context\":\"https:\\\/\\\/schema.org\",\"@graph\":[{\"@type\":\"Article\",\"@id\":\"https:\\\/\\\/guerreiro.dev.br\\\/news\\\/2026\\\/03\\\/20\\\/campanha-de-vacinacao-infantil-contra-sarampo-inicia-no-amap\\\/#article\",\"isPartOf\":{\"@id\":\"https:\\\/\\\/guerreiro.dev.br\\\/news\\\/2026\\\/03\\\/20\\\/campanha-de-vacinacao-infantil-contra-sarampo-inicia-no-amap\\\/\"},\"author\":{\"name\":\"admin\",\"@id\":\"https:\\\/\\\/guerreiro.dev.br\\\/news\\\/#\\\/schema\\\/person\\\/282e053998765cb4795f8e50313a7489\"},\"headline\":\"Campanha de Vacina\u00e7\u00e3o Infantil contra Sarampo Inicia no Amap\u00e1 em Agosto\",\"datePublished\":\"2026-03-20T00:38:22+00:00\",\"mainEntityOfPage\":{\"@id\":\"https:\\\/\\\/guerreiro.dev.br\\\/news\\\/2026\\\/03\\\/20\\\/campanha-de-vacinacao-infantil-contra-sarampo-inicia-no-amap\\\/\"},\"wordCount\":301,\"commentCount\":0,\"keywords\":[\"campanha de vacina\u00e7\u00e3o\",\"sarampo Amap\u00e1\",\"vacina Tr\u00edplice Viral\"],\"articleSection\":[\"Agency\"],\"inLanguage\":\"en-US\",\"potentialAction\":[{\"@type\":\"CommentAction\",\"name\":\"Comment\",\"target\":[\"https:\\\/\\\/guerreiro.dev.br\\\/news\\\/2026\\\/03\\\/20\\\/campanha-de-vacinacao-infantil-contra-sarampo-inicia-no-amap\\\/#respond\"]}]},{\"@type\":\"WebPage\",\"@id\":\"https:\\\/\\\/guerreiro.dev.br\\\/news\\\/2026\\\/03\\\/20\\\/campanha-de-vacinacao-infantil-contra-sarampo-inicia-no-amap\\\/\",\"url\":\"https:\\\/\\\/guerreiro.dev.br\\\/news\\\/2026\\\/03\\\/20\\\/campanha-de-vacinacao-infantil-contra-sarampo-inicia-no-amap\\\/\",\"name\":\"Campanha de Vacina\u00e7\u00e3o Infantil contra Sarampo Inicia no Amap\u00e1 em Agosto - Guerreiro News\",\"isPartOf\":{\"@id\":\"https:\\\/\\\/guerreiro.dev.br\\\/news\\\/#website\"},\"datePublished\":\"2026-03-20T00:38:22+00:00\",\"author\":{\"@id\":\"https:\\\/\\\/guerreiro.dev.br\\\/news\\\/#\\\/schema\\\/person\\\/282e053998765cb4795f8e50313a7489\"},\"description\":\"Devido ao aumento de casos de sarampo na regi\u00e3o Norte do Brasil, o Minist\u00e9rio da Sa\u00fade anunciou uma campanha de vacina\u00e7\u00e3o no Amap\u00e1, que ocorrer\u00e1 de 6.\",\"breadcrumb\":{\"@id\":\"https:\\\/\\\/guerreiro.dev.br\\\/news\\\/2026\\\/03\\\/20\\\/campanha-de-vacinacao-infantil-contra-sarampo-inicia-no-amap\\\/#breadcrumb\"},\"inLanguage\":\"en-US\",\"potentialAction\":[{\"@type\":\"ReadAction\",\"target\":[\"https:\\\/\\\/guerreiro.dev.br\\\/news\\\/2026\\\/03\\\/20\\\/campanha-de-vacinacao-infantil-contra-sarampo-inicia-no-amap\\\/\"]}]},{\"@type\":\"BreadcrumbList\",\"@id\":\"https:\\\/\\\/guerreiro.dev.br\\\/news\\\/2026\\\/03\\\/20\\\/campanha-de-vacinacao-infantil-contra-sarampo-inicia-no-amap\\\/#breadcrumb\",\"itemListElement\":[{\"@type\":\"ListItem\",\"position\":1,\"name\":\"Home\",\"item\":\"https:\\\/\\\/guerreiro.dev.br\\\/news\\\/\"},{\"@type\":\"ListItem\",\"position\":2,\"name\":\"Campanha de Vacina\u00e7\u00e3o Infantil contra Sarampo Inicia no Amap\u00e1 em Agosto\"}]},{\"@type\":\"WebSite\",\"@id\":\"https:\\\/\\\/guerreiro.dev.br\\\/news\\\/#website\",\"url\":\"https:\\\/\\\/guerreiro.dev.br\\\/news\\\/\",\"name\":\"Guerreiro News\",\"description\":\"Guerreiro Dev&#039;s news site\",\"potentialAction\":[{\"@type\":\"SearchAction\",\"target\":{\"@type\":\"EntryPoint\",\"urlTemplate\":\"https:\\\/\\\/guerreiro.dev.br\\\/news\\\/?s={search_term_string}\"},\"query-input\":{\"@type\":\"PropertyValueSpecification\",\"valueRequired\":true,\"valueName\":\"search_term_string\"}}],\"inLanguage\":\"en-US\"},{\"@type\":\"Person\",\"@id\":\"https:\\\/\\\/guerreiro.dev.br\\\/news\\\/#\\\/schema\\\/person\\\/282e053998765cb4795f8e50313a7489\",\"name\":\"admin\",\"image\":{\"@type\":\"ImageObject\",\"inLanguage\":\"en-US\",\"@id\":\"https:\\\/\\\/secure.gravatar.com\\\/avatar\\\/580963dccb0d577f36efe7525df05e0aaf539eabf4172b5968ed214fcb01d281?s=96&d=mm&r=g\",\"url\":\"https:\\\/\\\/secure.gravatar.com\\\/avatar\\\/580963dccb0d577f36efe7525df05e0aaf539eabf4172b5968ed214fcb01d281?s=96&d=mm&r=g\",\"contentUrl\":\"https:\\\/\\\/secure.gravatar.com\\\/avatar\\\/580963dccb0d577f36efe7525df05e0aaf539eabf4172b5968ed214fcb01d281?s=96&d=mm&r=g\",\"caption\":\"admin\"},\"sameAs\":[\"https:\\\/\\\/guerreiro.dev.br\\\/news\"],\"url\":\"https:\\\/\\\/guerreiro.dev.br\\\/news\\\/author\\\/admin\\\/\"}]}<\/script>\n<!-- \/ Yoast SEO plugin. -->","yoast_head_json":{"title":"Campanha de Vacina\u00e7\u00e3o Infantil contra Sarampo Inicia no Amap\u00e1 em Agosto - Guerreiro News","description":"Devido ao aumento de casos de sarampo na regi\u00e3o Norte do Brasil, o Minist\u00e9rio da Sa\u00fade anunciou uma campanha de vacina\u00e7\u00e3o no Amap\u00e1, que ocorrer\u00e1 de 6.","robots":{"index":"index","follow":"follow","max-snippet":"max-snippet:-1","max-image-preview":"max-image-preview:large","max-video-preview":"max-video-preview:-1"},"canonical":"https:\/\/guerreiro.dev.br\/news\/2026\/03\/20\/campanha-de-vacinacao-infantil-contra-sarampo-inicia-no-amap\/","og_locale":"en_US","og_type":"article","og_title":"Campanha de Vacina\u00e7\u00e3o Infantil contra Sarampo Inicia no Amap\u00e1 em Agosto - Guerreiro News","og_description":"Devido ao aumento de casos de sarampo na regi\u00e3o Norte do Brasil, o Minist\u00e9rio da Sa\u00fade anunciou uma campanha de vacina\u00e7\u00e3o no Amap\u00e1, que ocorrer\u00e1 de 6.","og_url":"https:\/\/guerreiro.dev.br\/news\/2026\/03\/20\/campanha-de-vacinacao-infantil-contra-sarampo-inicia-no-amap\/","og_site_name":"Guerreiro News","article_published_time":"2026-03-20T00:38:22+00:00","author":"admin","twitter_card":"summary_large_image","twitter_misc":{"Written by":"admin","Est. reading time":"1 minute"},"schema":{"@context":"https:\/\/schema.org","@graph":[{"@type":"Article","@id":"https:\/\/guerreiro.dev.br\/news\/2026\/03\/20\/campanha-de-vacinacao-infantil-contra-sarampo-inicia-no-amap\/#article","isPartOf":{"@id":"https:\/\/guerreiro.dev.br\/news\/2026\/03\/20\/campanha-de-vacinacao-infantil-contra-sarampo-inicia-no-amap\/"},"author":{"name":"admin","@id":"https:\/\/guerreiro.dev.br\/news\/#\/schema\/person\/282e053998765cb4795f8e50313a7489"},"headline":"Campanha de Vacina\u00e7\u00e3o Infantil contra Sarampo Inicia no Amap\u00e1 em Agosto","datePublished":"2026-03-20T00:38:22+00:00","mainEntityOfPage":{"@id":"https:\/\/guerreiro.dev.br\/news\/2026\/03\/20\/campanha-de-vacinacao-infantil-contra-sarampo-inicia-no-amap\/"},"wordCount":301,"commentCount":0,"keywords":["campanha de vacina\u00e7\u00e3o","sarampo Amap\u00e1","vacina Tr\u00edplice Viral"],"articleSection":["Agency"],"inLanguage":"en-US","potentialAction":[{"@type":"CommentAction","name":"Comment","target":["https:\/\/guerreiro.dev.br\/news\/2026\/03\/20\/campanha-de-vacinacao-infantil-contra-sarampo-inicia-no-amap\/#respond"]}]},{"@type":"WebPage","@id":"https:\/\/guerreiro.dev.br\/news\/2026\/03\/20\/campanha-de-vacinacao-infantil-contra-sarampo-inicia-no-amap\/","url":"https:\/\/guerreiro.dev.br\/news\/2026\/03\/20\/campanha-de-vacinacao-infantil-contra-sarampo-inicia-no-amap\/","name":"Campanha de Vacina\u00e7\u00e3o Infantil contra Sarampo Inicia no Amap\u00e1 em Agosto - Guerreiro News","isPartOf":{"@id":"https:\/\/guerreiro.dev.br\/news\/#website"},"datePublished":"2026-03-20T00:38:22+00:00","author":{"@id":"https:\/\/guerreiro.dev.br\/news\/#\/schema\/person\/282e053998765cb4795f8e50313a7489"},"description":"Devido ao aumento de casos de sarampo na regi\u00e3o Norte do Brasil, o Minist\u00e9rio da Sa\u00fade anunciou uma campanha de vacina\u00e7\u00e3o no Amap\u00e1, que ocorrer\u00e1 de 6.","breadcrumb":{"@id":"https:\/\/guerreiro.dev.br\/news\/2026\/03\/20\/campanha-de-vacinacao-infantil-contra-sarampo-inicia-no-amap\/#breadcrumb"},"inLanguage":"en-US","potentialAction":[{"@type":"ReadAction","target":["https:\/\/guerreiro.dev.br\/news\/2026\/03\/20\/campanha-de-vacinacao-infantil-contra-sarampo-inicia-no-amap\/"]}]},{"@type":"BreadcrumbList","@id":"https:\/\/guerreiro.dev.br\/news\/2026\/03\/20\/campanha-de-vacinacao-infantil-contra-sarampo-inicia-no-amap\/#breadcrumb","itemListElement":[{"@type":"ListItem","position":1,"name":"Home","item":"https:\/\/guerreiro.dev.br\/news\/"},{"@type":"ListItem","position":2,"name":"Campanha de Vacina\u00e7\u00e3o Infantil contra Sarampo Inicia no Amap\u00e1 em Agosto"}]},{"@type":"WebSite","@id":"https:\/\/guerreiro.dev.br\/news\/#website","url":"https:\/\/guerreiro.dev.br\/news\/","name":"Guerreiro News","description":"Guerreiro Dev&#039;s news site","potentialAction":[{"@type":"SearchAction","target":{"@type":"EntryPoint","urlTemplate":"https:\/\/guerreiro.dev.br\/news\/?s={search_term_string}"},"query-input":{"@type":"PropertyValueSpecification","valueRequired":true,"valueName":"search_term_string"}}],"inLanguage":"en-US"},{"@type":"Person","@id":"https:\/\/guerreiro.dev.br\/news\/#\/schema\/person\/282e053998765cb4795f8e50313a7489","name":"admin","image":{"@type":"ImageObject","inLanguage":"en-US","@id":"https:\/\/secure.gravatar.com\/avatar\/580963dccb0d577f36efe7525df05e0aaf539eabf4172b5968ed214fcb01d281?s=96&d=mm&r=g","url":"https:\/\/secure.gravatar.com\/avatar\/580963dccb0d577f36efe7525df05e0aaf539eabf4172b5968ed214fcb01d281?s=96&d=mm&r=g","contentUrl":"https:\/\/secure.gravatar.com\/avatar\/580963dccb0d577f36efe7525df05e0aaf539eabf4172b5968ed214fcb01d281?s=96&d=mm&r=g","caption":"admin"},"sameAs":["https:\/\/guerreiro.dev.br\/news"],"url":"https:\/\/guerreiro.dev.br\/news\/author\/admin\/"}]}},"_links":{"self":[{"href":"https:\/\/guerreiro.dev.br\/news\/wp-json\/wp\/v2\/posts\/1584","targetHints":{"allow":["GET"]}}],"collection":[{"href":"https:\/\/guerreiro.dev.br\/news\/wp-json\/wp\/v2\/posts"}],"about":[{"href":"https:\/\/guerreiro.dev.br\/news\/wp-json\/wp\/v2\/types\/post"}],"author":[{"embeddable":true,"href":"https:\/\/guerreiro.dev.br\/news\/wp-json\/wp\/v2\/users\/1"}],"replies":[{"embeddable":true,"href":"https:\/\/guerreiro.dev.br\/news\/wp-json\/wp\/v2\/comments?post=1584"}],"version-history":[{"count":0,"href":"https:\/\/guerreiro.dev.br\/news\/wp-json\/wp\/v2\/posts\/1584\/revisions"}],"wp:attachment":[{"href":"https:\/\/guerreiro.dev.br\/news\/wp-json\/wp\/v2\/media?parent=1584"}],"wp:term":[{"taxonomy":"category","embeddable":true,"href":"https:\/\/guerreiro.dev.br\/news\/wp-json\/wp\/v2\/categories?post=1584"},{"taxonomy":"post_tag","embeddable":true,"href":"https:\/\/guerreiro.dev.br\/news\/wp-json\/wp\/v2\/tags?post=1584"}],"curies":[{"name":"wp","href":"https:\/\/api.w.org\/{rel}","templated":true}]}}