{"id":1586,"date":"2026-03-20T00:39:50","date_gmt":"2026-03-20T00:39:50","guid":{"rendered":"https:\/\/guerreiro.dev.br\/news\/2026\/03\/20\/empresas-de-sao-paulo-e-belo-horizonte-sofrem-com-desvio-de\/"},"modified":"2026-03-20T00:39:50","modified_gmt":"2026-03-20T00:39:50","slug":"empresas-de-sao-paulo-e-belo-horizonte-sofrem-com-desvio-de","status":"publish","type":"post","link":"https:\/\/guerreiro.dev.br\/news\/2026\/03\/20\/empresas-de-sao-paulo-e-belo-horizonte-sofrem-com-desvio-de\/","title":{"rendered":"Empresas de S\u00e3o Paulo e Belo Horizonte sofrem com desvio de cont\u00eaineres"},"content":{"rendered":"<p>A Pol\u00edcia Civil de Juiz de Fora est\u00e1 investigando um esquema de desvio de cont\u00eaineres que j\u00e1 afetou empresas de S\u00e3o Paulo e Belo Horizonte. At\u00e9 o momento, mais de 40 cont\u00eaineres foram recuperados, mas as investiga\u00e7\u00f5es continuam em andamento.<\/p>\n<p>Recentemente, uma terceira empresa de S\u00e3o Paulo foi identificada como v\u00edtima do golpe. Representantes dessa firma foram at\u00e9 Juiz de Fora para fornecer informa\u00e7\u00f5es sobre os cont\u00eaineres desaparecidos. Atrav\u00e9s da numera\u00e7\u00e3o espec\u00edfica de cada cont\u00eainer, a pol\u00edcia conseguiu localizar mais 22 unidades na \u00faltima sexta-feira.<\/p>\n<p>O golpe foi realizado por uma quadrilha que clonou uma empresa de exporta\u00e7\u00e3o, utilizando seu cadastro para desviar os cont\u00eaineres. As empresas afetadas atuam como intermedi\u00e1rias no transporte de mercadorias para o exterior. Estima-se que o preju\u00edzo total das tr\u00eas empresas envolvidas chegue a R$ 1 milh\u00e3o, considerando que um cont\u00eainer novo \u00e9 avaliado em cerca de US$ 5 mil.<\/p>\n<p>A pol\u00edcia continua investigando a participa\u00e7\u00e3o de uma empresa em Duque de Caxias, onde os cont\u00eaineres foram entregues. H\u00e1 ind\u00edcios de que os empres\u00e1rios locais estavam cientes do golpe. Al\u00e9m disso, as empresas em Juiz de Fora e Matias Barbosa n\u00e3o apresentaram notas fiscais para a compra dos cont\u00eaineres, que foram adquiridos por R$ 8 mil, e agora enfrentam acusa\u00e7\u00f5es de recepta\u00e7\u00e3o culposa.<\/p>\n<p>Os empres\u00e1rios envolvidos ter\u00e3o que prestar contas \u00e0s receitas Estadual e Federal, que ser\u00e3o notificadas sobre a investiga\u00e7\u00e3o. Os cont\u00eaineres recuperados permanecer\u00e3o com as empresas onde foram encontrados at\u00e9 que possam ser devolvidos aos seus leg\u00edtimos propriet\u00e1rios.<\/p>\n<p><strong>Fonte:<\/strong><a href=\"https:\/\/g1.globo.com\/mg\/zona-da-mata\/noticia\/2018\/07\/23\/policia-civil-de-juiz-de-fora-recebe-denuncia-de-mais-uma-empresa-que-teve-conteineres-desviados.ghtml\" target=\"_blank\" rel=\"noopener noreferrer\">https:\/\/g1.globo.com\/mg\/zona-da-mata\/noticia\/2018\/07\/23\/policia-civil-de-juiz-de-fora-recebe-denuncia-de-mais-uma-empresa-que-teve-conteineres-desviados.ghtml<\/a><\/p>\n","protected":false},"excerpt":{"rendered":"<p>A Pol\u00edcia Civil de Juiz de Fora est\u00e1 investigando um esquema de desvio de cont\u00eaineres que j\u00e1 afetou empresas de S\u00e3o Paulo e Belo Horizonte. At\u00e9 o momento, mais de 40 cont\u00eaineres foram recuperados, mas as investiga\u00e7\u00f5es continuam em andamento. Recentemente, uma terceira empresa de S\u00e3o Paulo foi identificada como v\u00edtima do golpe. Representantes dessa [&hellip;]<\/p>\n","protected":false},"author":1,"featured_media":0,"comment_status":"open","ping_status":"open","sticky":false,"template":"","format":"standard","meta":{"pagelayer_contact_templates":[],"_pagelayer_content":"","footnotes":""},"categories":[3],"tags":[938,940,939],"class_list":["post-1586","post","type-post","status-publish","format-standard","hentry","category-agency","tag-desvio-de-conteineres","tag-golpe-de-exportacao","tag-investigacao-policial"],"yoast_head":"<!-- This site is optimized with the Yoast SEO plugin v27.3 - https:\/\/yoast.com\/product\/yoast-seo-wordpress\/ -->\n<title>Empresas de S\u00e3o Paulo e Belo Horizonte sofrem com desvio de cont\u00eaineres - Guerreiro News<\/title>\n<meta name=\"description\" content=\"A Pol\u00edcia Civil de Juiz de Fora est\u00e1 investigando um esquema de desvio de cont\u00eaineres que j\u00e1 afetou empresas de S\u00e3o Paulo e Belo Horizonte. At\u00e9 o.\" \/>\n<meta name=\"robots\" content=\"index, follow, max-snippet:-1, max-image-preview:large, max-video-preview:-1\" \/>\n<link rel=\"canonical\" href=\"https:\/\/guerreiro.dev.br\/news\/2026\/03\/20\/empresas-de-sao-paulo-e-belo-horizonte-sofrem-com-desvio-de\/\" \/>\n<meta property=\"og:locale\" content=\"en_US\" \/>\n<meta property=\"og:type\" content=\"article\" \/>\n<meta property=\"og:title\" content=\"Empresas de S\u00e3o Paulo e Belo Horizonte sofrem com desvio de cont\u00eaineres - Guerreiro News\" \/>\n<meta property=\"og:description\" content=\"A Pol\u00edcia Civil de Juiz de Fora est\u00e1 investigando um esquema de desvio de cont\u00eaineres que j\u00e1 afetou empresas de S\u00e3o Paulo e Belo Horizonte. At\u00e9 o.\" \/>\n<meta property=\"og:url\" content=\"https:\/\/guerreiro.dev.br\/news\/2026\/03\/20\/empresas-de-sao-paulo-e-belo-horizonte-sofrem-com-desvio-de\/\" \/>\n<meta property=\"og:site_name\" content=\"Guerreiro News\" \/>\n<meta property=\"article:published_time\" content=\"2026-03-20T00:39:50+00:00\" \/>\n<meta name=\"author\" content=\"admin\" \/>\n<meta name=\"twitter:card\" content=\"summary_large_image\" \/>\n<meta name=\"twitter:label1\" content=\"Written by\" \/>\n\t<meta name=\"twitter:data1\" content=\"admin\" \/>\n\t<meta name=\"twitter:label2\" content=\"Est. reading time\" \/>\n\t<meta name=\"twitter:data2\" content=\"1 minute\" \/>\n<script type=\"application\/ld+json\" class=\"yoast-schema-graph\">{\"@context\":\"https:\\\/\\\/schema.org\",\"@graph\":[{\"@type\":\"Article\",\"@id\":\"https:\\\/\\\/guerreiro.dev.br\\\/news\\\/2026\\\/03\\\/20\\\/empresas-de-sao-paulo-e-belo-horizonte-sofrem-com-desvio-de\\\/#article\",\"isPartOf\":{\"@id\":\"https:\\\/\\\/guerreiro.dev.br\\\/news\\\/2026\\\/03\\\/20\\\/empresas-de-sao-paulo-e-belo-horizonte-sofrem-com-desvio-de\\\/\"},\"author\":{\"name\":\"admin\",\"@id\":\"https:\\\/\\\/guerreiro.dev.br\\\/news\\\/#\\\/schema\\\/person\\\/282e053998765cb4795f8e50313a7489\"},\"headline\":\"Empresas de S\u00e3o Paulo e Belo Horizonte sofrem com desvio de cont\u00eaineres\",\"datePublished\":\"2026-03-20T00:39:50+00:00\",\"mainEntityOfPage\":{\"@id\":\"https:\\\/\\\/guerreiro.dev.br\\\/news\\\/2026\\\/03\\\/20\\\/empresas-de-sao-paulo-e-belo-horizonte-sofrem-com-desvio-de\\\/\"},\"wordCount\":302,\"commentCount\":0,\"keywords\":[\"desvio de cont\u00eaineres\",\"golpe de exporta\u00e7\u00e3o\",\"investiga\u00e7\u00e3o policial\"],\"articleSection\":[\"Agency\"],\"inLanguage\":\"en-US\",\"potentialAction\":[{\"@type\":\"CommentAction\",\"name\":\"Comment\",\"target\":[\"https:\\\/\\\/guerreiro.dev.br\\\/news\\\/2026\\\/03\\\/20\\\/empresas-de-sao-paulo-e-belo-horizonte-sofrem-com-desvio-de\\\/#respond\"]}]},{\"@type\":\"WebPage\",\"@id\":\"https:\\\/\\\/guerreiro.dev.br\\\/news\\\/2026\\\/03\\\/20\\\/empresas-de-sao-paulo-e-belo-horizonte-sofrem-com-desvio-de\\\/\",\"url\":\"https:\\\/\\\/guerreiro.dev.br\\\/news\\\/2026\\\/03\\\/20\\\/empresas-de-sao-paulo-e-belo-horizonte-sofrem-com-desvio-de\\\/\",\"name\":\"Empresas de S\u00e3o Paulo e Belo Horizonte sofrem com desvio de cont\u00eaineres - Guerreiro News\",\"isPartOf\":{\"@id\":\"https:\\\/\\\/guerreiro.dev.br\\\/news\\\/#website\"},\"datePublished\":\"2026-03-20T00:39:50+00:00\",\"author\":{\"@id\":\"https:\\\/\\\/guerreiro.dev.br\\\/news\\\/#\\\/schema\\\/person\\\/282e053998765cb4795f8e50313a7489\"},\"description\":\"A Pol\u00edcia Civil de Juiz de Fora est\u00e1 investigando um esquema de desvio de cont\u00eaineres que j\u00e1 afetou empresas de S\u00e3o Paulo e Belo Horizonte. At\u00e9 o.\",\"breadcrumb\":{\"@id\":\"https:\\\/\\\/guerreiro.dev.br\\\/news\\\/2026\\\/03\\\/20\\\/empresas-de-sao-paulo-e-belo-horizonte-sofrem-com-desvio-de\\\/#breadcrumb\"},\"inLanguage\":\"en-US\",\"potentialAction\":[{\"@type\":\"ReadAction\",\"target\":[\"https:\\\/\\\/guerreiro.dev.br\\\/news\\\/2026\\\/03\\\/20\\\/empresas-de-sao-paulo-e-belo-horizonte-sofrem-com-desvio-de\\\/\"]}]},{\"@type\":\"BreadcrumbList\",\"@id\":\"https:\\\/\\\/guerreiro.dev.br\\\/news\\\/2026\\\/03\\\/20\\\/empresas-de-sao-paulo-e-belo-horizonte-sofrem-com-desvio-de\\\/#breadcrumb\",\"itemListElement\":[{\"@type\":\"ListItem\",\"position\":1,\"name\":\"Home\",\"item\":\"https:\\\/\\\/guerreiro.dev.br\\\/news\\\/\"},{\"@type\":\"ListItem\",\"position\":2,\"name\":\"Empresas de S\u00e3o Paulo e Belo Horizonte sofrem com desvio de cont\u00eaineres\"}]},{\"@type\":\"WebSite\",\"@id\":\"https:\\\/\\\/guerreiro.dev.br\\\/news\\\/#website\",\"url\":\"https:\\\/\\\/guerreiro.dev.br\\\/news\\\/\",\"name\":\"Guerreiro News\",\"description\":\"Guerreiro Dev&#039;s news site\",\"potentialAction\":[{\"@type\":\"SearchAction\",\"target\":{\"@type\":\"EntryPoint\",\"urlTemplate\":\"https:\\\/\\\/guerreiro.dev.br\\\/news\\\/?s={search_term_string}\"},\"query-input\":{\"@type\":\"PropertyValueSpecification\",\"valueRequired\":true,\"valueName\":\"search_term_string\"}}],\"inLanguage\":\"en-US\"},{\"@type\":\"Person\",\"@id\":\"https:\\\/\\\/guerreiro.dev.br\\\/news\\\/#\\\/schema\\\/person\\\/282e053998765cb4795f8e50313a7489\",\"name\":\"admin\",\"image\":{\"@type\":\"ImageObject\",\"inLanguage\":\"en-US\",\"@id\":\"https:\\\/\\\/secure.gravatar.com\\\/avatar\\\/580963dccb0d577f36efe7525df05e0aaf539eabf4172b5968ed214fcb01d281?s=96&d=mm&r=g\",\"url\":\"https:\\\/\\\/secure.gravatar.com\\\/avatar\\\/580963dccb0d577f36efe7525df05e0aaf539eabf4172b5968ed214fcb01d281?s=96&d=mm&r=g\",\"contentUrl\":\"https:\\\/\\\/secure.gravatar.com\\\/avatar\\\/580963dccb0d577f36efe7525df05e0aaf539eabf4172b5968ed214fcb01d281?s=96&d=mm&r=g\",\"caption\":\"admin\"},\"sameAs\":[\"https:\\\/\\\/guerreiro.dev.br\\\/news\"],\"url\":\"https:\\\/\\\/guerreiro.dev.br\\\/news\\\/author\\\/admin\\\/\"}]}<\/script>\n<!-- \/ Yoast SEO plugin. -->","yoast_head_json":{"title":"Empresas de S\u00e3o Paulo e Belo Horizonte sofrem com desvio de cont\u00eaineres - Guerreiro News","description":"A Pol\u00edcia Civil de Juiz de Fora est\u00e1 investigando um esquema de desvio de cont\u00eaineres que j\u00e1 afetou empresas de S\u00e3o Paulo e Belo Horizonte. At\u00e9 o.","robots":{"index":"index","follow":"follow","max-snippet":"max-snippet:-1","max-image-preview":"max-image-preview:large","max-video-preview":"max-video-preview:-1"},"canonical":"https:\/\/guerreiro.dev.br\/news\/2026\/03\/20\/empresas-de-sao-paulo-e-belo-horizonte-sofrem-com-desvio-de\/","og_locale":"en_US","og_type":"article","og_title":"Empresas de S\u00e3o Paulo e Belo Horizonte sofrem com desvio de cont\u00eaineres - Guerreiro News","og_description":"A Pol\u00edcia Civil de Juiz de Fora est\u00e1 investigando um esquema de desvio de cont\u00eaineres que j\u00e1 afetou empresas de S\u00e3o Paulo e Belo Horizonte. At\u00e9 o.","og_url":"https:\/\/guerreiro.dev.br\/news\/2026\/03\/20\/empresas-de-sao-paulo-e-belo-horizonte-sofrem-com-desvio-de\/","og_site_name":"Guerreiro News","article_published_time":"2026-03-20T00:39:50+00:00","author":"admin","twitter_card":"summary_large_image","twitter_misc":{"Written by":"admin","Est. reading time":"1 minute"},"schema":{"@context":"https:\/\/schema.org","@graph":[{"@type":"Article","@id":"https:\/\/guerreiro.dev.br\/news\/2026\/03\/20\/empresas-de-sao-paulo-e-belo-horizonte-sofrem-com-desvio-de\/#article","isPartOf":{"@id":"https:\/\/guerreiro.dev.br\/news\/2026\/03\/20\/empresas-de-sao-paulo-e-belo-horizonte-sofrem-com-desvio-de\/"},"author":{"name":"admin","@id":"https:\/\/guerreiro.dev.br\/news\/#\/schema\/person\/282e053998765cb4795f8e50313a7489"},"headline":"Empresas de S\u00e3o Paulo e Belo Horizonte sofrem com desvio de cont\u00eaineres","datePublished":"2026-03-20T00:39:50+00:00","mainEntityOfPage":{"@id":"https:\/\/guerreiro.dev.br\/news\/2026\/03\/20\/empresas-de-sao-paulo-e-belo-horizonte-sofrem-com-desvio-de\/"},"wordCount":302,"commentCount":0,"keywords":["desvio de cont\u00eaineres","golpe de exporta\u00e7\u00e3o","investiga\u00e7\u00e3o policial"],"articleSection":["Agency"],"inLanguage":"en-US","potentialAction":[{"@type":"CommentAction","name":"Comment","target":["https:\/\/guerreiro.dev.br\/news\/2026\/03\/20\/empresas-de-sao-paulo-e-belo-horizonte-sofrem-com-desvio-de\/#respond"]}]},{"@type":"WebPage","@id":"https:\/\/guerreiro.dev.br\/news\/2026\/03\/20\/empresas-de-sao-paulo-e-belo-horizonte-sofrem-com-desvio-de\/","url":"https:\/\/guerreiro.dev.br\/news\/2026\/03\/20\/empresas-de-sao-paulo-e-belo-horizonte-sofrem-com-desvio-de\/","name":"Empresas de S\u00e3o Paulo e Belo Horizonte sofrem com desvio de cont\u00eaineres - Guerreiro News","isPartOf":{"@id":"https:\/\/guerreiro.dev.br\/news\/#website"},"datePublished":"2026-03-20T00:39:50+00:00","author":{"@id":"https:\/\/guerreiro.dev.br\/news\/#\/schema\/person\/282e053998765cb4795f8e50313a7489"},"description":"A Pol\u00edcia Civil de Juiz de Fora est\u00e1 investigando um esquema de desvio de cont\u00eaineres que j\u00e1 afetou empresas de S\u00e3o Paulo e Belo Horizonte. At\u00e9 o.","breadcrumb":{"@id":"https:\/\/guerreiro.dev.br\/news\/2026\/03\/20\/empresas-de-sao-paulo-e-belo-horizonte-sofrem-com-desvio-de\/#breadcrumb"},"inLanguage":"en-US","potentialAction":[{"@type":"ReadAction","target":["https:\/\/guerreiro.dev.br\/news\/2026\/03\/20\/empresas-de-sao-paulo-e-belo-horizonte-sofrem-com-desvio-de\/"]}]},{"@type":"BreadcrumbList","@id":"https:\/\/guerreiro.dev.br\/news\/2026\/03\/20\/empresas-de-sao-paulo-e-belo-horizonte-sofrem-com-desvio-de\/#breadcrumb","itemListElement":[{"@type":"ListItem","position":1,"name":"Home","item":"https:\/\/guerreiro.dev.br\/news\/"},{"@type":"ListItem","position":2,"name":"Empresas de S\u00e3o Paulo e Belo Horizonte sofrem com desvio de cont\u00eaineres"}]},{"@type":"WebSite","@id":"https:\/\/guerreiro.dev.br\/news\/#website","url":"https:\/\/guerreiro.dev.br\/news\/","name":"Guerreiro News","description":"Guerreiro Dev&#039;s news site","potentialAction":[{"@type":"SearchAction","target":{"@type":"EntryPoint","urlTemplate":"https:\/\/guerreiro.dev.br\/news\/?s={search_term_string}"},"query-input":{"@type":"PropertyValueSpecification","valueRequired":true,"valueName":"search_term_string"}}],"inLanguage":"en-US"},{"@type":"Person","@id":"https:\/\/guerreiro.dev.br\/news\/#\/schema\/person\/282e053998765cb4795f8e50313a7489","name":"admin","image":{"@type":"ImageObject","inLanguage":"en-US","@id":"https:\/\/secure.gravatar.com\/avatar\/580963dccb0d577f36efe7525df05e0aaf539eabf4172b5968ed214fcb01d281?s=96&d=mm&r=g","url":"https:\/\/secure.gravatar.com\/avatar\/580963dccb0d577f36efe7525df05e0aaf539eabf4172b5968ed214fcb01d281?s=96&d=mm&r=g","contentUrl":"https:\/\/secure.gravatar.com\/avatar\/580963dccb0d577f36efe7525df05e0aaf539eabf4172b5968ed214fcb01d281?s=96&d=mm&r=g","caption":"admin"},"sameAs":["https:\/\/guerreiro.dev.br\/news"],"url":"https:\/\/guerreiro.dev.br\/news\/author\/admin\/"}]}},"_links":{"self":[{"href":"https:\/\/guerreiro.dev.br\/news\/wp-json\/wp\/v2\/posts\/1586","targetHints":{"allow":["GET"]}}],"collection":[{"href":"https:\/\/guerreiro.dev.br\/news\/wp-json\/wp\/v2\/posts"}],"about":[{"href":"https:\/\/guerreiro.dev.br\/news\/wp-json\/wp\/v2\/types\/post"}],"author":[{"embeddable":true,"href":"https:\/\/guerreiro.dev.br\/news\/wp-json\/wp\/v2\/users\/1"}],"replies":[{"embeddable":true,"href":"https:\/\/guerreiro.dev.br\/news\/wp-json\/wp\/v2\/comments?post=1586"}],"version-history":[{"count":0,"href":"https:\/\/guerreiro.dev.br\/news\/wp-json\/wp\/v2\/posts\/1586\/revisions"}],"wp:attachment":[{"href":"https:\/\/guerreiro.dev.br\/news\/wp-json\/wp\/v2\/media?parent=1586"}],"wp:term":[{"taxonomy":"category","embeddable":true,"href":"https:\/\/guerreiro.dev.br\/news\/wp-json\/wp\/v2\/categories?post=1586"},{"taxonomy":"post_tag","embeddable":true,"href":"https:\/\/guerreiro.dev.br\/news\/wp-json\/wp\/v2\/tags?post=1586"}],"curies":[{"name":"wp","href":"https:\/\/api.w.org\/{rel}","templated":true}]}}