{"id":1588,"date":"2026-03-20T00:41:20","date_gmt":"2026-03-20T00:41:20","guid":{"rendered":"https:\/\/guerreiro.dev.br\/news\/2026\/03\/20\/aumento-de-embarques-para-festival-do-camarao-no-para-mobili\/"},"modified":"2026-03-20T00:41:20","modified_gmt":"2026-03-20T00:41:20","slug":"aumento-de-embarques-para-festival-do-camarao-no-para-mobili","status":"publish","type":"post","link":"https:\/\/guerreiro.dev.br\/news\/2026\/03\/20\/aumento-de-embarques-para-festival-do-camarao-no-para-mobili\/","title":{"rendered":"Aumento de Embarques para Festival do Camar\u00e3o no Par\u00e1 Mobiliza Fiscaliza\u00e7\u00e3o"},"content":{"rendered":"<p>O fluxo de passageiros nos portos de Macap\u00e1 tem crescido significativamente devido ao Festival do Camar\u00e3o, que ocorre em Afu\u00e1, no Par\u00e1. Em resposta, o Comissariado da Inf\u00e2ncia e Juventude intensificou a fiscaliza\u00e7\u00e3o para prevenir irregularidades e crimes envolvendo menores de idade. A partir de quinta-feira, 26 de julho, a Justi\u00e7a instalar\u00e1 um trailer na rampa do bairro Santa In\u00eas, principal ponto de embarque na capital, para oferecer orienta\u00e7\u00f5es e atendimentos emergenciais.<\/p>\n<p><strong>Requisitos para Viagens de Menores<\/strong><\/p>\n<p>Jos\u00e9 Casemiro, comiss\u00e1rio da Justi\u00e7a, destacou a necessidade de autoriza\u00e7\u00e3o para menores que viajam desacompanhados dos pais ou respons\u00e1veis. Este documento pode ser obtido no F\u00f3rum, na rodovi\u00e1ria ou no aeroporto, e deve ser requisitado com anteced\u00eancia. &#8220;A fiscaliza\u00e7\u00e3o ser\u00e1 intensificada nesta semana devido ao festival. Verificamos primeiramente a documenta\u00e7\u00e3o para garantir que a viagem atende \u00e0s exig\u00eancias legais&#8221;, afirmou Casemiro.<\/p>\n<p><strong>Evento Cultural e Gastron\u00f4mico<\/strong><\/p>\n<p>O Festival do Camar\u00e3o, que acontece de 27 a 29 de julho, \u00e9 um evento cultural e gastron\u00f4mico que atrai milhares de pessoas do Amap\u00e1. As passagens para Afu\u00e1 custam em m\u00e9dia R$ 45, refletindo a alta demanda durante o per\u00edodo festivo.<\/p>\n<p><strong>Fonte:<\/strong><a href=\"https:\/\/g1.globo.com\/ap\/amapa\/noticia\/2018\/07\/23\/comissariado-do-ap-fiscaliza-embarque-de-menores-para-o-festival-do-camarao-no-pa.ghtml\" target=\"_blank\" rel=\"noopener noreferrer\">https:\/\/g1.globo.com\/ap\/amapa\/noticia\/2018\/07\/23\/comissariado-do-ap-fiscaliza-embarque-de-menores-para-o-festival-do-camarao-no-pa.ghtml<\/a><\/p>\n","protected":false},"excerpt":{"rendered":"<p>O fluxo de passageiros nos portos de Macap\u00e1 tem crescido significativamente devido ao Festival do Camar\u00e3o, que ocorre em Afu\u00e1, no Par\u00e1. Em resposta, o Comissariado da Inf\u00e2ncia e Juventude intensificou a fiscaliza\u00e7\u00e3o para prevenir irregularidades e crimes envolvendo menores de idade. A partir de quinta-feira, 26 de julho, a Justi\u00e7a instalar\u00e1 um trailer na [&hellip;]<\/p>\n","protected":false},"author":1,"featured_media":0,"comment_status":"open","ping_status":"open","sticky":false,"template":"","format":"standard","meta":{"pagelayer_contact_templates":[],"_pagelayer_content":"","footnotes":""},"categories":[3],"tags":[946,945,944],"class_list":["post-1588","post","type-post","status-publish","format-standard","hentry","category-agency","tag-autorizacao-para-viagens","tag-festival-do-camarao","tag-fiscalizacao-de-menores"],"yoast_head":"<!-- This site is optimized with the Yoast SEO plugin v27.3 - https:\/\/yoast.com\/product\/yoast-seo-wordpress\/ -->\n<title>Aumento de Embarques para Festival do Camar\u00e3o no Par\u00e1 Mobiliza Fiscaliza\u00e7\u00e3o - Guerreiro News<\/title>\n<meta name=\"description\" content=\"fiscaliza\u00e7\u00e3o de menores - O fluxo de passageiros nos portos de Macap\u00e1 tem crescido significativamente devido ao Festival do Camar\u00e3o, que ocorre.\" \/>\n<meta name=\"robots\" content=\"index, follow, max-snippet:-1, max-image-preview:large, max-video-preview:-1\" \/>\n<link rel=\"canonical\" href=\"https:\/\/guerreiro.dev.br\/news\/2026\/03\/20\/aumento-de-embarques-para-festival-do-camarao-no-para-mobili\/\" \/>\n<meta property=\"og:locale\" content=\"en_US\" \/>\n<meta property=\"og:type\" content=\"article\" \/>\n<meta property=\"og:title\" content=\"Aumento de Embarques para Festival do Camar\u00e3o no Par\u00e1 Mobiliza Fiscaliza\u00e7\u00e3o - Guerreiro News\" \/>\n<meta property=\"og:description\" content=\"fiscaliza\u00e7\u00e3o de menores - O fluxo de passageiros nos portos de Macap\u00e1 tem crescido significativamente devido ao Festival do Camar\u00e3o, que ocorre.\" \/>\n<meta property=\"og:url\" content=\"https:\/\/guerreiro.dev.br\/news\/2026\/03\/20\/aumento-de-embarques-para-festival-do-camarao-no-para-mobili\/\" \/>\n<meta property=\"og:site_name\" content=\"Guerreiro News\" \/>\n<meta property=\"article:published_time\" content=\"2026-03-20T00:41:20+00:00\" \/>\n<meta name=\"author\" content=\"admin\" \/>\n<meta name=\"twitter:card\" content=\"summary_large_image\" \/>\n<meta name=\"twitter:label1\" content=\"Written by\" \/>\n\t<meta name=\"twitter:data1\" content=\"admin\" \/>\n\t<meta name=\"twitter:label2\" content=\"Est. reading time\" \/>\n\t<meta name=\"twitter:data2\" content=\"1 minute\" \/>\n<script type=\"application\/ld+json\" class=\"yoast-schema-graph\">{\"@context\":\"https:\\\/\\\/schema.org\",\"@graph\":[{\"@type\":\"Article\",\"@id\":\"https:\\\/\\\/guerreiro.dev.br\\\/news\\\/2026\\\/03\\\/20\\\/aumento-de-embarques-para-festival-do-camarao-no-para-mobili\\\/#article\",\"isPartOf\":{\"@id\":\"https:\\\/\\\/guerreiro.dev.br\\\/news\\\/2026\\\/03\\\/20\\\/aumento-de-embarques-para-festival-do-camarao-no-para-mobili\\\/\"},\"author\":{\"name\":\"admin\",\"@id\":\"https:\\\/\\\/guerreiro.dev.br\\\/news\\\/#\\\/schema\\\/person\\\/282e053998765cb4795f8e50313a7489\"},\"headline\":\"Aumento de Embarques para Festival do Camar\u00e3o no Par\u00e1 Mobiliza Fiscaliza\u00e7\u00e3o\",\"datePublished\":\"2026-03-20T00:41:20+00:00\",\"mainEntityOfPage\":{\"@id\":\"https:\\\/\\\/guerreiro.dev.br\\\/news\\\/2026\\\/03\\\/20\\\/aumento-de-embarques-para-festival-do-camarao-no-para-mobili\\\/\"},\"wordCount\":223,\"commentCount\":0,\"keywords\":[\"autoriza\u00e7\u00e3o para viagens\",\"Festival do Camar\u00e3o\",\"fiscaliza\u00e7\u00e3o de menores\"],\"articleSection\":[\"Agency\"],\"inLanguage\":\"en-US\",\"potentialAction\":[{\"@type\":\"CommentAction\",\"name\":\"Comment\",\"target\":[\"https:\\\/\\\/guerreiro.dev.br\\\/news\\\/2026\\\/03\\\/20\\\/aumento-de-embarques-para-festival-do-camarao-no-para-mobili\\\/#respond\"]}]},{\"@type\":\"WebPage\",\"@id\":\"https:\\\/\\\/guerreiro.dev.br\\\/news\\\/2026\\\/03\\\/20\\\/aumento-de-embarques-para-festival-do-camarao-no-para-mobili\\\/\",\"url\":\"https:\\\/\\\/guerreiro.dev.br\\\/news\\\/2026\\\/03\\\/20\\\/aumento-de-embarques-para-festival-do-camarao-no-para-mobili\\\/\",\"name\":\"Aumento de Embarques para Festival do Camar\u00e3o no Par\u00e1 Mobiliza Fiscaliza\u00e7\u00e3o - Guerreiro News\",\"isPartOf\":{\"@id\":\"https:\\\/\\\/guerreiro.dev.br\\\/news\\\/#website\"},\"datePublished\":\"2026-03-20T00:41:20+00:00\",\"author\":{\"@id\":\"https:\\\/\\\/guerreiro.dev.br\\\/news\\\/#\\\/schema\\\/person\\\/282e053998765cb4795f8e50313a7489\"},\"description\":\"fiscaliza\u00e7\u00e3o de menores - O fluxo de passageiros nos portos de Macap\u00e1 tem crescido significativamente devido ao Festival do Camar\u00e3o, que ocorre.\",\"breadcrumb\":{\"@id\":\"https:\\\/\\\/guerreiro.dev.br\\\/news\\\/2026\\\/03\\\/20\\\/aumento-de-embarques-para-festival-do-camarao-no-para-mobili\\\/#breadcrumb\"},\"inLanguage\":\"en-US\",\"potentialAction\":[{\"@type\":\"ReadAction\",\"target\":[\"https:\\\/\\\/guerreiro.dev.br\\\/news\\\/2026\\\/03\\\/20\\\/aumento-de-embarques-para-festival-do-camarao-no-para-mobili\\\/\"]}]},{\"@type\":\"BreadcrumbList\",\"@id\":\"https:\\\/\\\/guerreiro.dev.br\\\/news\\\/2026\\\/03\\\/20\\\/aumento-de-embarques-para-festival-do-camarao-no-para-mobili\\\/#breadcrumb\",\"itemListElement\":[{\"@type\":\"ListItem\",\"position\":1,\"name\":\"Home\",\"item\":\"https:\\\/\\\/guerreiro.dev.br\\\/news\\\/\"},{\"@type\":\"ListItem\",\"position\":2,\"name\":\"Aumento de Embarques para Festival do Camar\u00e3o no Par\u00e1 Mobiliza Fiscaliza\u00e7\u00e3o\"}]},{\"@type\":\"WebSite\",\"@id\":\"https:\\\/\\\/guerreiro.dev.br\\\/news\\\/#website\",\"url\":\"https:\\\/\\\/guerreiro.dev.br\\\/news\\\/\",\"name\":\"Guerreiro News\",\"description\":\"Guerreiro Dev&#039;s news site\",\"potentialAction\":[{\"@type\":\"SearchAction\",\"target\":{\"@type\":\"EntryPoint\",\"urlTemplate\":\"https:\\\/\\\/guerreiro.dev.br\\\/news\\\/?s={search_term_string}\"},\"query-input\":{\"@type\":\"PropertyValueSpecification\",\"valueRequired\":true,\"valueName\":\"search_term_string\"}}],\"inLanguage\":\"en-US\"},{\"@type\":\"Person\",\"@id\":\"https:\\\/\\\/guerreiro.dev.br\\\/news\\\/#\\\/schema\\\/person\\\/282e053998765cb4795f8e50313a7489\",\"name\":\"admin\",\"image\":{\"@type\":\"ImageObject\",\"inLanguage\":\"en-US\",\"@id\":\"https:\\\/\\\/secure.gravatar.com\\\/avatar\\\/580963dccb0d577f36efe7525df05e0aaf539eabf4172b5968ed214fcb01d281?s=96&d=mm&r=g\",\"url\":\"https:\\\/\\\/secure.gravatar.com\\\/avatar\\\/580963dccb0d577f36efe7525df05e0aaf539eabf4172b5968ed214fcb01d281?s=96&d=mm&r=g\",\"contentUrl\":\"https:\\\/\\\/secure.gravatar.com\\\/avatar\\\/580963dccb0d577f36efe7525df05e0aaf539eabf4172b5968ed214fcb01d281?s=96&d=mm&r=g\",\"caption\":\"admin\"},\"sameAs\":[\"https:\\\/\\\/guerreiro.dev.br\\\/news\"],\"url\":\"https:\\\/\\\/guerreiro.dev.br\\\/news\\\/author\\\/admin\\\/\"}]}<\/script>\n<!-- \/ Yoast SEO plugin. -->","yoast_head_json":{"title":"Aumento de Embarques para Festival do Camar\u00e3o no Par\u00e1 Mobiliza Fiscaliza\u00e7\u00e3o - Guerreiro News","description":"fiscaliza\u00e7\u00e3o de menores - O fluxo de passageiros nos portos de Macap\u00e1 tem crescido significativamente devido ao Festival do Camar\u00e3o, que ocorre.","robots":{"index":"index","follow":"follow","max-snippet":"max-snippet:-1","max-image-preview":"max-image-preview:large","max-video-preview":"max-video-preview:-1"},"canonical":"https:\/\/guerreiro.dev.br\/news\/2026\/03\/20\/aumento-de-embarques-para-festival-do-camarao-no-para-mobili\/","og_locale":"en_US","og_type":"article","og_title":"Aumento de Embarques para Festival do Camar\u00e3o no Par\u00e1 Mobiliza Fiscaliza\u00e7\u00e3o - Guerreiro News","og_description":"fiscaliza\u00e7\u00e3o de menores - O fluxo de passageiros nos portos de Macap\u00e1 tem crescido significativamente devido ao Festival do Camar\u00e3o, que ocorre.","og_url":"https:\/\/guerreiro.dev.br\/news\/2026\/03\/20\/aumento-de-embarques-para-festival-do-camarao-no-para-mobili\/","og_site_name":"Guerreiro News","article_published_time":"2026-03-20T00:41:20+00:00","author":"admin","twitter_card":"summary_large_image","twitter_misc":{"Written by":"admin","Est. reading time":"1 minute"},"schema":{"@context":"https:\/\/schema.org","@graph":[{"@type":"Article","@id":"https:\/\/guerreiro.dev.br\/news\/2026\/03\/20\/aumento-de-embarques-para-festival-do-camarao-no-para-mobili\/#article","isPartOf":{"@id":"https:\/\/guerreiro.dev.br\/news\/2026\/03\/20\/aumento-de-embarques-para-festival-do-camarao-no-para-mobili\/"},"author":{"name":"admin","@id":"https:\/\/guerreiro.dev.br\/news\/#\/schema\/person\/282e053998765cb4795f8e50313a7489"},"headline":"Aumento de Embarques para Festival do Camar\u00e3o no Par\u00e1 Mobiliza Fiscaliza\u00e7\u00e3o","datePublished":"2026-03-20T00:41:20+00:00","mainEntityOfPage":{"@id":"https:\/\/guerreiro.dev.br\/news\/2026\/03\/20\/aumento-de-embarques-para-festival-do-camarao-no-para-mobili\/"},"wordCount":223,"commentCount":0,"keywords":["autoriza\u00e7\u00e3o para viagens","Festival do Camar\u00e3o","fiscaliza\u00e7\u00e3o de menores"],"articleSection":["Agency"],"inLanguage":"en-US","potentialAction":[{"@type":"CommentAction","name":"Comment","target":["https:\/\/guerreiro.dev.br\/news\/2026\/03\/20\/aumento-de-embarques-para-festival-do-camarao-no-para-mobili\/#respond"]}]},{"@type":"WebPage","@id":"https:\/\/guerreiro.dev.br\/news\/2026\/03\/20\/aumento-de-embarques-para-festival-do-camarao-no-para-mobili\/","url":"https:\/\/guerreiro.dev.br\/news\/2026\/03\/20\/aumento-de-embarques-para-festival-do-camarao-no-para-mobili\/","name":"Aumento de Embarques para Festival do Camar\u00e3o no Par\u00e1 Mobiliza Fiscaliza\u00e7\u00e3o - Guerreiro News","isPartOf":{"@id":"https:\/\/guerreiro.dev.br\/news\/#website"},"datePublished":"2026-03-20T00:41:20+00:00","author":{"@id":"https:\/\/guerreiro.dev.br\/news\/#\/schema\/person\/282e053998765cb4795f8e50313a7489"},"description":"fiscaliza\u00e7\u00e3o de menores - O fluxo de passageiros nos portos de Macap\u00e1 tem crescido significativamente devido ao Festival do Camar\u00e3o, que ocorre.","breadcrumb":{"@id":"https:\/\/guerreiro.dev.br\/news\/2026\/03\/20\/aumento-de-embarques-para-festival-do-camarao-no-para-mobili\/#breadcrumb"},"inLanguage":"en-US","potentialAction":[{"@type":"ReadAction","target":["https:\/\/guerreiro.dev.br\/news\/2026\/03\/20\/aumento-de-embarques-para-festival-do-camarao-no-para-mobili\/"]}]},{"@type":"BreadcrumbList","@id":"https:\/\/guerreiro.dev.br\/news\/2026\/03\/20\/aumento-de-embarques-para-festival-do-camarao-no-para-mobili\/#breadcrumb","itemListElement":[{"@type":"ListItem","position":1,"name":"Home","item":"https:\/\/guerreiro.dev.br\/news\/"},{"@type":"ListItem","position":2,"name":"Aumento de Embarques para Festival do Camar\u00e3o no Par\u00e1 Mobiliza Fiscaliza\u00e7\u00e3o"}]},{"@type":"WebSite","@id":"https:\/\/guerreiro.dev.br\/news\/#website","url":"https:\/\/guerreiro.dev.br\/news\/","name":"Guerreiro News","description":"Guerreiro Dev&#039;s news site","potentialAction":[{"@type":"SearchAction","target":{"@type":"EntryPoint","urlTemplate":"https:\/\/guerreiro.dev.br\/news\/?s={search_term_string}"},"query-input":{"@type":"PropertyValueSpecification","valueRequired":true,"valueName":"search_term_string"}}],"inLanguage":"en-US"},{"@type":"Person","@id":"https:\/\/guerreiro.dev.br\/news\/#\/schema\/person\/282e053998765cb4795f8e50313a7489","name":"admin","image":{"@type":"ImageObject","inLanguage":"en-US","@id":"https:\/\/secure.gravatar.com\/avatar\/580963dccb0d577f36efe7525df05e0aaf539eabf4172b5968ed214fcb01d281?s=96&d=mm&r=g","url":"https:\/\/secure.gravatar.com\/avatar\/580963dccb0d577f36efe7525df05e0aaf539eabf4172b5968ed214fcb01d281?s=96&d=mm&r=g","contentUrl":"https:\/\/secure.gravatar.com\/avatar\/580963dccb0d577f36efe7525df05e0aaf539eabf4172b5968ed214fcb01d281?s=96&d=mm&r=g","caption":"admin"},"sameAs":["https:\/\/guerreiro.dev.br\/news"],"url":"https:\/\/guerreiro.dev.br\/news\/author\/admin\/"}]}},"_links":{"self":[{"href":"https:\/\/guerreiro.dev.br\/news\/wp-json\/wp\/v2\/posts\/1588","targetHints":{"allow":["GET"]}}],"collection":[{"href":"https:\/\/guerreiro.dev.br\/news\/wp-json\/wp\/v2\/posts"}],"about":[{"href":"https:\/\/guerreiro.dev.br\/news\/wp-json\/wp\/v2\/types\/post"}],"author":[{"embeddable":true,"href":"https:\/\/guerreiro.dev.br\/news\/wp-json\/wp\/v2\/users\/1"}],"replies":[{"embeddable":true,"href":"https:\/\/guerreiro.dev.br\/news\/wp-json\/wp\/v2\/comments?post=1588"}],"version-history":[{"count":0,"href":"https:\/\/guerreiro.dev.br\/news\/wp-json\/wp\/v2\/posts\/1588\/revisions"}],"wp:attachment":[{"href":"https:\/\/guerreiro.dev.br\/news\/wp-json\/wp\/v2\/media?parent=1588"}],"wp:term":[{"taxonomy":"category","embeddable":true,"href":"https:\/\/guerreiro.dev.br\/news\/wp-json\/wp\/v2\/categories?post=1588"},{"taxonomy":"post_tag","embeddable":true,"href":"https:\/\/guerreiro.dev.br\/news\/wp-json\/wp\/v2\/tags?post=1588"}],"curies":[{"name":"wp","href":"https:\/\/api.w.org\/{rel}","templated":true}]}}