{"id":1591,"date":"2026-03-20T00:55:39","date_gmt":"2026-03-20T00:55:39","guid":{"rendered":"https:\/\/guerreiro.dev.br\/news\/2026\/03\/20\/batalha-de-rimas-e-cultura-agita-macapa\/"},"modified":"2026-03-20T00:55:39","modified_gmt":"2026-03-20T00:55:39","slug":"batalha-de-rimas-e-cultura-agita-macapa","status":"publish","type":"post","link":"https:\/\/guerreiro.dev.br\/news\/2026\/03\/20\/batalha-de-rimas-e-cultura-agita-macapa\/","title":{"rendered":"Batalha de Rimas e Cultura Agita Macap\u00e1"},"content":{"rendered":"<p>A cidade de Macap\u00e1 ser\u00e1 palco de um evento cultural vibrante neste s\u00e1bado, 6 de maio, com a realiza\u00e7\u00e3o da Batalha de Rap no Mercado Central. O evento, que acontecer\u00e1 das 18h \u00e0s 22h, promete n\u00e3o apenas duelos de rima entre MCs, mas tamb\u00e9m a venda de comidas t\u00edpicas, promovendo a cultura e o empreendedorismo local.<\/p>\n<p>Os interessados em participar dos duelos devem se inscrever presencialmente na Secretaria Municipal de Direitos Humanos (Smdh), localizada no centro da cidade, at\u00e9 o dia do evento. As inscri\u00e7\u00f5es est\u00e3o abertas das 8h \u00e0s 14h, mas as vagas s\u00e3o limitadas.<\/p>\n<p>Ian Mowbray, coordenador de pol\u00edticas p\u00fablicas para a juventude, destacou que a iniciativa visa fortalecer o trabalho dos MCs locais, al\u00e9m de fomentar a cultura e o lazer na cidade. &#8220;Queremos valorizar a arte da juventude e incentivar o empreendedorismo atrav\u00e9s de eventos saud\u00e1veis&#8221;, afirmou Mowbray.<\/p>\n<p>O evento conta com o apoio da Funda\u00e7\u00e3o Municipal de Cultura (Fumcult), da Secretaria Municipal do Turismo (MacapaTur) e do vereador Alexandre Azevedo, refor\u00e7ando a import\u00e2ncia da colabora\u00e7\u00e3o entre diferentes setores para a promo\u00e7\u00e3o cultural.<\/p>\n<p><strong>Fonte:<\/strong><a href=\"https:\/\/g1.globo.com\/ap\/amapa\/noticia\/2023\/05\/05\/batalha-de-rap-macapa-tera-duelos-de-rima-e-venda-de-comidas-tipicas-no-mercado-central.ghtml\" target=\"_blank\" rel=\"noopener noreferrer\">https:\/\/g1.globo.com\/ap\/amapa\/noticia\/2023\/05\/05\/batalha-de-rap-macapa-tera-duelos-de-rima-e-venda-de-comidas-tipicas-no-mercado-central.ghtml<\/a><\/p>\n","protected":false},"excerpt":{"rendered":"<p>A cidade de Macap\u00e1 ser\u00e1 palco de um evento cultural vibrante neste s\u00e1bado, 6 de maio, com a realiza\u00e7\u00e3o da Batalha de Rap no Mercado Central. O evento, que acontecer\u00e1 das 18h \u00e0s 22h, promete n\u00e3o apenas duelos de rima entre MCs, mas tamb\u00e9m a venda de comidas t\u00edpicas, promovendo a cultura e o empreendedorismo [&hellip;]<\/p>\n","protected":false},"author":1,"featured_media":0,"comment_status":"open","ping_status":"open","sticky":false,"template":"","format":"standard","meta":{"pagelayer_contact_templates":[],"_pagelayer_content":"","footnotes":""},"categories":[737],"tags":[738,948,947],"class_list":["post-1591","post","type-post","status-publish","format-standard","hentry","category-cultura","tag-batalha-de-rap","tag-comidas-tipicas","tag-cultura-local"],"yoast_head":"<!-- This site is optimized with the Yoast SEO plugin v27.3 - https:\/\/yoast.com\/product\/yoast-seo-wordpress\/ -->\n<title>Batalha de Rimas e Cultura Agita Macap\u00e1 - Guerreiro News<\/title>\n<meta name=\"description\" content=\"A cidade de Macap\u00e1 ser\u00e1 palco de um evento cultural vibrante neste s\u00e1bado, 6 de maio, com a realiza\u00e7\u00e3o da Batalha de Rap no Mercado Central. O.\" \/>\n<meta name=\"robots\" content=\"index, follow, max-snippet:-1, max-image-preview:large, max-video-preview:-1\" \/>\n<link rel=\"canonical\" href=\"https:\/\/guerreiro.dev.br\/news\/2026\/03\/20\/batalha-de-rimas-e-cultura-agita-macapa\/\" \/>\n<meta property=\"og:locale\" content=\"en_US\" \/>\n<meta property=\"og:type\" content=\"article\" \/>\n<meta property=\"og:title\" content=\"Batalha de Rimas e Cultura Agita Macap\u00e1 - Guerreiro News\" \/>\n<meta property=\"og:description\" content=\"A cidade de Macap\u00e1 ser\u00e1 palco de um evento cultural vibrante neste s\u00e1bado, 6 de maio, com a realiza\u00e7\u00e3o da Batalha de Rap no Mercado Central. O.\" \/>\n<meta property=\"og:url\" content=\"https:\/\/guerreiro.dev.br\/news\/2026\/03\/20\/batalha-de-rimas-e-cultura-agita-macapa\/\" \/>\n<meta property=\"og:site_name\" content=\"Guerreiro News\" \/>\n<meta property=\"article:published_time\" content=\"2026-03-20T00:55:39+00:00\" \/>\n<meta name=\"author\" content=\"admin\" \/>\n<meta name=\"twitter:card\" content=\"summary_large_image\" \/>\n<meta name=\"twitter:label1\" content=\"Written by\" \/>\n\t<meta name=\"twitter:data1\" content=\"admin\" \/>\n\t<meta name=\"twitter:label2\" content=\"Est. reading time\" \/>\n\t<meta name=\"twitter:data2\" content=\"1 minute\" \/>\n<script type=\"application\/ld+json\" class=\"yoast-schema-graph\">{\"@context\":\"https:\\\/\\\/schema.org\",\"@graph\":[{\"@type\":\"Article\",\"@id\":\"https:\\\/\\\/guerreiro.dev.br\\\/news\\\/2026\\\/03\\\/20\\\/batalha-de-rimas-e-cultura-agita-macapa\\\/#article\",\"isPartOf\":{\"@id\":\"https:\\\/\\\/guerreiro.dev.br\\\/news\\\/2026\\\/03\\\/20\\\/batalha-de-rimas-e-cultura-agita-macapa\\\/\"},\"author\":{\"name\":\"admin\",\"@id\":\"https:\\\/\\\/guerreiro.dev.br\\\/news\\\/#\\\/schema\\\/person\\\/282e053998765cb4795f8e50313a7489\"},\"headline\":\"Batalha de Rimas e Cultura Agita Macap\u00e1\",\"datePublished\":\"2026-03-20T00:55:39+00:00\",\"mainEntityOfPage\":{\"@id\":\"https:\\\/\\\/guerreiro.dev.br\\\/news\\\/2026\\\/03\\\/20\\\/batalha-de-rimas-e-cultura-agita-macapa\\\/\"},\"wordCount\":211,\"commentCount\":0,\"keywords\":[\"batalha de rap\",\"comidas t\u00edpicas\",\"cultura local\"],\"articleSection\":[\"Cultura\"],\"inLanguage\":\"en-US\",\"potentialAction\":[{\"@type\":\"CommentAction\",\"name\":\"Comment\",\"target\":[\"https:\\\/\\\/guerreiro.dev.br\\\/news\\\/2026\\\/03\\\/20\\\/batalha-de-rimas-e-cultura-agita-macapa\\\/#respond\"]}]},{\"@type\":\"WebPage\",\"@id\":\"https:\\\/\\\/guerreiro.dev.br\\\/news\\\/2026\\\/03\\\/20\\\/batalha-de-rimas-e-cultura-agita-macapa\\\/\",\"url\":\"https:\\\/\\\/guerreiro.dev.br\\\/news\\\/2026\\\/03\\\/20\\\/batalha-de-rimas-e-cultura-agita-macapa\\\/\",\"name\":\"Batalha de Rimas e Cultura Agita Macap\u00e1 - Guerreiro News\",\"isPartOf\":{\"@id\":\"https:\\\/\\\/guerreiro.dev.br\\\/news\\\/#website\"},\"datePublished\":\"2026-03-20T00:55:39+00:00\",\"author\":{\"@id\":\"https:\\\/\\\/guerreiro.dev.br\\\/news\\\/#\\\/schema\\\/person\\\/282e053998765cb4795f8e50313a7489\"},\"description\":\"A cidade de Macap\u00e1 ser\u00e1 palco de um evento cultural vibrante neste s\u00e1bado, 6 de maio, com a realiza\u00e7\u00e3o da Batalha de Rap no Mercado Central. O.\",\"breadcrumb\":{\"@id\":\"https:\\\/\\\/guerreiro.dev.br\\\/news\\\/2026\\\/03\\\/20\\\/batalha-de-rimas-e-cultura-agita-macapa\\\/#breadcrumb\"},\"inLanguage\":\"en-US\",\"potentialAction\":[{\"@type\":\"ReadAction\",\"target\":[\"https:\\\/\\\/guerreiro.dev.br\\\/news\\\/2026\\\/03\\\/20\\\/batalha-de-rimas-e-cultura-agita-macapa\\\/\"]}]},{\"@type\":\"BreadcrumbList\",\"@id\":\"https:\\\/\\\/guerreiro.dev.br\\\/news\\\/2026\\\/03\\\/20\\\/batalha-de-rimas-e-cultura-agita-macapa\\\/#breadcrumb\",\"itemListElement\":[{\"@type\":\"ListItem\",\"position\":1,\"name\":\"Home\",\"item\":\"https:\\\/\\\/guerreiro.dev.br\\\/news\\\/\"},{\"@type\":\"ListItem\",\"position\":2,\"name\":\"Batalha de Rimas e Cultura Agita Macap\u00e1\"}]},{\"@type\":\"WebSite\",\"@id\":\"https:\\\/\\\/guerreiro.dev.br\\\/news\\\/#website\",\"url\":\"https:\\\/\\\/guerreiro.dev.br\\\/news\\\/\",\"name\":\"Guerreiro News\",\"description\":\"Guerreiro Dev&#039;s news site\",\"potentialAction\":[{\"@type\":\"SearchAction\",\"target\":{\"@type\":\"EntryPoint\",\"urlTemplate\":\"https:\\\/\\\/guerreiro.dev.br\\\/news\\\/?s={search_term_string}\"},\"query-input\":{\"@type\":\"PropertyValueSpecification\",\"valueRequired\":true,\"valueName\":\"search_term_string\"}}],\"inLanguage\":\"en-US\"},{\"@type\":\"Person\",\"@id\":\"https:\\\/\\\/guerreiro.dev.br\\\/news\\\/#\\\/schema\\\/person\\\/282e053998765cb4795f8e50313a7489\",\"name\":\"admin\",\"image\":{\"@type\":\"ImageObject\",\"inLanguage\":\"en-US\",\"@id\":\"https:\\\/\\\/secure.gravatar.com\\\/avatar\\\/580963dccb0d577f36efe7525df05e0aaf539eabf4172b5968ed214fcb01d281?s=96&d=mm&r=g\",\"url\":\"https:\\\/\\\/secure.gravatar.com\\\/avatar\\\/580963dccb0d577f36efe7525df05e0aaf539eabf4172b5968ed214fcb01d281?s=96&d=mm&r=g\",\"contentUrl\":\"https:\\\/\\\/secure.gravatar.com\\\/avatar\\\/580963dccb0d577f36efe7525df05e0aaf539eabf4172b5968ed214fcb01d281?s=96&d=mm&r=g\",\"caption\":\"admin\"},\"sameAs\":[\"https:\\\/\\\/guerreiro.dev.br\\\/news\"],\"url\":\"https:\\\/\\\/guerreiro.dev.br\\\/news\\\/author\\\/admin\\\/\"}]}<\/script>\n<!-- \/ Yoast SEO plugin. -->","yoast_head_json":{"title":"Batalha de Rimas e Cultura Agita Macap\u00e1 - Guerreiro News","description":"A cidade de Macap\u00e1 ser\u00e1 palco de um evento cultural vibrante neste s\u00e1bado, 6 de maio, com a realiza\u00e7\u00e3o da Batalha de Rap no Mercado Central. O.","robots":{"index":"index","follow":"follow","max-snippet":"max-snippet:-1","max-image-preview":"max-image-preview:large","max-video-preview":"max-video-preview:-1"},"canonical":"https:\/\/guerreiro.dev.br\/news\/2026\/03\/20\/batalha-de-rimas-e-cultura-agita-macapa\/","og_locale":"en_US","og_type":"article","og_title":"Batalha de Rimas e Cultura Agita Macap\u00e1 - Guerreiro News","og_description":"A cidade de Macap\u00e1 ser\u00e1 palco de um evento cultural vibrante neste s\u00e1bado, 6 de maio, com a realiza\u00e7\u00e3o da Batalha de Rap no Mercado Central. O.","og_url":"https:\/\/guerreiro.dev.br\/news\/2026\/03\/20\/batalha-de-rimas-e-cultura-agita-macapa\/","og_site_name":"Guerreiro News","article_published_time":"2026-03-20T00:55:39+00:00","author":"admin","twitter_card":"summary_large_image","twitter_misc":{"Written by":"admin","Est. reading time":"1 minute"},"schema":{"@context":"https:\/\/schema.org","@graph":[{"@type":"Article","@id":"https:\/\/guerreiro.dev.br\/news\/2026\/03\/20\/batalha-de-rimas-e-cultura-agita-macapa\/#article","isPartOf":{"@id":"https:\/\/guerreiro.dev.br\/news\/2026\/03\/20\/batalha-de-rimas-e-cultura-agita-macapa\/"},"author":{"name":"admin","@id":"https:\/\/guerreiro.dev.br\/news\/#\/schema\/person\/282e053998765cb4795f8e50313a7489"},"headline":"Batalha de Rimas e Cultura Agita Macap\u00e1","datePublished":"2026-03-20T00:55:39+00:00","mainEntityOfPage":{"@id":"https:\/\/guerreiro.dev.br\/news\/2026\/03\/20\/batalha-de-rimas-e-cultura-agita-macapa\/"},"wordCount":211,"commentCount":0,"keywords":["batalha de rap","comidas t\u00edpicas","cultura local"],"articleSection":["Cultura"],"inLanguage":"en-US","potentialAction":[{"@type":"CommentAction","name":"Comment","target":["https:\/\/guerreiro.dev.br\/news\/2026\/03\/20\/batalha-de-rimas-e-cultura-agita-macapa\/#respond"]}]},{"@type":"WebPage","@id":"https:\/\/guerreiro.dev.br\/news\/2026\/03\/20\/batalha-de-rimas-e-cultura-agita-macapa\/","url":"https:\/\/guerreiro.dev.br\/news\/2026\/03\/20\/batalha-de-rimas-e-cultura-agita-macapa\/","name":"Batalha de Rimas e Cultura Agita Macap\u00e1 - Guerreiro News","isPartOf":{"@id":"https:\/\/guerreiro.dev.br\/news\/#website"},"datePublished":"2026-03-20T00:55:39+00:00","author":{"@id":"https:\/\/guerreiro.dev.br\/news\/#\/schema\/person\/282e053998765cb4795f8e50313a7489"},"description":"A cidade de Macap\u00e1 ser\u00e1 palco de um evento cultural vibrante neste s\u00e1bado, 6 de maio, com a realiza\u00e7\u00e3o da Batalha de Rap no Mercado Central. O.","breadcrumb":{"@id":"https:\/\/guerreiro.dev.br\/news\/2026\/03\/20\/batalha-de-rimas-e-cultura-agita-macapa\/#breadcrumb"},"inLanguage":"en-US","potentialAction":[{"@type":"ReadAction","target":["https:\/\/guerreiro.dev.br\/news\/2026\/03\/20\/batalha-de-rimas-e-cultura-agita-macapa\/"]}]},{"@type":"BreadcrumbList","@id":"https:\/\/guerreiro.dev.br\/news\/2026\/03\/20\/batalha-de-rimas-e-cultura-agita-macapa\/#breadcrumb","itemListElement":[{"@type":"ListItem","position":1,"name":"Home","item":"https:\/\/guerreiro.dev.br\/news\/"},{"@type":"ListItem","position":2,"name":"Batalha de Rimas e Cultura Agita Macap\u00e1"}]},{"@type":"WebSite","@id":"https:\/\/guerreiro.dev.br\/news\/#website","url":"https:\/\/guerreiro.dev.br\/news\/","name":"Guerreiro News","description":"Guerreiro Dev&#039;s news site","potentialAction":[{"@type":"SearchAction","target":{"@type":"EntryPoint","urlTemplate":"https:\/\/guerreiro.dev.br\/news\/?s={search_term_string}"},"query-input":{"@type":"PropertyValueSpecification","valueRequired":true,"valueName":"search_term_string"}}],"inLanguage":"en-US"},{"@type":"Person","@id":"https:\/\/guerreiro.dev.br\/news\/#\/schema\/person\/282e053998765cb4795f8e50313a7489","name":"admin","image":{"@type":"ImageObject","inLanguage":"en-US","@id":"https:\/\/secure.gravatar.com\/avatar\/580963dccb0d577f36efe7525df05e0aaf539eabf4172b5968ed214fcb01d281?s=96&d=mm&r=g","url":"https:\/\/secure.gravatar.com\/avatar\/580963dccb0d577f36efe7525df05e0aaf539eabf4172b5968ed214fcb01d281?s=96&d=mm&r=g","contentUrl":"https:\/\/secure.gravatar.com\/avatar\/580963dccb0d577f36efe7525df05e0aaf539eabf4172b5968ed214fcb01d281?s=96&d=mm&r=g","caption":"admin"},"sameAs":["https:\/\/guerreiro.dev.br\/news"],"url":"https:\/\/guerreiro.dev.br\/news\/author\/admin\/"}]}},"_links":{"self":[{"href":"https:\/\/guerreiro.dev.br\/news\/wp-json\/wp\/v2\/posts\/1591","targetHints":{"allow":["GET"]}}],"collection":[{"href":"https:\/\/guerreiro.dev.br\/news\/wp-json\/wp\/v2\/posts"}],"about":[{"href":"https:\/\/guerreiro.dev.br\/news\/wp-json\/wp\/v2\/types\/post"}],"author":[{"embeddable":true,"href":"https:\/\/guerreiro.dev.br\/news\/wp-json\/wp\/v2\/users\/1"}],"replies":[{"embeddable":true,"href":"https:\/\/guerreiro.dev.br\/news\/wp-json\/wp\/v2\/comments?post=1591"}],"version-history":[{"count":0,"href":"https:\/\/guerreiro.dev.br\/news\/wp-json\/wp\/v2\/posts\/1591\/revisions"}],"wp:attachment":[{"href":"https:\/\/guerreiro.dev.br\/news\/wp-json\/wp\/v2\/media?parent=1591"}],"wp:term":[{"taxonomy":"category","embeddable":true,"href":"https:\/\/guerreiro.dev.br\/news\/wp-json\/wp\/v2\/categories?post=1591"},{"taxonomy":"post_tag","embeddable":true,"href":"https:\/\/guerreiro.dev.br\/news\/wp-json\/wp\/v2\/tags?post=1591"}],"curies":[{"name":"wp","href":"https:\/\/api.w.org\/{rel}","templated":true}]}}