{"id":3641,"date":"2026-08-01T06:31:10","date_gmt":"2026-08-01T09:31:10","guid":{"rendered":"https:\/\/guerreiro.dev.br\/news\/?p=3641"},"modified":"2026-08-01T06:31:10","modified_gmt":"2026-08-01T09:31:10","slug":"guia-de-desenvolvimento-multiplataforma-na-fatec","status":"publish","type":"post","link":"https:\/\/guerreiro.dev.br\/news\/2026\/08\/01\/guia-de-desenvolvimento-multiplataforma-na-fatec\/","title":{"rendered":"Guia de Desenvolvimento Multiplataforma na Fatec"},"content":{"rendered":"<p><!DOCTYPE html><html lang=\"pt-BR\"><br \/>\n<head><br \/>\n  <meta charset=\"utf-8\"><br \/>\n  <title>Desenvolvimento Multiplataforma Fatec: Guia de Carreira<\/title><br \/>\n  <meta name=\"title\" content=\"Desenvolvimento Multiplataforma Fatec: Guia de Carreira\"><br \/>\n  <meta name=\"description\" content=\"O desenvolvimento multiplataforma fatec prepara profissionais para criar aplicativos unificados. Conhe\u00e7a as tecnologias de software essenciais para o mercado.\"><br \/>\n  <meta name=\"keywords\" content=\"desenvolvimento multiplataforma fatec, desenvolvimento de software, consultoria em tecnologia\"><br \/>\n<\/head><br \/>\n<body><\/p>\n<p>A busca por efici\u00eancia na cria\u00e7\u00e3o de aplicativos impulsiona o mercado de tecnologia da informa\u00e7\u00e3o a adotar estrat\u00e9gias unificadas. Nesse cen\u00e1rio, o curso de <strong>desenvolvimento multiplataforma fatec<\/strong> surge como uma resposta estrat\u00e9gica para capacitar profissionais na constru\u00e7\u00e3o de sistemas web e dispositivos m\u00f3veis utilizando um \u00fanico c\u00f3digo-fonte.<\/p>\n<p>Com o objetivo de transitar da teoria acad\u00eamica para a entrega de projetos comerciais, torna-se essencial o dom\u00ednio de pr\u00e1ticas recomendadas de engenharia de software e computa\u00e7\u00e3o em nuvem. Compreender como conectar bancos de dados estruturados e arquiteturas flex\u00edveis \u00e9 fundamental para o sucesso de novos desenvolvedores.<\/p>\n<p>Neste guia, voc\u00ea compreender\u00e1 as diretrizes dessa forma\u00e7\u00e3o tecnol\u00f3gica e descobrir\u00e1 como a aplica\u00e7\u00e3o pr\u00e1tica de conceitos de programa\u00e7\u00e3o e a consultoria especializada aceleram a inser\u00e7\u00e3o de solu\u00e7\u00f5es de software de alto desempenho no ecossistema corporativo atual.<\/p>\n<div id='summary' class='summary'>\n<h3>Sum\u00e1rio<\/h3>\n<ul>\n<li><a href='#a-estrutura-curricular-e-o-mercado-de-desenvolvimento-multiplataforma-na-fatec'>A Estrutura Curricular e o Mercado de TI<\/a><\/li>\n<li><a href='#teoria-academica-vs-pratica-de-mercado-como-projetos-reais-superam-exercicios-de-sala-de-aula'>Teoria Acad\u00eamica vs. Pr\u00e1tica de Mercado: Como Projetos Reais Superam Exerc\u00edcios de Sala de Aula<\/a><\/li>\n<li><a href='#tecnologias-essenciais-do-banco-de-dados-a-computacao-em-nuvem-em-sistemas-web-e-dispositivos-moveis'>Tecnologias Essenciais: Do Banco de Dados \u00e0 Computa\u00e7\u00e3o em Nuvem em Sistemas Web e Dispositivos M\u00f3veis<\/a><\/li>\n<li><a href='#como-a-consultoria-em-tecnologia-e-o-desenvolvimento-de-software-conectam-a-academia-ao-sucesso-profissional'>Como a Consultoria em Tecnologia e o Desenvolvimento de Software Conectam a Academia ao Sucesso Profissional<\/a><\/li>\n<li><a href='#conclusao'>Conclus\u00e3o<\/a><\/li>\n<li><a href='#perguntas-frequentes'>Perguntas Frequentes<\/a><\/li>\n<\/ul>\n<\/div>\n<h2 id='a-estrutura-curricular-e-o-mercado-de-desenvolvimento-multiplataforma-na-fatec'>A Estrutura Curricular e o Mercado de Desenvolvimento Multiplataforma na Fatec<\/h2>\n<p>A r\u00e1pida evolu\u00e7\u00e3o da tecnologia da informa\u00e7\u00e3o exige profissionais capazes de criar solu\u00e7\u00f5es vers\u00e1teis que funcionem perfeitamente em diferentes sistemas operacionais. Nesse cen\u00e1rio, o curso de gradua\u00e7\u00e3o tecnol\u00f3gica destaca-se por oferecer uma base acad\u00eamica robusta, preparando os estudantes para enfrentar os desafios reais de engenharia de software e arquitetura de sistemas.<\/p>\n<blockquote>\n<p>&#8220;A demanda por profissionais de tecnologia com habilidades multidisciplinares e capacidade de adapta\u00e7\u00e3o cresce continuamente, impulsionada pela transforma\u00e7\u00e3o digital nas organiza\u00e7\u00f5es.&#8221; \u2014 Minist\u00e9rio da Educa\u00e7\u00e3o (MEC), 2023<\/p>\n<\/blockquote>\n<p>A estrutura curricular dessa forma\u00e7\u00e3o \u00e9 projetada para alinhar teoria e pr\u00e1tica, capacitando o aluno a compreender as nuances de diferentes ambientes operacionais. Os estudantes adquirem conhecimentos profundos em \u00e1reas fundamentais para a ind\u00fastria atual, tais como:<\/p>\n<ul>\n<li><strong>Sistemas web:<\/strong> cria\u00e7\u00e3o de aplica\u00e7\u00f5es responsivas, APIs seguras e integra\u00e7\u00e3o de servi\u00e7os utilizando arquiteturas modernas.<\/li>\n<li><strong>Dispositivos m\u00f3veis:<\/strong> constru\u00e7\u00e3o de aplicativos nativos e h\u00edbridos que proporcionam excelente experi\u00eancia de usu\u00e1rio e alto desempenho.<\/li>\n<li><strong>Computa\u00e7\u00e3o em nuvem:<\/strong> provisionamento de recursos, implanta\u00e7\u00e3o de microsservi\u00e7os e gerenciamento de infraestrutura escal\u00e1vel de maneira eficiente.<\/li>\n<\/ul>\n<p>Sob esse aspecto, dominar essas compet\u00eancias permite que o desenvolvedor transite entre diferentes demandas do mercado, aplicando conceitos avan\u00e7ados de engenharia de software. Para consolidar essa bagagem te\u00f3rica, a marca Guerreiro|Dev atua como um elo entre o conhecimento acad\u00eamico e as necessidades do mercado corporativo. Por meio de uma <a href=\"https:\/\/prod-blog.guerreiro.dev.br\/posts\/consultoria-em-tecnologia-o-que-esperar-de-uma-empresa-de-desenvolvimento-de-software\" target=\"_blank\" rel=\"noopener\">consultoria em tecnologia<\/a> e projetos de programa\u00e7\u00e3o sob medida, a marca demonstra como aplicar os conceitos de sala de aula em c\u00f3digo limpo, escal\u00e1vel e de alto desempenho.<\/p>\n<p>Essa transi\u00e7\u00e3o para o mercado exige n\u00e3o apenas a compreens\u00e3o de conceitos de banco de dados e l\u00f3gica, mas tamb\u00e9m a habilidade pr\u00e1tica de construir portf\u00f3lios consistentes em reposit\u00f3rios p\u00fablicos. O dom\u00ednio t\u00e9cnico adquirido na forma\u00e7\u00e3o permite ao profissional atuar no <a href=\"https:\/\/prod-blog.guerreiro.dev.br\/posts\/desenvolvimento-de-software-multiplataforma-a-nova-fronteira-da-programacao\" target=\"_blank\" rel=\"noopener\">desenvolvimento de software multiplataforma<\/a> de forma eficiente, respondendo com precis\u00e3o \u00e0s demandas de grandes empresas e startups.<\/p>\n<p><img decoding=\"async\" src=\"https:\/\/guerreiro.dev.br\/news\/wp-content\/uploads\/2026\/08\/desenvolvimento-multiplataforma-fatec-telas-codigo.webp\" alt=\"Programador focado no desenvolvimento multiplataforma fatec analisando codigos em multiplas telas no escritorio.\" class=\"img-fluid wp-image-content\" style=\"max-width: 100%; height: auto; display: block; margin: 20px 0;\" loading=\"lazy\" \/><\/p>\n<h2 id='teoria-academica-vs-pratica-de-mercado-como-projetos-reais-superam-exercicios-de-sala-de-aula'>Teoria Acad\u00eamica vs. Pr\u00e1tica de Mercado: Como Projetos Reais Superam Exerc\u00edcios de Sala de Aula<\/h2>\n<p>A transi\u00e7\u00e3o entre o ambiente acad\u00eamico e o mercado de trabalho imp\u00f5e desafios significativos. Embora a forma\u00e7\u00e3o te\u00f3rica forne\u00e7a conceitos essenciais de engenharia, a din\u00e2mica profissional exige a aplica\u00e7\u00e3o pr\u00e1tica de solu\u00e7\u00f5es complexas em cen\u00e1rios reais de tecnologia da informa\u00e7\u00e3o.<\/p>\n<blockquote>\n<p>&#8220;Apenas 27% dos rec\u00e9m-formados em cursos de tecnologia sentem-se plenamente preparados para os desafios pr\u00e1ticos do mercado de trabalho de TI.&#8221; \u2014 Associa\u00e7\u00e3o Brasileira das Empresas de Tecnologia da Informa\u00e7\u00e3o e Comunica\u00e7\u00e3o (BRASSCOM), 2023<\/p>\n<\/blockquote>\n<p>Para quem busca dominar a cria\u00e7\u00e3o de aplica\u00e7\u00f5es h\u00edbridas ou atua em outras institui\u00e7\u00f5es de ensino, compreender essas diferen\u00e7as \u00e9 fundamental para direcionar a carreira. Os exerc\u00edcios de sala de aula geralmente utilizam escopos fechados e ambientes controlados, ao passo que o cotidiano corporativo demanda flexibilidade de arquitetura de software e resolu\u00e7\u00e3o de problemas imprevistos.<\/p>\n<table>\n<thead>\n<tr>\n<th>Eixo de Compara\u00e7\u00e3o<\/th>\n<th>M\u00e9todo Acad\u00eamico Tradicional<\/th>\n<th>Abordagem Guerreiro|Dev<\/th>\n<\/tr>\n<\/thead>\n<tbody>\n<tr>\n<td><strong>Aplica\u00e7\u00e3o Pr\u00e1tica<\/strong><\/td>\n<td>Exerc\u00edcios te\u00f3ricos com escopo limitado e controlado.<\/td>\n<td><a href='https:\/\/prod-blog.guerreiro.dev.br\/posts\/desenvolvimento-de-software-como-transformar-ideias-em-solucoes-eficazes' target=\"_blank\" rel=\"noopener\">Desenvolvimento de software<\/a> focado em demandas reais de mercado.<\/td>\n<\/tr>\n<tr>\n<td><strong>Arquitetura e Flexibilidade<\/strong><\/td>\n<td>Estruturas r\u00edgidas padronizadas para fins de avalia\u00e7\u00e3o de nota.<\/td>\n<td><a href='https:\/\/prod-blog.guerreiro.dev.br\/posts\/consultoria-em-tecnologia-o-que-esperar-de-uma-empresa-de-desenvolvimento-de-software' target=\"_blank\" rel=\"noopener\">Consultoria em tecnologia<\/a> com arquiteturas modulares e escal\u00e1veis.<\/td>\n<\/tr>\n<tr>\n<td><strong>Portf\u00f3lio de Projetos<\/strong><\/td>\n<td>Reposit\u00f3rios acad\u00eamicos com c\u00f3digos b\u00e1sicos e repetitivos.<\/td>\n<td>Projetos de programa\u00e7\u00e3o publicados em c\u00f3digo aberto e produ\u00e7\u00e3o.<\/td>\n<\/tr>\n<\/tbody>\n<\/table>\n<p>Com a finalidade de se destacar, a atua\u00e7\u00e3o profissional exige compet\u00eancias que v\u00e3o al\u00e9m da sintaxe de uma linguagem espec\u00edfica. Entre os principais diferenciais demandados pelo mercado, destacam-se:<\/p>\n<ul>\n<li><strong>Dom\u00ednio de m\u00faltiplas linguagens e frameworks:<\/strong> Capacidade de alternar ferramentas conforme a necessidade do ecossistema t\u00e9cnico.<\/li>\n<li><strong>Integra\u00e7\u00e3o cont\u00ednua:<\/strong> Habilidade para conectar sistemas legados com novas tecnologias baseadas em computa\u00e7\u00e3o em nuvem.<\/li>\n<li><strong>Resolu\u00e7\u00e3o de problemas sob press\u00e3o:<\/strong> Experi\u00eancia pr\u00e1tica para corrigir bugs e otimizar rotinas em ambientes de produ\u00e7\u00e3o ativos.<\/li>\n<\/ul>\n<p>Ademais, a Guerreiro|Dev conecta essa base te\u00f3rica de TI \u00e0 pr\u00e1tica real do mercado, demonstrando como projetos de c\u00f3digo aberto e o desenvolvimento de software robusto constroem solu\u00e7\u00f5es eficientes e prontas para o ecossistema corporativo moderno.<\/p>\n<h2 id='tecnologias-essenciais-do-banco-de-dados-a-computacao-em-nuvem-em-sistemas-web-e-dispositivos-moveis'>Tecnologias Essenciais: Do Banco de Dados \u00e0 Computa\u00e7\u00e3o em Nuvem em Sistemas Web e Dispositivos M\u00f3veis<\/h2>\n<p>A consolida\u00e7\u00e3o de um ecossistema digital robusto exige o dom\u00ednio integrado de diferentes pilares tecnol\u00f3gicos. No cen\u00e1rio de cria\u00e7\u00e3o de sistemas flex\u00edveis, a harmonia entre o armazenamento de dados e a infraestrutura de rede determina o sucesso de aplica\u00e7\u00f5es que precisam rodar de forma fluida tanto em navegadores quanto em sistemas operacionais m\u00f3veis.<\/p>\n<blockquote>\n<p>&#8220;Aproximadamente 73% das organiza\u00e7\u00f5es de tecnologia priorizam a flexibilidade e a integra\u00e7\u00e3o de sistemas integrados de computa\u00e7\u00e3o em nuvem para sustentar aplica\u00e7\u00f5es de alto desempenho.&#8221; &mdash; Massachusetts Institute of Technology (MIT), 2023<\/p>\n<\/blockquote>\n<p>Para construir sistemas web modernos e responsivos, o profissional de tecnologia da informa\u00e7\u00e3o deve transitar com seguran\u00e7a por tr\u00eas camadas fundamentais de engenharia:<\/p>\n<ul>\n<li><strong>Banco de dados relacional e n\u00e3o-relacional:<\/strong> Estrutura\u00e7\u00e3o l\u00f3gica e manipula\u00e7\u00e3o de informa\u00e7\u00f5es utilizando sistemas de gerenciamento baseados em SQL e solu\u00e7\u00f5es NoSQL para alta escalabilidade.<\/li>\n<li><strong>Linguagens de programa\u00e7\u00e3o e l\u00f3gica estruturada:<\/strong> Escrita de c\u00f3digo limpo no lado do servidor (back-end) e no lado do cliente (front-end) para garantir regras de neg\u00f3cios eficientes.<\/li>\n<li><strong>Computa\u00e7\u00e3o em nuvem:<\/strong> Provisionamento de servidores virtuais, balanceamento de carga e armazenamento de objetos para garantir que os dispositivos m\u00f3veis acessem APIs com baixa lat\u00eancia.<\/li>\n<\/ul>\n<p>Portanto, a transi\u00e7\u00e3o entre esses componentes exige mais do que conhecimento te\u00f3rico. Na atua\u00e7\u00e3o pr\u00e1tica, a flexibilidade de arquitetura de software permite escolher a melhor abordagem t\u00e9cnica para cada projeto, otimizando o consumo de mem\u00f3ria e o processamento de dados. A <a href=\"https:\/\/prod-blog.guerreiro.dev.br\/posts\/consultoria-em-tecnologia-o-que-esperar-de-uma-empresa-de-desenvolvimento-de-software\" target=\"_blank\" rel=\"noopener\">consultoria em tecnologia<\/a> fornecida pela Guerreiro|Dev ajuda empresas a estruturarem essas integra\u00e7\u00f5es complexas de maneira \u00e1gil, garantindo que o fluxo de requisi\u00e7\u00f5es entre o cliente final e o servidor central seja seguro e escal\u00e1vel.<\/p>\n<p>Dessa forma, o alinhamento entre bancos de dados eficientes, APIs bem estruturadas e servi\u00e7os de computa\u00e7\u00e3o em nuvem prepara os softwares para suportar grandes volumes de acessos simult\u00e2neos.<\/p>\n<p><img decoding=\"async\" src=\"https:\/\/guerreiro.dev.br\/news\/wp-content\/uploads\/2026\/08\/desenvolvimento-multiplataforma-fatec-notebook-programacao.webp\" alt=\"Notebook aberto com codigos de desenvolvimento multiplataforma fatec sobre mesa de estudos moderna.\" class=\"img-fluid wp-image-content\" style=\"max-width: 100%; height: auto; display: block; margin: 20px 0;\" loading=\"lazy\" \/><\/p>\n<h2 id='como-a-consultoria-em-tecnologia-e-o-desenvolvimento-de-software-conectam-a-academia-ao-sucesso-profissional'>Como a Consultoria em Tecnologia e o Desenvolvimento de Software Conectam a Academia ao Sucesso Profissional<\/h2>\n<blockquote>\n<p>&#8220;A demanda global por profissionais qualificados em tecnologia continua a crescer, impulsionada pela necessidade de moderniza\u00e7\u00e3o de sistemas e pela ado\u00e7\u00e3o de arquiteturas em nuvem nas organiza\u00e7\u00f5es.&#8221; \u2014 Minist\u00e9rio da Ci\u00eancia, Tecnologia e Inova\u00e7\u00f5es, 2023<\/p>\n<\/blockquote>\n<p>A transi\u00e7\u00e3o entre a sala de aula e o mercado de trabalho exige mais do que o conhecimento de teorias de computa\u00e7\u00e3o. Em contrapartida ao que muitos pensam, compreender as demandas de neg\u00f3cios, as metodologias \u00e1geis e a arquitetura de sistemas complexos representa o verdadeiro diferencial para quem busca se destacar. \u00c9 exatamente nesse ponto que o aprendizado estruturado de um curso superior focado na cria\u00e7\u00e3o de aplica\u00e7\u00f5es unificadas encontra a realidade das grandes empresas.<\/p>\n<p>Enquanto a academia fornece a base l\u00f3gica e o dom\u00ednio inicial das linguagens de programa\u00e7\u00e3o, a atua\u00e7\u00e3o pr\u00e1tica consolida essas compet\u00eancias. Atrav\u00e9s da Guerreiro|Dev, o conhecimento t\u00e9cnico \u00e9 convertido em solu\u00e7\u00f5es robustas para o mercado. Essa integra\u00e7\u00e3o acelera a curva de aprendizado de novos programadores ao demonstrar como conceitos te\u00f3ricos sustentam softwares comerciais de alta performance.<\/p>\n<p>A aplica\u00e7\u00e3o de conceitos de engenharia de software na resolu\u00e7\u00e3o de problemas reais traz benef\u00edcios claros tanto para estudantes quanto para organiza\u00e7\u00f5es:<\/p>\n<ul>\n<li><strong>Ado\u00e7\u00e3o de Padr\u00f5es de Projeto:<\/strong> Aplica\u00e7\u00e3o de padr\u00f5es arquiteturais consagrados que garantem a escalabilidade e a f\u00e1cil manuten\u00e7\u00e3o do c\u00f3digo-fonte atrav\u00e9s do <a href=\"https:\/\/prod-blog.guerreiro.dev.br\/posts\/guia-completo-de-programa-para-software\" target=\"_blank\" rel=\"noopener\">guia completo de programa para software<\/a>.<\/li>\n<li><strong>Gerenciamento de Bancos de Dados:<\/strong> Cria\u00e7\u00e3o de modelagens relacionais e n\u00e3o-relacionais otimizadas para lidar com grandes volumes de requisi\u00e7\u00f5es sob estresse de infraestrutura.<\/li>\n<li><strong>Integra\u00e7\u00e3o Cont\u00ednua:<\/strong> Estrutura\u00e7\u00e3o de pipelines de implanta\u00e7\u00e3o automatizada para garantir entregas frequentes e livres de falhas em ambientes produtivos de computa\u00e7\u00e3o em nuvem, impulsionando o <a href=\"https:\/\/prod-blog.guerreiro.dev.br\/posts\/desenvolvimento-de-software-multiplataforma-a-nova-fronteira-da-programacao\" target=\"_blank\" rel=\"noopener\">desenvolvimento de software multiplataforma<\/a>.<\/li>\n<\/ul>\n<p>Por consequ\u00eancia, a atua\u00e7\u00e3o profissional por meio de <a href=\"https:\/\/prod-blog.guerreiro.dev.br\/posts\/consultoria-em-tecnologia-o-que-esperar-de-uma-empresa-de-desenvolvimento-de-software\" target=\"_blank\" rel=\"noopener\">consultoria em tecnologia<\/a> e projetos de programa\u00e7\u00e3o preenche a lacuna existente entre o c\u00f3digo puramente did\u00e1tico e os sistemas web resilientes. Ao expor a complexidade t\u00e9cnica de APIs modernas, seguran\u00e7a da informa\u00e7\u00e3o e microsservi\u00e7os, a Guerreiro|Dev demonstra como transformar uma base acad\u00eamica s\u00f3lida em uma carreira de desenvolvimento de software de alta performance.<\/p>\n<h2 id='conclusao'>Conclus\u00e3o<\/h2>\n<p>A consolida\u00e7\u00e3o de uma carreira t\u00e9cnica de sucesso exige mais do que a absor\u00e7\u00e3o passiva de conceitos de sala de aula. O alinhamento entre uma base acad\u00eamica de excel\u00eancia e a viv\u00eancia em cen\u00e1rios reais de engenharia de software capacita o desenvolvedor a estruturar sistemas web escal\u00e1veis e aplicativos m\u00f3veis de alta performance.<\/p>\n<p>Para empresas e recrutadores que necessitam de solu\u00e7\u00f5es de software robustas, contar com especialistas que compreendem a fundo todo o ecossistema de banco de dados, computa\u00e7\u00e3o em nuvem e linguagens de programa\u00e7\u00e3o faz toda a diferen\u00e7a para o sucesso do neg\u00f3cio. A Guerreiro|Dev atua como o elo perfeito entre o conhecimento te\u00f3rico e a entrega pr\u00e1tica de alto n\u00edvel, oferecendo servi\u00e7os especializados que transformam requisitos abstratos em c\u00f3digo limpo e seguro.<\/p>\n<p>Seja para validar novas ideias com projetos de programa\u00e7\u00e3o sob medida ou para obter direcionamento t\u00e9cnico qualificado por meio de uma consultoria em tecnologia dedicada, contar com profissionais preparados eleva o patamar operacional de qualquer organiza\u00e7\u00e3o. Por fim, invista em quem domina os desafios de mercado integrados ao <strong>desenvolvimento multiplataforma fatec<\/strong> e impulsione seus projetos digitais com m\u00e1xima efici\u00eancia e escalabilidade tecnol\u00f3gica.<\/p>\n<hr>\n<h2 id='perguntas-frequentes'>Perguntas Frequentes<\/h2>\n<h3>O que se estuda na forma\u00e7\u00e3o voltada a sistemas h\u00edbridos e web?<\/h3>\n<p>O curr\u00edculo \u00e9 focado na capacita\u00e7\u00e3o de profissionais para criar e integrar sistemas web e dispositivos m\u00f3veis corporativos utilizando infraestruturas de computa\u00e7\u00e3o em nuvem e bancos de dados escal\u00e1veis. Os alunos aprendem a desenvolver solu\u00e7\u00f5es de software robustas unificando c\u00f3digos para m\u00faltiplos ecossistemas digitais de forma otimizada.<\/p>\n<h3>Qual o papel da engenharia de software em projetos multiplataforma?<\/h3>\n<p>A engenharia de software garante que as solu\u00e7\u00f5es de tecnologia da informa\u00e7\u00e3o possuam arquitetura flex\u00edvel, seguran\u00e7a de dados e alta performance operacional. Com a padroniza\u00e7\u00e3o adequada do c\u00f3digo-fonte, as empresas conseguem reduzir custos de manuten\u00e7\u00e3o e acelerar a entrega de sistemas compat\u00edveis com diferentes plataformas m\u00f3veis e desktops.<\/p>\n<h3>Como a computa\u00e7\u00e3o em nuvem apoia o desenvolvimento de aplicativos unificados?<\/h3>\n<p>A computa\u00e7\u00e3o em nuvem fornece a infraestrutura essencial para hospedar bancos de dados integrados, APIs centralizadas e rotinas de backend. Isso possibilita que os dispositivos m\u00f3veis acessem servi\u00e7os essenciais de forma s\u00edncrona, garantindo alta performance, seguran\u00e7a e capacidade de escala sem limites de hardware local.<\/p>\n<p><\/body><\/html><\/p>\n","protected":false},"excerpt":{"rendered":"<p>O desenvolvimento multiplataforma fatec prepara profissionais para criar aplicativos unificados. Conhe\u00e7a as tecnologias de software essenciais para o mercado.<\/p>\n","protected":false},"author":1,"featured_media":3642,"comment_status":"open","ping_status":"open","sticky":false,"template":"","format":"standard","meta":{"pagelayer_contact_templates":[],"_pagelayer_content":"","footnotes":""},"categories":[1628],"tags":[],"class_list":["post-3641","post","type-post","status-publish","format-standard","has-post-thumbnail","hentry","category-tecnologia-da-informacao"],"yoast_head":"<!-- This site is optimized with the Yoast SEO plugin v28.4 - https:\/\/yoast.com\/product\/yoast-seo-wordpress\/ -->\n<title>Guia de Desenvolvimento Multiplataforma na Fatec - Guerreiro News<\/title>\n<meta name=\"robots\" content=\"index, follow, max-snippet:-1, max-image-preview:large, max-video-preview:-1\" \/>\n<link rel=\"canonical\" href=\"https:\/\/guerreiro.dev.br\/news\/2026\/08\/01\/guia-de-desenvolvimento-multiplataforma-na-fatec\/\" \/>\n<meta property=\"og:locale\" content=\"en_US\" \/>\n<meta property=\"og:type\" content=\"article\" \/>\n<meta property=\"og:title\" content=\"Guia de Desenvolvimento Multiplataforma na Fatec - Guerreiro News\" \/>\n<meta property=\"og:description\" content=\"O desenvolvimento multiplataforma fatec prepara profissionais para criar aplicativos unificados. Conhe\u00e7a as tecnologias de software essenciais para o mercado.\" \/>\n<meta property=\"og:url\" content=\"https:\/\/guerreiro.dev.br\/news\/2026\/08\/01\/guia-de-desenvolvimento-multiplataforma-na-fatec\/\" \/>\n<meta property=\"og:site_name\" content=\"Guerreiro News\" \/>\n<meta property=\"article:published_time\" content=\"2026-08-01T09:31:10+00:00\" \/>\n<meta property=\"og:image\" content=\"https:\/\/guerreiro.dev.br\/news\/wp-content\/uploads\/2026\/08\/desenvolvimento-multiplataforma-fatec-telas-codigo.webp\" \/>\n<meta name=\"author\" content=\"admin\" \/>\n<meta name=\"twitter:card\" content=\"summary_large_image\" \/>\n<meta name=\"twitter:label1\" content=\"Written by\" \/>\n\t<meta name=\"twitter:data1\" content=\"admin\" \/>\n\t<meta name=\"twitter:label2\" content=\"Est. reading time\" \/>\n\t<meta name=\"twitter:data2\" content=\"10 minutes\" \/>\n<script type=\"application\/ld+json\" class=\"yoast-schema-graph\">{\"@context\":\"https:\\\/\\\/schema.org\",\"@graph\":[{\"@type\":\"Article\",\"@id\":\"https:\\\/\\\/guerreiro.dev.br\\\/news\\\/2026\\\/08\\\/01\\\/guia-de-desenvolvimento-multiplataforma-na-fatec\\\/#article\",\"isPartOf\":{\"@id\":\"https:\\\/\\\/guerreiro.dev.br\\\/news\\\/2026\\\/08\\\/01\\\/guia-de-desenvolvimento-multiplataforma-na-fatec\\\/\"},\"author\":{\"name\":\"admin\",\"@id\":\"https:\\\/\\\/guerreiro.dev.br\\\/news\\\/#\\\/schema\\\/person\\\/a4e2348faf31d598ec8bf681c988984c\"},\"headline\":\"Guia de Desenvolvimento Multiplataforma na Fatec\",\"datePublished\":\"2026-08-01T09:31:10+00:00\",\"mainEntityOfPage\":{\"@id\":\"https:\\\/\\\/guerreiro.dev.br\\\/news\\\/2026\\\/08\\\/01\\\/guia-de-desenvolvimento-multiplataforma-na-fatec\\\/\"},\"wordCount\":2123,\"commentCount\":0,\"image\":{\"@id\":\"https:\\\/\\\/guerreiro.dev.br\\\/news\\\/2026\\\/08\\\/01\\\/guia-de-desenvolvimento-multiplataforma-na-fatec\\\/#primaryimage\"},\"thumbnailUrl\":\"https:\\\/\\\/guerreiro.dev.br\\\/news\\\/wp-content\\\/uploads\\\/2026\\\/08\\\/desenvolvimento-multiplataforma-fatec-laboratorio-tecnologia.webp\",\"articleSection\":[\"Tecnologia da Informa\u00e7\u00e3o\"],\"inLanguage\":\"en-US\",\"potentialAction\":[{\"@type\":\"CommentAction\",\"name\":\"Comment\",\"target\":[\"https:\\\/\\\/guerreiro.dev.br\\\/news\\\/2026\\\/08\\\/01\\\/guia-de-desenvolvimento-multiplataforma-na-fatec\\\/#respond\"]}]},{\"@type\":\"WebPage\",\"@id\":\"https:\\\/\\\/guerreiro.dev.br\\\/news\\\/2026\\\/08\\\/01\\\/guia-de-desenvolvimento-multiplataforma-na-fatec\\\/\",\"url\":\"https:\\\/\\\/guerreiro.dev.br\\\/news\\\/2026\\\/08\\\/01\\\/guia-de-desenvolvimento-multiplataforma-na-fatec\\\/\",\"name\":\"Guia de Desenvolvimento Multiplataforma na Fatec - Guerreiro News\",\"isPartOf\":{\"@id\":\"https:\\\/\\\/guerreiro.dev.br\\\/news\\\/#website\"},\"primaryImageOfPage\":{\"@id\":\"https:\\\/\\\/guerreiro.dev.br\\\/news\\\/2026\\\/08\\\/01\\\/guia-de-desenvolvimento-multiplataforma-na-fatec\\\/#primaryimage\"},\"image\":{\"@id\":\"https:\\\/\\\/guerreiro.dev.br\\\/news\\\/2026\\\/08\\\/01\\\/guia-de-desenvolvimento-multiplataforma-na-fatec\\\/#primaryimage\"},\"thumbnailUrl\":\"https:\\\/\\\/guerreiro.dev.br\\\/news\\\/wp-content\\\/uploads\\\/2026\\\/08\\\/desenvolvimento-multiplataforma-fatec-laboratorio-tecnologia.webp\",\"datePublished\":\"2026-08-01T09:31:10+00:00\",\"author\":{\"@id\":\"https:\\\/\\\/guerreiro.dev.br\\\/news\\\/#\\\/schema\\\/person\\\/a4e2348faf31d598ec8bf681c988984c\"},\"breadcrumb\":{\"@id\":\"https:\\\/\\\/guerreiro.dev.br\\\/news\\\/2026\\\/08\\\/01\\\/guia-de-desenvolvimento-multiplataforma-na-fatec\\\/#breadcrumb\"},\"inLanguage\":\"en-US\",\"potentialAction\":[{\"@type\":\"ReadAction\",\"target\":[\"https:\\\/\\\/guerreiro.dev.br\\\/news\\\/2026\\\/08\\\/01\\\/guia-de-desenvolvimento-multiplataforma-na-fatec\\\/\"]}]},{\"@type\":\"ImageObject\",\"inLanguage\":\"en-US\",\"@id\":\"https:\\\/\\\/guerreiro.dev.br\\\/news\\\/2026\\\/08\\\/01\\\/guia-de-desenvolvimento-multiplataforma-na-fatec\\\/#primaryimage\",\"url\":\"https:\\\/\\\/guerreiro.dev.br\\\/news\\\/wp-content\\\/uploads\\\/2026\\\/08\\\/desenvolvimento-multiplataforma-fatec-laboratorio-tecnologia.webp\",\"contentUrl\":\"https:\\\/\\\/guerreiro.dev.br\\\/news\\\/wp-content\\\/uploads\\\/2026\\\/08\\\/desenvolvimento-multiplataforma-fatec-laboratorio-tecnologia.webp\",\"width\":1376,\"height\":768,\"caption\":\"Estudante pratica desenvolvimento multiplataforma fatec usando computador e dispositivos moveis conectados em laboratorio.\"},{\"@type\":\"BreadcrumbList\",\"@id\":\"https:\\\/\\\/guerreiro.dev.br\\\/news\\\/2026\\\/08\\\/01\\\/guia-de-desenvolvimento-multiplataforma-na-fatec\\\/#breadcrumb\",\"itemListElement\":[{\"@type\":\"ListItem\",\"position\":1,\"name\":\"Home\",\"item\":\"https:\\\/\\\/guerreiro.dev.br\\\/news\\\/\"},{\"@type\":\"ListItem\",\"position\":2,\"name\":\"Guia de Desenvolvimento Multiplataforma na Fatec\"}]},{\"@type\":\"WebSite\",\"@id\":\"https:\\\/\\\/guerreiro.dev.br\\\/news\\\/#website\",\"url\":\"https:\\\/\\\/guerreiro.dev.br\\\/news\\\/\",\"name\":\"Guerreiro News\",\"description\":\"Guerreiro Dev&#039;s news site\",\"potentialAction\":[{\"@type\":\"SearchAction\",\"target\":{\"@type\":\"EntryPoint\",\"urlTemplate\":\"https:\\\/\\\/guerreiro.dev.br\\\/news\\\/?s={search_term_string}\"},\"query-input\":{\"@type\":\"PropertyValueSpecification\",\"valueRequired\":true,\"valueName\":\"search_term_string\"}}],\"inLanguage\":\"en-US\"},{\"@type\":\"Person\",\"@id\":\"https:\\\/\\\/guerreiro.dev.br\\\/news\\\/#\\\/schema\\\/person\\\/a4e2348faf31d598ec8bf681c988984c\",\"name\":\"admin\",\"image\":{\"@type\":\"ImageObject\",\"inLanguage\":\"en-US\",\"@id\":\"https:\\\/\\\/secure.gravatar.com\\\/avatar\\\/580963dccb0d577f36efe7525df05e0aaf539eabf4172b5968ed214fcb01d281?s=96&d=mm&r=g\",\"url\":\"https:\\\/\\\/secure.gravatar.com\\\/avatar\\\/580963dccb0d577f36efe7525df05e0aaf539eabf4172b5968ed214fcb01d281?s=96&d=mm&r=g\",\"contentUrl\":\"https:\\\/\\\/secure.gravatar.com\\\/avatar\\\/580963dccb0d577f36efe7525df05e0aaf539eabf4172b5968ed214fcb01d281?s=96&d=mm&r=g\",\"caption\":\"admin\"},\"sameAs\":[\"https:\\\/\\\/guerreiro.dev.br\\\/news\"],\"url\":\"https:\\\/\\\/guerreiro.dev.br\\\/news\\\/author\\\/admin\\\/\"}]}<\/script>\n<!-- \/ Yoast SEO plugin. -->","yoast_head_json":{"title":"Guia de Desenvolvimento Multiplataforma na Fatec - Guerreiro News","robots":{"index":"index","follow":"follow","max-snippet":"max-snippet:-1","max-image-preview":"max-image-preview:large","max-video-preview":"max-video-preview:-1"},"canonical":"https:\/\/guerreiro.dev.br\/news\/2026\/08\/01\/guia-de-desenvolvimento-multiplataforma-na-fatec\/","og_locale":"en_US","og_type":"article","og_title":"Guia de Desenvolvimento Multiplataforma na Fatec - Guerreiro News","og_description":"O desenvolvimento multiplataforma fatec prepara profissionais para criar aplicativos unificados. Conhe\u00e7a as tecnologias de software essenciais para o mercado.","og_url":"https:\/\/guerreiro.dev.br\/news\/2026\/08\/01\/guia-de-desenvolvimento-multiplataforma-na-fatec\/","og_site_name":"Guerreiro News","article_published_time":"2026-08-01T09:31:10+00:00","og_image":[{"url":"https:\/\/guerreiro.dev.br\/news\/wp-content\/uploads\/2026\/08\/desenvolvimento-multiplataforma-fatec-telas-codigo.webp","type":"","width":"","height":""}],"author":"admin","twitter_card":"summary_large_image","twitter_misc":{"Written by":"admin","Est. reading time":"10 minutes"},"schema":{"@context":"https:\/\/schema.org","@graph":[{"@type":"Article","@id":"https:\/\/guerreiro.dev.br\/news\/2026\/08\/01\/guia-de-desenvolvimento-multiplataforma-na-fatec\/#article","isPartOf":{"@id":"https:\/\/guerreiro.dev.br\/news\/2026\/08\/01\/guia-de-desenvolvimento-multiplataforma-na-fatec\/"},"author":{"name":"admin","@id":"https:\/\/guerreiro.dev.br\/news\/#\/schema\/person\/a4e2348faf31d598ec8bf681c988984c"},"headline":"Guia de Desenvolvimento Multiplataforma na Fatec","datePublished":"2026-08-01T09:31:10+00:00","mainEntityOfPage":{"@id":"https:\/\/guerreiro.dev.br\/news\/2026\/08\/01\/guia-de-desenvolvimento-multiplataforma-na-fatec\/"},"wordCount":2123,"commentCount":0,"image":{"@id":"https:\/\/guerreiro.dev.br\/news\/2026\/08\/01\/guia-de-desenvolvimento-multiplataforma-na-fatec\/#primaryimage"},"thumbnailUrl":"https:\/\/guerreiro.dev.br\/news\/wp-content\/uploads\/2026\/08\/desenvolvimento-multiplataforma-fatec-laboratorio-tecnologia.webp","articleSection":["Tecnologia da Informa\u00e7\u00e3o"],"inLanguage":"en-US","potentialAction":[{"@type":"CommentAction","name":"Comment","target":["https:\/\/guerreiro.dev.br\/news\/2026\/08\/01\/guia-de-desenvolvimento-multiplataforma-na-fatec\/#respond"]}]},{"@type":"WebPage","@id":"https:\/\/guerreiro.dev.br\/news\/2026\/08\/01\/guia-de-desenvolvimento-multiplataforma-na-fatec\/","url":"https:\/\/guerreiro.dev.br\/news\/2026\/08\/01\/guia-de-desenvolvimento-multiplataforma-na-fatec\/","name":"Guia de Desenvolvimento Multiplataforma na Fatec - Guerreiro News","isPartOf":{"@id":"https:\/\/guerreiro.dev.br\/news\/#website"},"primaryImageOfPage":{"@id":"https:\/\/guerreiro.dev.br\/news\/2026\/08\/01\/guia-de-desenvolvimento-multiplataforma-na-fatec\/#primaryimage"},"image":{"@id":"https:\/\/guerreiro.dev.br\/news\/2026\/08\/01\/guia-de-desenvolvimento-multiplataforma-na-fatec\/#primaryimage"},"thumbnailUrl":"https:\/\/guerreiro.dev.br\/news\/wp-content\/uploads\/2026\/08\/desenvolvimento-multiplataforma-fatec-laboratorio-tecnologia.webp","datePublished":"2026-08-01T09:31:10+00:00","author":{"@id":"https:\/\/guerreiro.dev.br\/news\/#\/schema\/person\/a4e2348faf31d598ec8bf681c988984c"},"breadcrumb":{"@id":"https:\/\/guerreiro.dev.br\/news\/2026\/08\/01\/guia-de-desenvolvimento-multiplataforma-na-fatec\/#breadcrumb"},"inLanguage":"en-US","potentialAction":[{"@type":"ReadAction","target":["https:\/\/guerreiro.dev.br\/news\/2026\/08\/01\/guia-de-desenvolvimento-multiplataforma-na-fatec\/"]}]},{"@type":"ImageObject","inLanguage":"en-US","@id":"https:\/\/guerreiro.dev.br\/news\/2026\/08\/01\/guia-de-desenvolvimento-multiplataforma-na-fatec\/#primaryimage","url":"https:\/\/guerreiro.dev.br\/news\/wp-content\/uploads\/2026\/08\/desenvolvimento-multiplataforma-fatec-laboratorio-tecnologia.webp","contentUrl":"https:\/\/guerreiro.dev.br\/news\/wp-content\/uploads\/2026\/08\/desenvolvimento-multiplataforma-fatec-laboratorio-tecnologia.webp","width":1376,"height":768,"caption":"Estudante pratica desenvolvimento multiplataforma fatec usando computador e dispositivos moveis conectados em laboratorio."},{"@type":"BreadcrumbList","@id":"https:\/\/guerreiro.dev.br\/news\/2026\/08\/01\/guia-de-desenvolvimento-multiplataforma-na-fatec\/#breadcrumb","itemListElement":[{"@type":"ListItem","position":1,"name":"Home","item":"https:\/\/guerreiro.dev.br\/news\/"},{"@type":"ListItem","position":2,"name":"Guia de Desenvolvimento Multiplataforma na Fatec"}]},{"@type":"WebSite","@id":"https:\/\/guerreiro.dev.br\/news\/#website","url":"https:\/\/guerreiro.dev.br\/news\/","name":"Guerreiro News","description":"Guerreiro Dev&#039;s news site","potentialAction":[{"@type":"SearchAction","target":{"@type":"EntryPoint","urlTemplate":"https:\/\/guerreiro.dev.br\/news\/?s={search_term_string}"},"query-input":{"@type":"PropertyValueSpecification","valueRequired":true,"valueName":"search_term_string"}}],"inLanguage":"en-US"},{"@type":"Person","@id":"https:\/\/guerreiro.dev.br\/news\/#\/schema\/person\/a4e2348faf31d598ec8bf681c988984c","name":"admin","image":{"@type":"ImageObject","inLanguage":"en-US","@id":"https:\/\/secure.gravatar.com\/avatar\/580963dccb0d577f36efe7525df05e0aaf539eabf4172b5968ed214fcb01d281?s=96&d=mm&r=g","url":"https:\/\/secure.gravatar.com\/avatar\/580963dccb0d577f36efe7525df05e0aaf539eabf4172b5968ed214fcb01d281?s=96&d=mm&r=g","contentUrl":"https:\/\/secure.gravatar.com\/avatar\/580963dccb0d577f36efe7525df05e0aaf539eabf4172b5968ed214fcb01d281?s=96&d=mm&r=g","caption":"admin"},"sameAs":["https:\/\/guerreiro.dev.br\/news"],"url":"https:\/\/guerreiro.dev.br\/news\/author\/admin\/"}]}},"_links":{"self":[{"href":"https:\/\/guerreiro.dev.br\/news\/wp-json\/wp\/v2\/posts\/3641","targetHints":{"allow":["GET"]}}],"collection":[{"href":"https:\/\/guerreiro.dev.br\/news\/wp-json\/wp\/v2\/posts"}],"about":[{"href":"https:\/\/guerreiro.dev.br\/news\/wp-json\/wp\/v2\/types\/post"}],"author":[{"embeddable":true,"href":"https:\/\/guerreiro.dev.br\/news\/wp-json\/wp\/v2\/users\/1"}],"replies":[{"embeddable":true,"href":"https:\/\/guerreiro.dev.br\/news\/wp-json\/wp\/v2\/comments?post=3641"}],"version-history":[{"count":1,"href":"https:\/\/guerreiro.dev.br\/news\/wp-json\/wp\/v2\/posts\/3641\/revisions"}],"predecessor-version":[{"id":3645,"href":"https:\/\/guerreiro.dev.br\/news\/wp-json\/wp\/v2\/posts\/3641\/revisions\/3645"}],"wp:featuredmedia":[{"embeddable":true,"href":"https:\/\/guerreiro.dev.br\/news\/wp-json\/wp\/v2\/media\/3642"}],"wp:attachment":[{"href":"https:\/\/guerreiro.dev.br\/news\/wp-json\/wp\/v2\/media?parent=3641"}],"wp:term":[{"taxonomy":"category","embeddable":true,"href":"https:\/\/guerreiro.dev.br\/news\/wp-json\/wp\/v2\/categories?post=3641"},{"taxonomy":"post_tag","embeddable":true,"href":"https:\/\/guerreiro.dev.br\/news\/wp-json\/wp\/v2\/tags?post=3641"}],"curies":[{"name":"wp","href":"https:\/\/api.w.org\/{rel}","templated":true}]}}