{"id":365,"date":"2025-11-24T18:46:24","date_gmt":"2025-11-24T18:46:24","guid":{"rendered":"https:\/\/guerreiro.dev.br\/news\/?p=365"},"modified":"2025-11-24T18:46:24","modified_gmt":"2025-11-24T18:46:24","slug":"impactos-e-perspectivas-da-inteligencia-artificial-no-mercado-de-trabalho-2","status":"publish","type":"post","link":"https:\/\/guerreiro.dev.br\/news\/2025\/11\/24\/impactos-e-perspectivas-da-inteligencia-artificial-no-mercado-de-trabalho-2\/","title":{"rendered":"Impactos e Perspectivas da Intelig\u00eancia Artificial no Mercado de Trabalho"},"content":{"rendered":"\n<h2 class=\"wp-block-heading\" id=\"introducao\">Introdu\u00e7\u00e3o<\/h2>\n\n\n\n<p>A crescente ado\u00e7\u00e3o da intelig\u00eancia artificial (IA) tem provocado transforma\u00e7\u00f5es significativas no mercado de trabalho contempor\u00e2neo. O avan\u00e7o acelerado dessa tecnologia apresenta tanto oportunidades promissoras quanto desafios complexos para trabalhadores, empresas e formuladores de pol\u00edticas p\u00fablicas. Analisar cuidadosamente os impactos da IA no emprego, nas compet\u00eancias demandadas e nas rela\u00e7\u00f5es laborais torna-se fundamental para direcionar medidas que garantam uma transi\u00e7\u00e3o justa e sustent\u00e1vel no cen\u00e1rio profissional.<\/p>\n\n\n\n<h2 class=\"wp-block-heading\">Sum\u00e1rio<\/h2>\n\n\n\n<ul class=\"wp-block-list\">\n<li><a href=\"#inteligencia-artificial-e-a-transformacao-dos-empregos\">Intelig\u00eancia Artificial e a Transforma\u00e7\u00e3o dos Empregos<\/a><\/li>\n\n\n\n<li><a href=\"#novas-competencias-e-formacao-profissional\">Novas Compet\u00eancias e Forma\u00e7\u00e3o Profissional<\/a><\/li>\n\n\n\n<li><a href=\"#mudancas-nas-relacoes-trabalho-e-direitos-laborais\">Mudan\u00e7as nas Rela\u00e7\u00f5es de Trabalho e Direitos Laborais<\/a><\/li>\n\n\n\n<li><a href=\"#desafios-e-oportunidades-para-politicas-publicas\">Desafios e Oportunidades para Pol\u00edticas P\u00fablicas<\/a><\/li>\n\n\n\n<li><a href=\"#conclusao\">Conclus\u00e3o<\/a><\/li>\n<\/ul>\n\n\n\n<h2 class=\"wp-block-heading\" id=\"inteligencia-artificial-e-a-transformacao-dos-empregos\">Intelig\u00eancia Artificial e a Transforma\u00e7\u00e3o dos Empregos<\/h2>\n\n\n\n<p>A incorpora\u00e7\u00e3o de sistemas de intelig\u00eancia artificial em processos produtivos e de servi\u00e7os tem modificado a din\u00e2mica do mercado de trabalho global. A automa\u00e7\u00e3o de tarefas repetitivas e a capacidade das m\u00e1quinas em aprender e executar fun\u00e7\u00f5es tradicionalmente humanas impactam diretamente a demanda por diferentes categorias profissionais. Enquanto algumas ocupa\u00e7\u00f5es ligadas a atividades manuais e operacionais tendem a ser reduzidas, novas oportunidades surgem em \u00e1reas associadas \u00e0 tecnologia, inova\u00e7\u00e3o e gerenciamento dessas ferramentas.<\/p>\n\n\n\n<p>Contudo, esse movimento n\u00e3o \u00e9 homog\u00eaneo e nem linear, pois diversas profiss\u00f5es sofrem adapta\u00e7\u00f5es em seu perfil, com a necessidade de combinar habilidades humanas e tecnol\u00f3gicas. Assim, a intelig\u00eancia artificial atua como um agente de mudan\u00e7a que tanto substitui certos empregos quanto potencializa outros, criando um panorama de transforma\u00e7\u00e3o cont\u00ednua.<\/p>\n\n\n\n<h2 class=\"wp-block-heading\" id=\"novas-competencias-e-formacao-profissional\">Novas Compet\u00eancias e Forma\u00e7\u00e3o Profissional<\/h2>\n\n\n\n<p>Com a r\u00e1pida evolu\u00e7\u00e3o da intelig\u00eancia artificial, surge a exig\u00eancia por uma atualiza\u00e7\u00e3o constante nas habilidades dos profissionais. A capacidade de gerenciar, interpretar dados e trabalhar em colabora\u00e7\u00e3o com sistemas automatizados torna-se essencial. Al\u00e9m das compet\u00eancias t\u00e9cnicas em tecnologia, destaca-se a import\u00e2ncia das habilidades comportamentais, como pensamento cr\u00edtico, criatividade e adaptabilidade.<\/p>\n\n\n\n<p>O mercado demanda investimentos em forma\u00e7\u00e3o e qualifica\u00e7\u00e3o, tanto por parte dos indiv\u00edduos quanto das institui\u00e7\u00f5es educacionais. A educa\u00e7\u00e3o cont\u00ednua, com \u00eanfase em \u00e1reas STEM (ci\u00eancia, tecnologia, engenharia e matem\u00e1tica), aliada a programas de requalifica\u00e7\u00e3o e capacita\u00e7\u00e3o, configura-se como estrat\u00e9gia necess\u00e1ria para enfrentar as transforma\u00e7\u00f5es provocadas pela IA.<\/p>\n\n\n\n<h2 class=\"wp-block-heading\" id=\"mudancas-nas-relacoes-trabalho-e-direitos-laborais\">Mudan\u00e7as nas Rela\u00e7\u00f5es de Trabalho e Direitos Laborais<\/h2>\n\n\n\n<p>Al\u00e9m da altera\u00e7\u00e3o na composi\u00e7\u00e3o das ocupa\u00e7\u00f5es, a intelig\u00eancia artificial influencia as formas e condi\u00e7\u00f5es das rela\u00e7\u00f5es laborais. O uso de algoritmos para monitorar desempenho, organizar tarefas e at\u00e9 decidir promo\u00e7\u00f5es suscita discuss\u00f5es sobre privacidade, transpar\u00eancia e justi\u00e7a no ambiente de trabalho.<\/p>\n\n\n\n<p>Essa nova configura\u00e7\u00e3o exige revis\u00f5es legislativas e normativas para garantir a prote\u00e7\u00e3o dos direitos dos trabalhadores frente aos impactos da automa\u00e7\u00e3o e da digitaliza\u00e7\u00e3o. O aprimoramento do estatuto do trabalhador, incorporando dispositivos que regulem o uso da intelig\u00eancia artificial, torna-se uma necessidade para resguardar valores como dignidade, equidade e seguran\u00e7a no emprego.<\/p>\n\n\n\n<h2 class=\"wp-block-heading\" id=\"desafios-e-oportunidades-para-politicas-publicas\">Desafios e Oportunidades para Pol\u00edticas P\u00fablicas<\/h2>\n\n\n\n<p>O cen\u00e1rio de transforma\u00e7\u00e3o motivado pela intelig\u00eancia artificial imp\u00f5e desafios significativos para os formuladores de pol\u00edticas p\u00fablicas. \u00c9 indispens\u00e1vel a cria\u00e7\u00e3o de estrat\u00e9gias que promovam a inclus\u00e3o digital, fomentem a inova\u00e7\u00e3o e assegurem a justi\u00e7a social no contexto do trabalho automatizado.<\/p>\n\n\n\n<p>Pol\u00edticas ativas de emprego, investimento em educa\u00e7\u00e3o tecnol\u00f3gica, incentivos \u00e0 pesquisa e desenvolvimento, al\u00e9m da cria\u00e7\u00e3o de mecanismos de prote\u00e7\u00e3o social adaptados \u00e0s novas realidades, s\u00e3o elementos fundamentais para enfrentar os riscos e potencializar os benef\u00edcios da IA.<\/p>\n\n\n\n<p>Ao mesmo tempo, o di\u00e1logo entre governos, setor privado e sociedade civil precisa ser ampliado para construir um ambiente favor\u00e1vel \u00e0 incorpora\u00e7\u00e3o respons\u00e1vel da intelig\u00eancia artificial, equilibrando crescimento econ\u00f4mico e respeito aos direitos humanos.<\/p>\n\n\n\n<h2 class=\"wp-block-heading\" id=\"conclusao\">Conclus\u00e3o<\/h2>\n\n\n\n<p>A intelig\u00eancia artificial representa uma for\u00e7a transformadora decisiva no mercado de trabalho, gerando mudan\u00e7as profundas nas ocupa\u00e7\u00f5es, nas habilidades requeridas e nas rela\u00e7\u00f5es laborais. Concomitantemente, traz \u00e0 tona um espectro de desafios e oportunidades que demandam respostas coordenadas e inovadoras.<\/p>\n\n\n\n<p>Proteger os trabalhadores, promover a qualifica\u00e7\u00e3o cont\u00ednua e adaptar as pol\u00edticas p\u00fablicas s\u00e3o a\u00e7\u00f5es imprescind\u00edveis para orientar essa transi\u00e7\u00e3o tecnol\u00f3gica de forma equitativa e sustent\u00e1vel. Somente a partir de um esfor\u00e7o coletivo e multidisciplinar ser\u00e1 poss\u00edvel aproveitar todo o potencial da intelig\u00eancia artificial sem deixar para tr\u00e1s as pessoas que constroem o futuro do trabalho.<\/p>\n","protected":false},"excerpt":{"rendered":"<p>Introdu\u00e7\u00e3o A crescente ado\u00e7\u00e3o da intelig\u00eancia artificial (IA) tem provocado transforma\u00e7\u00f5es significativas no mercado de trabalho contempor\u00e2neo. O avan\u00e7o acelerado dessa tecnologia apresenta tanto oportunidades promissoras quanto desafios complexos para trabalhadores, empresas e formuladores de pol\u00edticas p\u00fablicas. Analisar cuidadosamente os impactos da IA no emprego, nas compet\u00eancias demandadas e nas rela\u00e7\u00f5es laborais torna-se fundamental para [&hellip;]<\/p>\n","protected":false},"author":1,"featured_media":0,"comment_status":"open","ping_status":"open","sticky":false,"template":"","format":"standard","meta":{"pagelayer_contact_templates":[],"_pagelayer_content":"","footnotes":""},"categories":[1],"tags":[],"class_list":["post-365","post","type-post","status-publish","format-standard","hentry","category-uncategorized"],"yoast_head":"<!-- This site is optimized with the Yoast SEO plugin v27.3 - https:\/\/yoast.com\/product\/yoast-seo-wordpress\/ -->\n<title>Impactos e Perspectivas da Intelig\u00eancia Artificial no Mercado de Trabalho - Guerreiro News<\/title>\n<meta name=\"robots\" content=\"index, follow, max-snippet:-1, max-image-preview:large, max-video-preview:-1\" \/>\n<link rel=\"canonical\" href=\"https:\/\/guerreiro.dev.br\/news\/2025\/11\/24\/impactos-e-perspectivas-da-inteligencia-artificial-no-mercado-de-trabalho-2\/\" \/>\n<meta property=\"og:locale\" content=\"en_US\" \/>\n<meta property=\"og:type\" content=\"article\" \/>\n<meta property=\"og:title\" content=\"Impactos e Perspectivas da Intelig\u00eancia Artificial no Mercado de Trabalho - Guerreiro News\" \/>\n<meta property=\"og:description\" content=\"Introdu\u00e7\u00e3o A crescente ado\u00e7\u00e3o da intelig\u00eancia artificial (IA) tem provocado transforma\u00e7\u00f5es significativas no mercado de trabalho contempor\u00e2neo. O avan\u00e7o acelerado dessa tecnologia apresenta tanto oportunidades promissoras quanto desafios complexos para trabalhadores, empresas e formuladores de pol\u00edticas p\u00fablicas. Analisar cuidadosamente os impactos da IA no emprego, nas compet\u00eancias demandadas e nas rela\u00e7\u00f5es laborais torna-se fundamental para [&hellip;]\" \/>\n<meta property=\"og:url\" content=\"https:\/\/guerreiro.dev.br\/news\/2025\/11\/24\/impactos-e-perspectivas-da-inteligencia-artificial-no-mercado-de-trabalho-2\/\" \/>\n<meta property=\"og:site_name\" content=\"Guerreiro News\" \/>\n<meta property=\"article:published_time\" content=\"2025-11-24T18:46:24+00:00\" \/>\n<meta name=\"author\" content=\"admin\" \/>\n<meta name=\"twitter:card\" content=\"summary_large_image\" \/>\n<meta name=\"twitter:label1\" content=\"Written by\" \/>\n\t<meta name=\"twitter:data1\" content=\"admin\" \/>\n\t<meta name=\"twitter:label2\" content=\"Est. reading time\" \/>\n\t<meta name=\"twitter:data2\" content=\"4 minutes\" \/>\n<script type=\"application\/ld+json\" class=\"yoast-schema-graph\">{\"@context\":\"https:\\\/\\\/schema.org\",\"@graph\":[{\"@type\":\"Article\",\"@id\":\"https:\\\/\\\/guerreiro.dev.br\\\/news\\\/2025\\\/11\\\/24\\\/impactos-e-perspectivas-da-inteligencia-artificial-no-mercado-de-trabalho-2\\\/#article\",\"isPartOf\":{\"@id\":\"https:\\\/\\\/guerreiro.dev.br\\\/news\\\/2025\\\/11\\\/24\\\/impactos-e-perspectivas-da-inteligencia-artificial-no-mercado-de-trabalho-2\\\/\"},\"author\":{\"name\":\"admin\",\"@id\":\"https:\\\/\\\/guerreiro.dev.br\\\/news\\\/#\\\/schema\\\/person\\\/282e053998765cb4795f8e50313a7489\"},\"headline\":\"Impactos e Perspectivas da Intelig\u00eancia Artificial no Mercado de Trabalho\",\"datePublished\":\"2025-11-24T18:46:24+00:00\",\"mainEntityOfPage\":{\"@id\":\"https:\\\/\\\/guerreiro.dev.br\\\/news\\\/2025\\\/11\\\/24\\\/impactos-e-perspectivas-da-inteligencia-artificial-no-mercado-de-trabalho-2\\\/\"},\"wordCount\":788,\"commentCount\":0,\"inLanguage\":\"en-US\",\"potentialAction\":[{\"@type\":\"CommentAction\",\"name\":\"Comment\",\"target\":[\"https:\\\/\\\/guerreiro.dev.br\\\/news\\\/2025\\\/11\\\/24\\\/impactos-e-perspectivas-da-inteligencia-artificial-no-mercado-de-trabalho-2\\\/#respond\"]}]},{\"@type\":\"WebPage\",\"@id\":\"https:\\\/\\\/guerreiro.dev.br\\\/news\\\/2025\\\/11\\\/24\\\/impactos-e-perspectivas-da-inteligencia-artificial-no-mercado-de-trabalho-2\\\/\",\"url\":\"https:\\\/\\\/guerreiro.dev.br\\\/news\\\/2025\\\/11\\\/24\\\/impactos-e-perspectivas-da-inteligencia-artificial-no-mercado-de-trabalho-2\\\/\",\"name\":\"Impactos e Perspectivas da Intelig\u00eancia Artificial no Mercado de Trabalho - Guerreiro News\",\"isPartOf\":{\"@id\":\"https:\\\/\\\/guerreiro.dev.br\\\/news\\\/#website\"},\"datePublished\":\"2025-11-24T18:46:24+00:00\",\"author\":{\"@id\":\"https:\\\/\\\/guerreiro.dev.br\\\/news\\\/#\\\/schema\\\/person\\\/282e053998765cb4795f8e50313a7489\"},\"breadcrumb\":{\"@id\":\"https:\\\/\\\/guerreiro.dev.br\\\/news\\\/2025\\\/11\\\/24\\\/impactos-e-perspectivas-da-inteligencia-artificial-no-mercado-de-trabalho-2\\\/#breadcrumb\"},\"inLanguage\":\"en-US\",\"potentialAction\":[{\"@type\":\"ReadAction\",\"target\":[\"https:\\\/\\\/guerreiro.dev.br\\\/news\\\/2025\\\/11\\\/24\\\/impactos-e-perspectivas-da-inteligencia-artificial-no-mercado-de-trabalho-2\\\/\"]}]},{\"@type\":\"BreadcrumbList\",\"@id\":\"https:\\\/\\\/guerreiro.dev.br\\\/news\\\/2025\\\/11\\\/24\\\/impactos-e-perspectivas-da-inteligencia-artificial-no-mercado-de-trabalho-2\\\/#breadcrumb\",\"itemListElement\":[{\"@type\":\"ListItem\",\"position\":1,\"name\":\"Home\",\"item\":\"https:\\\/\\\/guerreiro.dev.br\\\/news\\\/\"},{\"@type\":\"ListItem\",\"position\":2,\"name\":\"Impactos e Perspectivas da Intelig\u00eancia Artificial no Mercado de Trabalho\"}]},{\"@type\":\"WebSite\",\"@id\":\"https:\\\/\\\/guerreiro.dev.br\\\/news\\\/#website\",\"url\":\"https:\\\/\\\/guerreiro.dev.br\\\/news\\\/\",\"name\":\"Guerreiro News\",\"description\":\"Guerreiro Dev&#039;s news site\",\"potentialAction\":[{\"@type\":\"SearchAction\",\"target\":{\"@type\":\"EntryPoint\",\"urlTemplate\":\"https:\\\/\\\/guerreiro.dev.br\\\/news\\\/?s={search_term_string}\"},\"query-input\":{\"@type\":\"PropertyValueSpecification\",\"valueRequired\":true,\"valueName\":\"search_term_string\"}}],\"inLanguage\":\"en-US\"},{\"@type\":\"Person\",\"@id\":\"https:\\\/\\\/guerreiro.dev.br\\\/news\\\/#\\\/schema\\\/person\\\/282e053998765cb4795f8e50313a7489\",\"name\":\"admin\",\"image\":{\"@type\":\"ImageObject\",\"inLanguage\":\"en-US\",\"@id\":\"https:\\\/\\\/secure.gravatar.com\\\/avatar\\\/580963dccb0d577f36efe7525df05e0aaf539eabf4172b5968ed214fcb01d281?s=96&d=mm&r=g\",\"url\":\"https:\\\/\\\/secure.gravatar.com\\\/avatar\\\/580963dccb0d577f36efe7525df05e0aaf539eabf4172b5968ed214fcb01d281?s=96&d=mm&r=g\",\"contentUrl\":\"https:\\\/\\\/secure.gravatar.com\\\/avatar\\\/580963dccb0d577f36efe7525df05e0aaf539eabf4172b5968ed214fcb01d281?s=96&d=mm&r=g\",\"caption\":\"admin\"},\"sameAs\":[\"https:\\\/\\\/guerreiro.dev.br\\\/news\"],\"url\":\"https:\\\/\\\/guerreiro.dev.br\\\/news\\\/author\\\/admin\\\/\"}]}<\/script>\n<!-- \/ Yoast SEO plugin. -->","yoast_head_json":{"title":"Impactos e Perspectivas da Intelig\u00eancia Artificial no Mercado de Trabalho - Guerreiro News","robots":{"index":"index","follow":"follow","max-snippet":"max-snippet:-1","max-image-preview":"max-image-preview:large","max-video-preview":"max-video-preview:-1"},"canonical":"https:\/\/guerreiro.dev.br\/news\/2025\/11\/24\/impactos-e-perspectivas-da-inteligencia-artificial-no-mercado-de-trabalho-2\/","og_locale":"en_US","og_type":"article","og_title":"Impactos e Perspectivas da Intelig\u00eancia Artificial no Mercado de Trabalho - Guerreiro News","og_description":"Introdu\u00e7\u00e3o A crescente ado\u00e7\u00e3o da intelig\u00eancia artificial (IA) tem provocado transforma\u00e7\u00f5es significativas no mercado de trabalho contempor\u00e2neo. O avan\u00e7o acelerado dessa tecnologia apresenta tanto oportunidades promissoras quanto desafios complexos para trabalhadores, empresas e formuladores de pol\u00edticas p\u00fablicas. Analisar cuidadosamente os impactos da IA no emprego, nas compet\u00eancias demandadas e nas rela\u00e7\u00f5es laborais torna-se fundamental para [&hellip;]","og_url":"https:\/\/guerreiro.dev.br\/news\/2025\/11\/24\/impactos-e-perspectivas-da-inteligencia-artificial-no-mercado-de-trabalho-2\/","og_site_name":"Guerreiro News","article_published_time":"2025-11-24T18:46:24+00:00","author":"admin","twitter_card":"summary_large_image","twitter_misc":{"Written by":"admin","Est. reading time":"4 minutes"},"schema":{"@context":"https:\/\/schema.org","@graph":[{"@type":"Article","@id":"https:\/\/guerreiro.dev.br\/news\/2025\/11\/24\/impactos-e-perspectivas-da-inteligencia-artificial-no-mercado-de-trabalho-2\/#article","isPartOf":{"@id":"https:\/\/guerreiro.dev.br\/news\/2025\/11\/24\/impactos-e-perspectivas-da-inteligencia-artificial-no-mercado-de-trabalho-2\/"},"author":{"name":"admin","@id":"https:\/\/guerreiro.dev.br\/news\/#\/schema\/person\/282e053998765cb4795f8e50313a7489"},"headline":"Impactos e Perspectivas da Intelig\u00eancia Artificial no Mercado de Trabalho","datePublished":"2025-11-24T18:46:24+00:00","mainEntityOfPage":{"@id":"https:\/\/guerreiro.dev.br\/news\/2025\/11\/24\/impactos-e-perspectivas-da-inteligencia-artificial-no-mercado-de-trabalho-2\/"},"wordCount":788,"commentCount":0,"inLanguage":"en-US","potentialAction":[{"@type":"CommentAction","name":"Comment","target":["https:\/\/guerreiro.dev.br\/news\/2025\/11\/24\/impactos-e-perspectivas-da-inteligencia-artificial-no-mercado-de-trabalho-2\/#respond"]}]},{"@type":"WebPage","@id":"https:\/\/guerreiro.dev.br\/news\/2025\/11\/24\/impactos-e-perspectivas-da-inteligencia-artificial-no-mercado-de-trabalho-2\/","url":"https:\/\/guerreiro.dev.br\/news\/2025\/11\/24\/impactos-e-perspectivas-da-inteligencia-artificial-no-mercado-de-trabalho-2\/","name":"Impactos e Perspectivas da Intelig\u00eancia Artificial no Mercado de Trabalho - Guerreiro News","isPartOf":{"@id":"https:\/\/guerreiro.dev.br\/news\/#website"},"datePublished":"2025-11-24T18:46:24+00:00","author":{"@id":"https:\/\/guerreiro.dev.br\/news\/#\/schema\/person\/282e053998765cb4795f8e50313a7489"},"breadcrumb":{"@id":"https:\/\/guerreiro.dev.br\/news\/2025\/11\/24\/impactos-e-perspectivas-da-inteligencia-artificial-no-mercado-de-trabalho-2\/#breadcrumb"},"inLanguage":"en-US","potentialAction":[{"@type":"ReadAction","target":["https:\/\/guerreiro.dev.br\/news\/2025\/11\/24\/impactos-e-perspectivas-da-inteligencia-artificial-no-mercado-de-trabalho-2\/"]}]},{"@type":"BreadcrumbList","@id":"https:\/\/guerreiro.dev.br\/news\/2025\/11\/24\/impactos-e-perspectivas-da-inteligencia-artificial-no-mercado-de-trabalho-2\/#breadcrumb","itemListElement":[{"@type":"ListItem","position":1,"name":"Home","item":"https:\/\/guerreiro.dev.br\/news\/"},{"@type":"ListItem","position":2,"name":"Impactos e Perspectivas da Intelig\u00eancia Artificial no Mercado de Trabalho"}]},{"@type":"WebSite","@id":"https:\/\/guerreiro.dev.br\/news\/#website","url":"https:\/\/guerreiro.dev.br\/news\/","name":"Guerreiro News","description":"Guerreiro Dev&#039;s news site","potentialAction":[{"@type":"SearchAction","target":{"@type":"EntryPoint","urlTemplate":"https:\/\/guerreiro.dev.br\/news\/?s={search_term_string}"},"query-input":{"@type":"PropertyValueSpecification","valueRequired":true,"valueName":"search_term_string"}}],"inLanguage":"en-US"},{"@type":"Person","@id":"https:\/\/guerreiro.dev.br\/news\/#\/schema\/person\/282e053998765cb4795f8e50313a7489","name":"admin","image":{"@type":"ImageObject","inLanguage":"en-US","@id":"https:\/\/secure.gravatar.com\/avatar\/580963dccb0d577f36efe7525df05e0aaf539eabf4172b5968ed214fcb01d281?s=96&d=mm&r=g","url":"https:\/\/secure.gravatar.com\/avatar\/580963dccb0d577f36efe7525df05e0aaf539eabf4172b5968ed214fcb01d281?s=96&d=mm&r=g","contentUrl":"https:\/\/secure.gravatar.com\/avatar\/580963dccb0d577f36efe7525df05e0aaf539eabf4172b5968ed214fcb01d281?s=96&d=mm&r=g","caption":"admin"},"sameAs":["https:\/\/guerreiro.dev.br\/news"],"url":"https:\/\/guerreiro.dev.br\/news\/author\/admin\/"}]}},"_links":{"self":[{"href":"https:\/\/guerreiro.dev.br\/news\/wp-json\/wp\/v2\/posts\/365","targetHints":{"allow":["GET"]}}],"collection":[{"href":"https:\/\/guerreiro.dev.br\/news\/wp-json\/wp\/v2\/posts"}],"about":[{"href":"https:\/\/guerreiro.dev.br\/news\/wp-json\/wp\/v2\/types\/post"}],"author":[{"embeddable":true,"href":"https:\/\/guerreiro.dev.br\/news\/wp-json\/wp\/v2\/users\/1"}],"replies":[{"embeddable":true,"href":"https:\/\/guerreiro.dev.br\/news\/wp-json\/wp\/v2\/comments?post=365"}],"version-history":[{"count":1,"href":"https:\/\/guerreiro.dev.br\/news\/wp-json\/wp\/v2\/posts\/365\/revisions"}],"predecessor-version":[{"id":366,"href":"https:\/\/guerreiro.dev.br\/news\/wp-json\/wp\/v2\/posts\/365\/revisions\/366"}],"wp:attachment":[{"href":"https:\/\/guerreiro.dev.br\/news\/wp-json\/wp\/v2\/media?parent=365"}],"wp:term":[{"taxonomy":"category","embeddable":true,"href":"https:\/\/guerreiro.dev.br\/news\/wp-json\/wp\/v2\/categories?post=365"},{"taxonomy":"post_tag","embeddable":true,"href":"https:\/\/guerreiro.dev.br\/news\/wp-json\/wp\/v2\/tags?post=365"}],"curies":[{"name":"wp","href":"https:\/\/api.w.org\/{rel}","templated":true}]}}