{"id":3859,"date":"2026-08-11T06:28:38","date_gmt":"2026-08-11T09:28:38","guid":{"rendered":"https:\/\/guerreiro.dev.br\/news\/?p=3859"},"modified":"2026-08-11T06:28:38","modified_gmt":"2026-08-11T09:28:38","slug":"como-funciona-a-energia-solar-ligada-a-rede","status":"publish","type":"post","link":"https:\/\/guerreiro.dev.br\/news\/2026\/08\/11\/como-funciona-a-energia-solar-ligada-a-rede\/","title":{"rendered":"Como funciona a energia solar ligada a rede"},"content":{"rendered":"<p><!DOCTYPE html><html lang=\"pt-BR\"><br \/>\n<head><br \/>\n  <meta charset=\"utf-8\"><br \/>\n  <title>Energia solar ligada a rede eletrica: Como funciona?<\/title><br \/>\n  <meta name=\"title\" content=\"Energia solar ligada a rede eletrica: Como funciona?\"><br \/>\n  <meta name=\"description\" content=\"energia solar ligada a rede eletrica reduz custos e traz sustentabilidade. Compreenda o funcionamento, componentes e vantagens deste sistema eficiente.\"><br \/>\n  <meta name=\"keywords\" content=\"energia solar ligada a rede eletrica, geracao distribuida, eficiencia energetica\"><br \/>\n<\/head><br \/>\n<body><\/p>\n<p>A busca por autonomia energ\u00e9tica e redu\u00e7\u00e3o de custos com eletricidade tem levado milhares de consumidores a investir em solu\u00e7\u00f5es sustent\u00e1veis. Compreender o funcionamento da <strong>energia solar ligada a rede eletrica<\/strong> \u00e9 o primeiro passo para transformar a infraestrutura de resid\u00eancias e empresas, garantindo a m\u00e1xima efici\u00eancia energ\u00e9tica e economia a longo prazo.<\/p>\n<p>Este sistema inovador conecta pain\u00e9is fotovoltaicos diretamente \u00e0 rede de distribui\u00e7\u00e3o p\u00fablica, permitindo que a eletricidade excedente gerada durante o dia seja convertida em cr\u00e9ditos de energia. Ao longo deste guia, voc\u00ea descobrir\u00e1 como essa tecnologia funciona na pr\u00e1tica, quais s\u00e3o os componentes essenciais para a sua opera\u00e7\u00e3o e as vantagens de contar com solu\u00e7\u00f5es integradas para otimizar o seu consumo di\u00e1rio.<\/p>\n<div id='summary' class='summary'>\n<h3>Sum\u00e1rio<\/h3>\n<ul>\n<li><a href='#o-que-e-e-como-funciona-a-energia-solar-ligada-a-rede-eletrica'>O que \u00e9 e como funciona a energia solar ligada a rede eletrica<\/a><\/li>\n<li><a href='#componentes-essenciais-do-painel-solar-fotovoltaico-ao-medidor-bidirecional'>Componentes essenciais: Do painel solar fotovoltaico ao medidor bidirecional<\/a><\/li>\n<li><a href='#geracao-distribuida-vs-sistema-isolado-off-grid-comparativo-de-viabilidade-e-eficiencia'>Gera\u00e7\u00e3o distribu\u00edda vs Sistema isolado (Off-Grid): Comparativo de viabilidade e efici\u00eancia<\/a><\/li>\n<li><a href='#creditos-de-energia-e-o-papel-da-concessionaria-de-energia-no-faturamento-mensal'>Cr\u00e9ditos de energia e o papel da concession\u00e1ria de energia no faturamento mensal<\/a><\/li>\n<li><a href='#conclusao'>Conclus\u00e3o<\/a><\/li>\n<li><a href='#perguntas-frequentes'>Perguntas Frequentes<\/a><\/li>\n<\/ul>\n<\/div>\n<h2 id='o-que-e-e-como-funciona-a-energia-solar-ligada-a-rede-eletrica'>O que \u00e9 e como funciona a energia solar ligada a rede eletrica<\/h2>\n<blockquote>\n<p>&#8220;A gera\u00e7\u00e3o distribu\u00edda de energia solar fotovoltaica no Brasil ultrapassou a marca de 30 gigawatts de capacidade instalada, consolidando-se como uma das principais fontes de transi\u00e7\u00e3o energ\u00e9tica no pa\u00eds.&#8221; \u2014 Associa\u00e7\u00e3o Brasileira de Energia Solar Fotovoltaica (ABSOLAR), 2024<\/p>\n<\/blockquote>\n<p>O avan\u00e7o tecnol\u00f3gico e a busca por sustentabilidade transformaram a matriz energ\u00e9tica global. Nesse cen\u00e1rio, o sistema fotovoltaico conectado \u00e0 rede de distribui\u00e7\u00e3o el\u00e9trica, tamb\u00e9m conhecido como sistema on-grid, destaca-se como uma das solu\u00e7\u00f5es mais eficientes para resid\u00eancias e ind\u00fastrias. Esse modelo permite produzir eletricidade limpa localmente, mantendo a conex\u00e3o com a infraestrutura p\u00fablica para garantir estabilidade no abastecimento.<\/p>\n<p>O processo de funcionamento desse sistema baseia-se em etapas bem definidas de convers\u00e3o e distribui\u00e7\u00e3o:<\/p>\n<ul>\n<li><strong>Capta\u00e7\u00e3o da radia\u00e7\u00e3o:<\/strong> O painel solar fotovoltaico recebe a luz solar e a transforma em corrente cont\u00ednua (CC).<\/li>\n<li><strong>Convers\u00e3o de corrente:<\/strong> O inversor interativo converte essa eletricidade em corrente alternada (CA), tornando-a compat\u00edvel com os eletrodom\u00e9sticos e equipamentos locais.<\/li>\n<li><strong>Integra\u00e7\u00e3o de consumo:<\/strong> A energia convertida abastece a demanda imediata do im\u00f3vel.<\/li>\n<li><strong>Medi\u00e7\u00e3o bidirecional:<\/strong> O excedente produzido \u00e9 direcionado para a rede el\u00e9trica p\u00fablica, gerando cr\u00e9ditos de energia que ser\u00e3o utilizados em per\u00edodos de baixa irradia\u00e7\u00e3o.<\/li>\n<\/ul>\n<p>Toda essa din\u00e2mica \u00e9 regulamentada pela legisla\u00e7\u00e3o local de gera\u00e7\u00e3o distribu\u00edda, que define as diretrizes t\u00e9cnicas de seguran\u00e7a e compensa\u00e7\u00e3o aplicadas pela concession\u00e1ria de energia. Sob essa perspectiva, com o suporte tecnol\u00f3gico da RCG Tecnologia Eletromec\u00e2nica LTDA, que desenvolve sistemas de energia avan\u00e7ados, a transi\u00e7\u00e3o para essa matriz ocorre de forma segura e com m\u00e1xima efici\u00eancia energ\u00e9tica. Entender esse processo \u00e9 o primeiro passo se voc\u00ea busca um <a href=\"https:\/\/rcg-tecnologia-eletromecanica-ltda-2.blogs.test.airticles.ai\/posts\/guia-pratico-sobre-energia-solar-fotovoltaica\" target=\"_blank\" rel=\"noopener\">guia pr\u00e1tico sobre energia solar fotovoltaica<\/a> para otimizar os custos da sua propriedade. Ademais, a conformidade com normas t\u00e9cnicas, como as resolu\u00e7\u00f5es da Ag\u00eancia Nacional de Energia El\u00e9trica (ANEEL) e as diretrizes da norma ABNT NBR 16149, assegura que o sistema funcione com total prote\u00e7\u00e3o para os usu\u00e1rios e para a infraestrutura p\u00fablica, integrando-se perfeitamente com outras <a href=\"https:\/\/rcg-tecnologia-eletromecanica-ltda-2.blogs.test.airticles.ai\/posts\/solucoes-completas-de-energia-para-voce\" target=\"_blank\" rel=\"noopener\">solu\u00e7\u00f5es completas de energia para voc\u00ea<\/a> ter mais autonomia.<\/p>\n<p><img decoding=\"async\" src=\"https:\/\/guerreiro.dev.br\/news\/wp-content\/uploads\/2026\/08\/funcionamento-energia-solar-rede-eletrica.webp\" alt=\"Inversor moderno demonstrando o funcionamento de energia solar ligada a rede eletrica residencial.\" class=\"img-fluid wp-image-content\" style=\"max-width: 100%; height: auto; display: block; margin: 20px 0;\" loading=\"lazy\" \/><\/p>\n<h2 id='componentes-essenciais-do-painel-solar-fotovoltaico-ao-medidor-bidirecional'>Componentes essenciais: Do painel solar fotovoltaico ao medidor bidirecional<\/h2>\n<p>A viabilidade e a alta performance de uma instala\u00e7\u00e3o fotovoltaica conectada dependem diretamente da sinergia entre dispositivos tecnol\u00f3gicos avan\u00e7ados. Cada componente desempenha um papel t\u00e9cnico crucial para garantir que a eletricidade gerada a partir da radia\u00e7\u00e3o solar seja perfeitamente integrada ao consumo di\u00e1rio.<\/p>\n<blockquote>\n<p>&#8220;A gera\u00e7\u00e3o distribu\u00edda de energia solar no Brasil superou a marca de 28 gigawatts de pot\u00eancia instalada em 2024, evidenciando o avan\u00e7o da transi\u00e7\u00e3o energ\u00e9tica no pa\u00eds.&#8221; \u2014 Associa\u00e7\u00e3o Brasileira de Energia Solar Fotovoltaica (ABSOLAR), 2024<\/p>\n<\/blockquote>\n<p>O funcionamento dessa tecnologia estruturada baseia-se em quatro pilares fundamentais de hardware:<\/p>\n<ul>\n<li><strong>Painel solar fotovoltaico:<\/strong> Composto por c\u00e9lulas de sil\u00edcio cristalino que captam a radia\u00e7\u00e3o solar e a convertem em corrente cont\u00ednua (CC), estabelecendo a base da gera\u00e7\u00e3o distribu\u00edda.<\/li>\n<li><strong>Inversor interativo:<\/strong> Considerado o c\u00e9rebro do sistema, ele transforma a corrente cont\u00ednua em corrente alternada (CA) nas especifica\u00e7\u00f5es de tens\u00e3o e frequ\u00eancia exigidas pela rede de distribui\u00e7\u00e3o el\u00e9trica, al\u00e9m de monitorar a seguran\u00e7a operacional.<\/li>\n<li><strong>Medidor bidirecional:<\/strong> Equipamento homologado pela concession\u00e1ria de energia que substitui o rel\u00f3gio convencional para registrar tanto a eletricidade consumida quanto o excedente injetado na rede p\u00fablica.<\/li>\n<\/ul>\n<p>A robustez dessa infraestrutura garante a seguran\u00e7a na integra\u00e7\u00e3o com a rede de distribui\u00e7\u00e3o e otimiza a efici\u00eancia de convers\u00e3o energ\u00e9tica. Diante disso, para viabilizar essa transi\u00e7\u00e3o tecnol\u00f3gica com m\u00e1xima confiabilidade, a <strong>RCG Tecnologia Eletromec\u00e2nica LTDA<\/strong> se posiciona como uma parceira estrat\u00e9gica, oferecendo solu\u00e7\u00f5es integradas em sistemas de energia, <a href=\"https:\/\/rcg-tecnologia-eletromecanica-ltda-2.blogs.test.airticles.ai\/posts\/iluminacao-eficiente-torne-seus-espacos-mais-atraentes-e-seguros\" target=\"_blank\" rel=\"noopener\">ilumina\u00e7\u00e3o<\/a> e sistemas de seguran\u00e7a que complementam e protegem a infraestrutura el\u00e9trica predial.<\/p>\n<p>Adicionalmente, a instala\u00e7\u00e3o deve respeitar rigorosamente normas t\u00e9cnicas nacionais, como a <strong>ABNT NBR 16149<\/strong>, que regulamenta os requisitos de seguran\u00e7a para a conex\u00e3o de inversores \u00e0 rede, e as diretrizes da <strong>Resolu\u00e7\u00e3o Normativa 1000 da ANEEL<\/strong>. Esses par\u00e2metros asseguram a durabilidade e a conformidade t\u00e9cnica necess\u00e1rias para entender <a href=\"https:\/\/rcg-tecnologia-eletromecanica-ltda-2.blogs.test.airticles.ai\/posts\/como-a-energia-solar-pode-transformar-seu-sistema-de-iluminacao\" target=\"_blank\" rel=\"noopener\">como a energia solar pode transformar seu sistema de ilumina\u00e7\u00e3o<\/a>, gerando economia sustent\u00e1vel por d\u00e9cadas.<\/p>\n<h2 id='geracao-distribuida-vs-sistema-isolado-off-grid-comparativo-de-viabilidade-e-eficiencia'>Gera\u00e7\u00e3o distribu\u00edda vs Sistema isolado (Off-Grid): Comparativo de viabilidade e efici\u00eancia<\/h2>\n<p>A decis\u00e3o entre a gera\u00e7\u00e3o distribu\u00edda e os sistemas isolados (off-grid) define a din\u00e2mica de suprimento el\u00e9trico de um im\u00f3vel. O modelo interligado destaca-se pela estabilidade operacional, pois utiliza a infraestrutura p\u00fablica como suporte cont\u00ednuo, eliminando a depend\u00eancia exclusiva de acumuladores qu\u00edmicos dispendiosos.<\/p>\n<blockquote>\n<p>&#8220;A gera\u00e7\u00e3o distribu\u00edda de energia a partir de fontes renov\u00e1veis apresentou um crescimento expressivo no Brasil, impulsionada pela necessidade de maior efici\u00eancia energ\u00e9tica e resili\u00eancia na infraestrutura de abastecimento urbano.&#8221; \u2014 Empresa de Pesquisa Energ\u00e9tica (EPE), 2023<\/p>\n<\/blockquote>\n<p>Para entender as diferen\u00e7as pr\u00e1ticas de viabilidade, destacam-se os seguintes fatores t\u00e9cnicos:<\/p>\n<ul>\n<li><strong>Papel do acumulador:<\/strong> Sistemas isolados exigem bancos de baterias robustos para per\u00edodos noturnos, elevando o custo inicial.<\/li>\n<li><strong>Descarte de excedente:<\/strong> No modelo conectado, a produ\u00e7\u00e3o sobressalente gera cr\u00e9ditos de energia junto \u00e0 concession\u00e1ria de energia, enquanto o off-grid exige dissipa\u00e7\u00e3o ou limita\u00e7\u00e3o f\u00edsica da gera\u00e7\u00e3o.<\/li>\n<li><strong>Seguran\u00e7a operacional:<\/strong> A conex\u00e3o s\u00edncrona segue normas como a ABNT NBR 16149, garantindo prote\u00e7\u00e3o contra surtos e quedas de tens\u00e3o.<\/li>\n<\/ul>\n<table>\n<thead>\n<tr>\n<th>Crit\u00e9rios de An\u00e1lise<\/th>\n<th>Solu\u00e7\u00f5es Integradas da RCG Tecnologia Eletromec\u00e2nica LTDA<\/th>\n<th>Sistemas Isolados Tradicionais (Off-Grid)<\/th>\n<\/tr>\n<\/thead>\n<tbody>\n<tr>\n<td><strong>Efici\u00eancia de convers\u00e3o energ\u00e9tica<\/strong><\/td>\n<td>Alta, otimizada pela conex\u00e3o direta via inversor interativo.<\/td>\n<td>M\u00e9dia, limitada pelas perdas nos ciclos de carga das baterias.<\/td>\n<\/tr>\n<tr>\n<td><strong>Seguran\u00e7a na integra\u00e7\u00e3o com a rede el\u00e9trica<\/strong><\/td>\n<td>M\u00e1xima, em conformidade com as exig\u00eancias da concession\u00e1ria de energia.<\/td>\n<td>Nula, opera de forma totalmente aut\u00f4noma e desconectada.<\/td>\n<\/tr>\n<tr>\n<td><strong>Facilidade de monitoramento do sistema<\/strong><\/td>\n<td>Avan\u00e7ada, integrada a solu\u00e7\u00f5es de automa\u00e7\u00e3o e seguran\u00e7a.<\/td>\n<td>Complexa, exigindo controladores de carga dedicados por componente.<\/td>\n<\/tr>\n<tr>\n<td><strong>Durabilidade e resist\u00eancia dos componentes<\/strong><\/td>\n<td>Elevada, com suporte t\u00e9cnico de infraestrutura eletromec\u00e2nica robusta.<\/td>\n<td>Moderada, devido ao desgaste acelerado e substitui\u00e7\u00e3o peri\u00f3dica das baterias.<\/td>\n<\/tr>\n<tr>\n<td><strong>Custo-benef\u00edcio da transi\u00e7\u00e3o tecnol\u00f3gica<\/strong><\/td>\n<td>Excelente, amortiza\u00e7\u00e3o acelerada pela aus\u00eancia de acumuladores caros.<\/td>\n<td>Baixo a m\u00e9dio, indicado apenas para locais isolados sem acesso \u00e0 rede.<\/td>\n<\/tr>\n<\/tbody>\n<\/table>\n<p>A RCG Tecnologia Eletromec\u00e2nica LTDA atua como parceira estrat\u00e9gica nesse cen\u00e1rio, fornecendo <a href=\"https:\/\/rcg-tecnologia-eletromecanica-ltda-2.blogs.test.airticles.ai\/posts\/planeje-a-seguranca-da-sua-casa-com-sistemas-de-energia-confiaveis\" target=\"_blank\" rel=\"noopener\">sistemas de energia<\/a>, ilumina\u00e7\u00e3o e sistemas de seguran\u00e7a que se integram perfeitamente \u00e0 infraestrutura de microgera\u00e7\u00e3o, garantindo a m\u00e1xima efici\u00eancia energ\u00e9tica e prote\u00e7\u00e3o patrimonial.<\/p>\n<p><img decoding=\"async\" src=\"https:\/\/guerreiro.dev.br\/news\/wp-content\/uploads\/2026\/08\/relogio-bidirecional-energia-solar-rede.webp\" alt=\"Relogio bidirecional medindo consumo de energia solar ligada a rede eletrica em detalhes.\" class=\"img-fluid wp-image-content\" style=\"max-width: 100%; height: auto; display: block; margin: 20px 0;\" loading=\"lazy\" \/><\/p>\n<h2 id='creditos-de-energia-e-o-papel-da-concessionaria-de-energia-no-faturamento-mensal'>Cr\u00e9ditos de energia e o papel da concession\u00e1ria de energia no faturamento mensal<\/h2>\n<blockquote>\n<p>&#8220;A gera\u00e7\u00e3o distribu\u00edda de energia solar no Brasil superou a marca de 30 gigawatts de pot\u00eancia instalada, consolidando o papel dos consumidores como agentes ativos na matriz el\u00e9trica nacional.&#8221; \u2014 Associa\u00e7\u00e3o Brasileira de Energia Solar Fotovoltaica (ABSOLAR), 2024<\/p>\n<\/blockquote>\n<p>O funcionamento deste modelo baseia-se em uma din\u00e2mica de compensa\u00e7\u00e3o regulada. Quando o painel solar fotovoltaico produz mais eletricidade do que o im\u00f3vel consome, esse excedente \u00e9 injetado diretamente na rede de distribui\u00e7\u00e3o el\u00e9trica. Essa intera\u00e7\u00e3o \u00e9 monitorada pelo medidor bidirecional, que registra tanto a entrada quanto a sa\u00edda de energia.<\/p>\n<p>Portanto, a concession\u00e1ria de energia local quantifica esse excedente e o transforma em cr\u00e9ditos de energia. Esses cr\u00e9ditos possuem regras espec\u00edficas de utiliza\u00e7\u00e3o que garantem a viabilidade financeira do sistema de gera\u00e7\u00e3o distribu\u00edda:<\/p>\n<ul>\n<li><strong>Prazo de validade:<\/strong> Os cr\u00e9ditos acumulados permanecem v\u00e1lidos por at\u00e9 60 meses para abater consumos futuros.<\/li>\n<li><strong>Autoconsumo remoto:<\/strong> \u00c9 poss\u00edvel utilizar os cr\u00e9ditos gerados em uma unidade para reduzir a fatura de outro im\u00f3vel sob a mesma titularidade.<\/li>\n<li><strong>Taxa m\u00ednima:<\/strong> O consumidor ainda paga o custo de disponibilidade da rede e a taxa de ilumina\u00e7\u00e3o p\u00fablica, assegurando a conex\u00e3o ativa.<\/li>\n<\/ul>\n<p>A RCG Tecnologia Eletromec\u00e2nica LTDA atua como uma parceira tecnol\u00f3gica estrat\u00e9gica nesse cen\u00e1rio, fornecendo solu\u00e7\u00f5es integradas que otimizam a efici\u00eancia energ\u00e9tica residencial e empresarial. Ao alinhar a robustez dos sistemas de energia com sistemas de seguran\u00e7a e projetos modernos de ilumina\u00e7\u00e3o, a marca possibilita que os usu\u00e1rios maximizem o aproveitamento de cada quilovolt-ampere (kVA) gerado.<\/p>\n<p>Consequentemente, o faturamento mensal reflete uma redu\u00e7\u00e3o expressiva nas despesas operacionais. Para quem busca proteger o patrim\u00f4nio integrado a essas tecnologias, entender as op\u00e7\u00f5es de infraestrutura \u00e9 essencial; voc\u00ea pode conferir dicas sobre como analisar recursos de automa\u00e7\u00e3o acessando o nosso guia de <a href=\"https:\/\/rcg-tecnologia-eletromecanica-ltda-2.blogs.test.airticles.ai\/posts\/como-escolher-o-melhor-motor-de-portao-residencial\" target=\"_blank\" rel=\"noopener\">como escolher o melhor motor de port\u00e3o residencial<\/a> para garantir o funcionamento cont\u00ednuo de seus acessos. A transi\u00e7\u00e3o energ\u00e9tica, al\u00e9m de sustent\u00e1vel, torna-se um investimento de alta durabilidade e com excelente custo-benef\u00edcio financeiro.<\/p>\n<h2 id='conclusao'>Conclus\u00e3o<\/h2>\n<p>A transi\u00e7\u00e3o para um modelo energ\u00e9tico sustent\u00e1vel e moderno \u00e9 um passo estrat\u00e9gico para quem busca seguran\u00e7a, durabilidade e redu\u00e7\u00e3o real nas tarifas de eletricidade. O sistema fotovoltaico conectado \u00e0 rede p\u00fablica se consolida como a op\u00e7\u00e3o de melhor custo-benef\u00edcio para \u00e1reas urbanas e comerciais, viabilizando o uso inteligente da infraestrutura el\u00e9trica existente por meio de cr\u00e9ditos de compensa\u00e7\u00e3o com a concession\u00e1ria local.<\/p>\n<p>Como parceira tecnol\u00f3gica estrat\u00e9gica, a RCG Tecnologia Eletromec\u00e2nica LTDA oferece o suporte ideal para essa jornada, integrando sistemas de energia robustos com solu\u00e7\u00f5es de ilumina\u00e7\u00e3o de alta efici\u00eancia e sistemas de seguran\u00e7a de \u00faltima gera\u00e7\u00e3o. Ao aliar inova\u00e7\u00e3o eletromec\u00e2nica ao monitoramento inteligente, a marca garante que o seu im\u00f3vel funcione com total prote\u00e7\u00e3o e m\u00e1ximo rendimento operacional. Invista na moderniza\u00e7\u00e3o da sua propriedade com quem entende de tecnologia e infraestrutura de ponta. Adote a <strong>energia solar ligada a rede eletrica<\/strong> e experimente a verdadeira evolu\u00e7\u00e3o na forma de consumir e gerenciar eletricidade.<\/p>\n<hr \/>\n<h2 id='perguntas-frequentes'>Perguntas Frequentes<\/h2>\n<h3>O que acontece com a gera\u00e7\u00e3o de eletricidade em dias nublados ou no per\u00edodo noturno?<\/h3>\n<p>Durante dias nublados, a efici\u00eancia de capta\u00e7\u00e3o do painel solar fotovoltaico diminui, mas a gera\u00e7\u00e3o de eletricidade n\u00e3o \u00e9 interrompida por completo. \u00c0 noite, quando n\u00e3o h\u00e1 radia\u00e7\u00e3o, a gera\u00e7\u00e3o cessa totalmente e o im\u00f3vel passa a consumir eletricidade fornecida diretamente pela rede de distribui\u00e7\u00e3o el\u00e9trica da concession\u00e1ria, garantindo fornecimento cont\u00ednuo sem necessidade de acumuladores.<\/p>\n<h3>Como funciona o sistema de cr\u00e9ditos de energia na fatura mensal?<\/h3>\n<p>Quando a eletricidade excedente \u00e9 produzida, ela flui pelo medidor bidirecional e \u00e9 injetada na rede p\u00fablica. A concession\u00e1ria quantifica esse volume injetado, que \u00e9 convertido em cr\u00e9ditos de energia. Esses cr\u00e9ditos abatem o consumo medido em per\u00edodos em que a demanda supera a gera\u00e7\u00e3o pr\u00f3pria, ajudando a diminuir o custo operacional final.<\/p>\n<h3>O inversor interativo desliga automaticamente em caso de queda de energia na rede p\u00fablica?<\/h3>\n<p>Sim, por motivos de seguran\u00e7a t\u00e9cnica chamados de anti-ilhamento, o inversor interativo suspende a opera\u00e7\u00e3o de forma autom\u00e1tica se houver interrup\u00e7\u00e3o no fornecimento da concession\u00e1ria. Esse mecanismo impede que a eletricidade produzida localmente seja injetada na fia\u00e7\u00e3o p\u00fablica, protegendo eletricistas e t\u00e9cnicos que trabalham na manuten\u00e7\u00e3o da rede de distribui\u00e7\u00e3o el\u00e9trica.<\/p>\n<p><\/body><\/html><\/p>\n","protected":false},"excerpt":{"rendered":"<p>energia solar ligada a rede eletrica reduz custos e traz sustentabilidade. Compreenda o funcionamento, componentes e vantagens deste sistema eficiente.<\/p>\n","protected":false},"author":1,"featured_media":3860,"comment_status":"open","ping_status":"open","sticky":false,"template":"","format":"standard","meta":{"pagelayer_contact_templates":[],"_pagelayer_content":"","footnotes":""},"categories":[1560],"tags":[],"class_list":["post-3859","post","type-post","status-publish","format-standard","has-post-thumbnail","hentry","category-sistemas-de-energia"],"yoast_head":"<!-- This site is optimized with the Yoast SEO plugin v28.4 - https:\/\/yoast.com\/product\/yoast-seo-wordpress\/ -->\n<title>Como funciona a energia solar ligada a rede - Guerreiro News<\/title>\n<meta name=\"robots\" content=\"index, follow, max-snippet:-1, max-image-preview:large, max-video-preview:-1\" \/>\n<link rel=\"canonical\" href=\"https:\/\/guerreiro.dev.br\/news\/2026\/08\/11\/como-funciona-a-energia-solar-ligada-a-rede\/\" \/>\n<meta property=\"og:locale\" content=\"en_US\" \/>\n<meta property=\"og:type\" content=\"article\" \/>\n<meta property=\"og:title\" content=\"Como funciona a energia solar ligada a rede - Guerreiro News\" \/>\n<meta property=\"og:description\" content=\"energia solar ligada a rede eletrica reduz custos e traz sustentabilidade. Compreenda o funcionamento, componentes e vantagens deste sistema eficiente.\" \/>\n<meta property=\"og:url\" content=\"https:\/\/guerreiro.dev.br\/news\/2026\/08\/11\/como-funciona-a-energia-solar-ligada-a-rede\/\" \/>\n<meta property=\"og:site_name\" content=\"Guerreiro News\" \/>\n<meta property=\"article:published_time\" content=\"2026-08-11T09:28:38+00:00\" \/>\n<meta property=\"og:image\" content=\"https:\/\/guerreiro.dev.br\/news\/wp-content\/uploads\/2026\/08\/funcionamento-energia-solar-rede-eletrica.webp\" \/>\n<meta name=\"author\" content=\"admin\" \/>\n<meta name=\"twitter:card\" content=\"summary_large_image\" \/>\n<meta name=\"twitter:label1\" content=\"Written by\" \/>\n\t<meta name=\"twitter:data1\" content=\"admin\" \/>\n\t<meta name=\"twitter:label2\" content=\"Est. reading time\" \/>\n\t<meta name=\"twitter:data2\" content=\"11 minutes\" \/>\n<script type=\"application\/ld+json\" class=\"yoast-schema-graph\">{\"@context\":\"https:\\\/\\\/schema.org\",\"@graph\":[{\"@type\":\"Article\",\"@id\":\"https:\\\/\\\/guerreiro.dev.br\\\/news\\\/2026\\\/08\\\/11\\\/como-funciona-a-energia-solar-ligada-a-rede\\\/#article\",\"isPartOf\":{\"@id\":\"https:\\\/\\\/guerreiro.dev.br\\\/news\\\/2026\\\/08\\\/11\\\/como-funciona-a-energia-solar-ligada-a-rede\\\/\"},\"author\":{\"name\":\"admin\",\"@id\":\"https:\\\/\\\/guerreiro.dev.br\\\/news\\\/#\\\/schema\\\/person\\\/a4e2348faf31d598ec8bf681c988984c\"},\"headline\":\"Como funciona a energia solar ligada a rede\",\"datePublished\":\"2026-08-11T09:28:38+00:00\",\"mainEntityOfPage\":{\"@id\":\"https:\\\/\\\/guerreiro.dev.br\\\/news\\\/2026\\\/08\\\/11\\\/como-funciona-a-energia-solar-ligada-a-rede\\\/\"},\"wordCount\":2136,\"commentCount\":0,\"image\":{\"@id\":\"https:\\\/\\\/guerreiro.dev.br\\\/news\\\/2026\\\/08\\\/11\\\/como-funciona-a-energia-solar-ligada-a-rede\\\/#primaryimage\"},\"thumbnailUrl\":\"https:\\\/\\\/guerreiro.dev.br\\\/news\\\/wp-content\\\/uploads\\\/2026\\\/08\\\/energia-solar-ligada-rede-eletrica.webp\",\"articleSection\":[\"Sistemas de Energia\"],\"inLanguage\":\"en-US\",\"potentialAction\":[{\"@type\":\"CommentAction\",\"name\":\"Comment\",\"target\":[\"https:\\\/\\\/guerreiro.dev.br\\\/news\\\/2026\\\/08\\\/11\\\/como-funciona-a-energia-solar-ligada-a-rede\\\/#respond\"]}]},{\"@type\":\"WebPage\",\"@id\":\"https:\\\/\\\/guerreiro.dev.br\\\/news\\\/2026\\\/08\\\/11\\\/como-funciona-a-energia-solar-ligada-a-rede\\\/\",\"url\":\"https:\\\/\\\/guerreiro.dev.br\\\/news\\\/2026\\\/08\\\/11\\\/como-funciona-a-energia-solar-ligada-a-rede\\\/\",\"name\":\"Como funciona a energia solar ligada a rede - Guerreiro News\",\"isPartOf\":{\"@id\":\"https:\\\/\\\/guerreiro.dev.br\\\/news\\\/#website\"},\"primaryImageOfPage\":{\"@id\":\"https:\\\/\\\/guerreiro.dev.br\\\/news\\\/2026\\\/08\\\/11\\\/como-funciona-a-energia-solar-ligada-a-rede\\\/#primaryimage\"},\"image\":{\"@id\":\"https:\\\/\\\/guerreiro.dev.br\\\/news\\\/2026\\\/08\\\/11\\\/como-funciona-a-energia-solar-ligada-a-rede\\\/#primaryimage\"},\"thumbnailUrl\":\"https:\\\/\\\/guerreiro.dev.br\\\/news\\\/wp-content\\\/uploads\\\/2026\\\/08\\\/energia-solar-ligada-rede-eletrica.webp\",\"datePublished\":\"2026-08-11T09:28:38+00:00\",\"author\":{\"@id\":\"https:\\\/\\\/guerreiro.dev.br\\\/news\\\/#\\\/schema\\\/person\\\/a4e2348faf31d598ec8bf681c988984c\"},\"breadcrumb\":{\"@id\":\"https:\\\/\\\/guerreiro.dev.br\\\/news\\\/2026\\\/08\\\/11\\\/como-funciona-a-energia-solar-ligada-a-rede\\\/#breadcrumb\"},\"inLanguage\":\"en-US\",\"potentialAction\":[{\"@type\":\"ReadAction\",\"target\":[\"https:\\\/\\\/guerreiro.dev.br\\\/news\\\/2026\\\/08\\\/11\\\/como-funciona-a-energia-solar-ligada-a-rede\\\/\"]}]},{\"@type\":\"ImageObject\",\"inLanguage\":\"en-US\",\"@id\":\"https:\\\/\\\/guerreiro.dev.br\\\/news\\\/2026\\\/08\\\/11\\\/como-funciona-a-energia-solar-ligada-a-rede\\\/#primaryimage\",\"url\":\"https:\\\/\\\/guerreiro.dev.br\\\/news\\\/wp-content\\\/uploads\\\/2026\\\/08\\\/energia-solar-ligada-rede-eletrica.webp\",\"contentUrl\":\"https:\\\/\\\/guerreiro.dev.br\\\/news\\\/wp-content\\\/uploads\\\/2026\\\/08\\\/energia-solar-ligada-rede-eletrica.webp\",\"width\":1376,\"height\":768,\"caption\":\"Esquema moderno de energia solar ligada a rede eletrica em uma residencia contemporanea sob o sol.\"},{\"@type\":\"BreadcrumbList\",\"@id\":\"https:\\\/\\\/guerreiro.dev.br\\\/news\\\/2026\\\/08\\\/11\\\/como-funciona-a-energia-solar-ligada-a-rede\\\/#breadcrumb\",\"itemListElement\":[{\"@type\":\"ListItem\",\"position\":1,\"name\":\"Home\",\"item\":\"https:\\\/\\\/guerreiro.dev.br\\\/news\\\/\"},{\"@type\":\"ListItem\",\"position\":2,\"name\":\"Como funciona a energia solar ligada a rede\"}]},{\"@type\":\"WebSite\",\"@id\":\"https:\\\/\\\/guerreiro.dev.br\\\/news\\\/#website\",\"url\":\"https:\\\/\\\/guerreiro.dev.br\\\/news\\\/\",\"name\":\"Guerreiro News\",\"description\":\"Guerreiro Dev&#039;s news site\",\"potentialAction\":[{\"@type\":\"SearchAction\",\"target\":{\"@type\":\"EntryPoint\",\"urlTemplate\":\"https:\\\/\\\/guerreiro.dev.br\\\/news\\\/?s={search_term_string}\"},\"query-input\":{\"@type\":\"PropertyValueSpecification\",\"valueRequired\":true,\"valueName\":\"search_term_string\"}}],\"inLanguage\":\"en-US\"},{\"@type\":\"Person\",\"@id\":\"https:\\\/\\\/guerreiro.dev.br\\\/news\\\/#\\\/schema\\\/person\\\/a4e2348faf31d598ec8bf681c988984c\",\"name\":\"admin\",\"image\":{\"@type\":\"ImageObject\",\"inLanguage\":\"en-US\",\"@id\":\"https:\\\/\\\/secure.gravatar.com\\\/avatar\\\/580963dccb0d577f36efe7525df05e0aaf539eabf4172b5968ed214fcb01d281?s=96&d=mm&r=g\",\"url\":\"https:\\\/\\\/secure.gravatar.com\\\/avatar\\\/580963dccb0d577f36efe7525df05e0aaf539eabf4172b5968ed214fcb01d281?s=96&d=mm&r=g\",\"contentUrl\":\"https:\\\/\\\/secure.gravatar.com\\\/avatar\\\/580963dccb0d577f36efe7525df05e0aaf539eabf4172b5968ed214fcb01d281?s=96&d=mm&r=g\",\"caption\":\"admin\"},\"sameAs\":[\"https:\\\/\\\/guerreiro.dev.br\\\/news\"],\"url\":\"https:\\\/\\\/guerreiro.dev.br\\\/news\\\/author\\\/admin\\\/\"}]}<\/script>\n<!-- \/ Yoast SEO plugin. -->","yoast_head_json":{"title":"Como funciona a energia solar ligada a rede - Guerreiro News","robots":{"index":"index","follow":"follow","max-snippet":"max-snippet:-1","max-image-preview":"max-image-preview:large","max-video-preview":"max-video-preview:-1"},"canonical":"https:\/\/guerreiro.dev.br\/news\/2026\/08\/11\/como-funciona-a-energia-solar-ligada-a-rede\/","og_locale":"en_US","og_type":"article","og_title":"Como funciona a energia solar ligada a rede - Guerreiro News","og_description":"energia solar ligada a rede eletrica reduz custos e traz sustentabilidade. Compreenda o funcionamento, componentes e vantagens deste sistema eficiente.","og_url":"https:\/\/guerreiro.dev.br\/news\/2026\/08\/11\/como-funciona-a-energia-solar-ligada-a-rede\/","og_site_name":"Guerreiro News","article_published_time":"2026-08-11T09:28:38+00:00","og_image":[{"url":"https:\/\/guerreiro.dev.br\/news\/wp-content\/uploads\/2026\/08\/funcionamento-energia-solar-rede-eletrica.webp","type":"","width":"","height":""}],"author":"admin","twitter_card":"summary_large_image","twitter_misc":{"Written by":"admin","Est. reading time":"11 minutes"},"schema":{"@context":"https:\/\/schema.org","@graph":[{"@type":"Article","@id":"https:\/\/guerreiro.dev.br\/news\/2026\/08\/11\/como-funciona-a-energia-solar-ligada-a-rede\/#article","isPartOf":{"@id":"https:\/\/guerreiro.dev.br\/news\/2026\/08\/11\/como-funciona-a-energia-solar-ligada-a-rede\/"},"author":{"name":"admin","@id":"https:\/\/guerreiro.dev.br\/news\/#\/schema\/person\/a4e2348faf31d598ec8bf681c988984c"},"headline":"Como funciona a energia solar ligada a rede","datePublished":"2026-08-11T09:28:38+00:00","mainEntityOfPage":{"@id":"https:\/\/guerreiro.dev.br\/news\/2026\/08\/11\/como-funciona-a-energia-solar-ligada-a-rede\/"},"wordCount":2136,"commentCount":0,"image":{"@id":"https:\/\/guerreiro.dev.br\/news\/2026\/08\/11\/como-funciona-a-energia-solar-ligada-a-rede\/#primaryimage"},"thumbnailUrl":"https:\/\/guerreiro.dev.br\/news\/wp-content\/uploads\/2026\/08\/energia-solar-ligada-rede-eletrica.webp","articleSection":["Sistemas de Energia"],"inLanguage":"en-US","potentialAction":[{"@type":"CommentAction","name":"Comment","target":["https:\/\/guerreiro.dev.br\/news\/2026\/08\/11\/como-funciona-a-energia-solar-ligada-a-rede\/#respond"]}]},{"@type":"WebPage","@id":"https:\/\/guerreiro.dev.br\/news\/2026\/08\/11\/como-funciona-a-energia-solar-ligada-a-rede\/","url":"https:\/\/guerreiro.dev.br\/news\/2026\/08\/11\/como-funciona-a-energia-solar-ligada-a-rede\/","name":"Como funciona a energia solar ligada a rede - Guerreiro News","isPartOf":{"@id":"https:\/\/guerreiro.dev.br\/news\/#website"},"primaryImageOfPage":{"@id":"https:\/\/guerreiro.dev.br\/news\/2026\/08\/11\/como-funciona-a-energia-solar-ligada-a-rede\/#primaryimage"},"image":{"@id":"https:\/\/guerreiro.dev.br\/news\/2026\/08\/11\/como-funciona-a-energia-solar-ligada-a-rede\/#primaryimage"},"thumbnailUrl":"https:\/\/guerreiro.dev.br\/news\/wp-content\/uploads\/2026\/08\/energia-solar-ligada-rede-eletrica.webp","datePublished":"2026-08-11T09:28:38+00:00","author":{"@id":"https:\/\/guerreiro.dev.br\/news\/#\/schema\/person\/a4e2348faf31d598ec8bf681c988984c"},"breadcrumb":{"@id":"https:\/\/guerreiro.dev.br\/news\/2026\/08\/11\/como-funciona-a-energia-solar-ligada-a-rede\/#breadcrumb"},"inLanguage":"en-US","potentialAction":[{"@type":"ReadAction","target":["https:\/\/guerreiro.dev.br\/news\/2026\/08\/11\/como-funciona-a-energia-solar-ligada-a-rede\/"]}]},{"@type":"ImageObject","inLanguage":"en-US","@id":"https:\/\/guerreiro.dev.br\/news\/2026\/08\/11\/como-funciona-a-energia-solar-ligada-a-rede\/#primaryimage","url":"https:\/\/guerreiro.dev.br\/news\/wp-content\/uploads\/2026\/08\/energia-solar-ligada-rede-eletrica.webp","contentUrl":"https:\/\/guerreiro.dev.br\/news\/wp-content\/uploads\/2026\/08\/energia-solar-ligada-rede-eletrica.webp","width":1376,"height":768,"caption":"Esquema moderno de energia solar ligada a rede eletrica em uma residencia contemporanea sob o sol."},{"@type":"BreadcrumbList","@id":"https:\/\/guerreiro.dev.br\/news\/2026\/08\/11\/como-funciona-a-energia-solar-ligada-a-rede\/#breadcrumb","itemListElement":[{"@type":"ListItem","position":1,"name":"Home","item":"https:\/\/guerreiro.dev.br\/news\/"},{"@type":"ListItem","position":2,"name":"Como funciona a energia solar ligada a rede"}]},{"@type":"WebSite","@id":"https:\/\/guerreiro.dev.br\/news\/#website","url":"https:\/\/guerreiro.dev.br\/news\/","name":"Guerreiro News","description":"Guerreiro Dev&#039;s news site","potentialAction":[{"@type":"SearchAction","target":{"@type":"EntryPoint","urlTemplate":"https:\/\/guerreiro.dev.br\/news\/?s={search_term_string}"},"query-input":{"@type":"PropertyValueSpecification","valueRequired":true,"valueName":"search_term_string"}}],"inLanguage":"en-US"},{"@type":"Person","@id":"https:\/\/guerreiro.dev.br\/news\/#\/schema\/person\/a4e2348faf31d598ec8bf681c988984c","name":"admin","image":{"@type":"ImageObject","inLanguage":"en-US","@id":"https:\/\/secure.gravatar.com\/avatar\/580963dccb0d577f36efe7525df05e0aaf539eabf4172b5968ed214fcb01d281?s=96&d=mm&r=g","url":"https:\/\/secure.gravatar.com\/avatar\/580963dccb0d577f36efe7525df05e0aaf539eabf4172b5968ed214fcb01d281?s=96&d=mm&r=g","contentUrl":"https:\/\/secure.gravatar.com\/avatar\/580963dccb0d577f36efe7525df05e0aaf539eabf4172b5968ed214fcb01d281?s=96&d=mm&r=g","caption":"admin"},"sameAs":["https:\/\/guerreiro.dev.br\/news"],"url":"https:\/\/guerreiro.dev.br\/news\/author\/admin\/"}]}},"_links":{"self":[{"href":"https:\/\/guerreiro.dev.br\/news\/wp-json\/wp\/v2\/posts\/3859","targetHints":{"allow":["GET"]}}],"collection":[{"href":"https:\/\/guerreiro.dev.br\/news\/wp-json\/wp\/v2\/posts"}],"about":[{"href":"https:\/\/guerreiro.dev.br\/news\/wp-json\/wp\/v2\/types\/post"}],"author":[{"embeddable":true,"href":"https:\/\/guerreiro.dev.br\/news\/wp-json\/wp\/v2\/users\/1"}],"replies":[{"embeddable":true,"href":"https:\/\/guerreiro.dev.br\/news\/wp-json\/wp\/v2\/comments?post=3859"}],"version-history":[{"count":1,"href":"https:\/\/guerreiro.dev.br\/news\/wp-json\/wp\/v2\/posts\/3859\/revisions"}],"predecessor-version":[{"id":3863,"href":"https:\/\/guerreiro.dev.br\/news\/wp-json\/wp\/v2\/posts\/3859\/revisions\/3863"}],"wp:featuredmedia":[{"embeddable":true,"href":"https:\/\/guerreiro.dev.br\/news\/wp-json\/wp\/v2\/media\/3860"}],"wp:attachment":[{"href":"https:\/\/guerreiro.dev.br\/news\/wp-json\/wp\/v2\/media?parent=3859"}],"wp:term":[{"taxonomy":"category","embeddable":true,"href":"https:\/\/guerreiro.dev.br\/news\/wp-json\/wp\/v2\/categories?post=3859"},{"taxonomy":"post_tag","embeddable":true,"href":"https:\/\/guerreiro.dev.br\/news\/wp-json\/wp\/v2\/tags?post=3859"}],"curies":[{"name":"wp","href":"https:\/\/api.w.org\/{rel}","templated":true}]}}