{"id":768,"date":"2025-12-09T08:03:17","date_gmt":"2025-12-09T08:03:17","guid":{"rendered":"https:\/\/guerreiro.dev.br\/news\/2025\/12\/09\/especialista-analisa-riscos-de-classificar-faccoes-como-terroristas\/"},"modified":"2025-12-09T08:03:17","modified_gmt":"2025-12-09T08:03:17","slug":"especialista-analisa-riscos-de-classificar-faccoes-como-terroristas","status":"publish","type":"post","link":"https:\/\/guerreiro.dev.br\/news\/2025\/12\/09\/especialista-analisa-riscos-de-classificar-faccoes-como-terroristas\/","title":{"rendered":"Especialista analisa riscos de classificar fac\u00e7\u00f5es como terroristas no Brasil"},"content":{"rendered":"<p>Michael Miklaucic, ex-pesquisador da Universidade de Defesa Nacional dos EUA, prop\u00f5e que o Brasil classifique fac\u00e7\u00f5es criminosas como terroristas. Ele acredita que essa medida, embora arriscada, \u00e9 necess\u00e1ria para enfrentar amea\u00e7as \u00e0 seguran\u00e7a p\u00fablica. Miklaucic, atualmente na Universidade Federal de S\u00e3o Paulo, destaca que a designa\u00e7\u00e3o de grupos como o Primeiro Comando da Capital (PCC) e o Comando Vermelho (CV) como terroristas pode dar mais liberdade de a\u00e7\u00e3o \u00e0s for\u00e7as de seguran\u00e7a.<\/p>\n<p>A proposta ganha for\u00e7a ap\u00f3s uma opera\u00e7\u00e3o policial no Rio de Janeiro, que resultou em 121 mortes, sendo criticada por organiza\u00e7\u00f5es de direitos humanos. Parlamentares e governadores buscam aprovar leis que ampliem o conceito de terrorismo, mas cr\u00edticos alertam para poss\u00edveis interven\u00e7\u00f5es estrangeiras e san\u00e7\u00f5es econ\u00f4micas.<\/p>\n<p>Miklaucic reconhece que a medida pode aumentar a participa\u00e7\u00e3o dos EUA no combate ao crime no Brasil, mas adverte contra inger\u00eancias externas. Ele enfatiza que a redefini\u00e7\u00e3o de organiza\u00e7\u00f5es criminosas como terroristas n\u00e3o deve criar conflitos entre pa\u00edses aliados.<\/p>\n<p>O especialista aponta a necessidade de coopera\u00e7\u00e3o transnacional e melhorias na comunica\u00e7\u00e3o entre diferentes n\u00edveis de governo para combater o crime organizado. Ele tamb\u00e9m sugere que o Brasil invista em educa\u00e7\u00e3o p\u00fablica para conscientizar sobre os danos sociais e econ\u00f4micos causados pelo crime organizado.<\/p>\n<p>O Brasil discute um projeto de lei que prop\u00f5e penas mais severas para crimes organizados. Miklaucic defende que as penalidades devem ser aplicadas de forma justa, atingindo n\u00e3o apenas criminosos de rua, mas tamb\u00e9m l\u00edderes e facilitadores no governo e em \u00e1reas profissionais.<\/p>\n<p><strong>Fonte:<\/strong><a href=\"https:\/\/www.bbc.com\/portuguese\/articles\/c5yqgj5nxydo?at_medium=RSS&amp;at_campaign=rss\" target=\"_blank\" rel=\"noopener noreferrer\">https:\/\/www.bbc.com\/portuguese\/articles\/c5yqgj5nxydo?at_medium=RSS&amp;at_campaign=rss<\/a><\/p>\n","protected":false},"excerpt":{"rendered":"<p>Michael Miklaucic, ex-pesquisador da Universidade de Defesa Nacional dos EUA, prop\u00f5e que o Brasil classifique fac\u00e7\u00f5es criminosas como terroristas. Ele acredita que essa medida, embora arriscada, \u00e9 necess\u00e1ria para enfrentar amea\u00e7as \u00e0 seguran\u00e7a p\u00fablica. Miklaucic, atualmente na Universidade Federal de S\u00e3o Paulo, destaca que a designa\u00e7\u00e3o de grupos como o Primeiro Comando da Capital (PCC) [&hellip;]<\/p>\n","protected":false},"author":1,"featured_media":769,"comment_status":"open","ping_status":"open","sticky":false,"template":"","format":"standard","meta":{"pagelayer_contact_templates":[],"_pagelayer_content":"","footnotes":""},"categories":[387],"tags":[417,416,418],"class_list":["post-768","post","type-post","status-publish","format-standard","has-post-thumbnail","hentry","category-crimes-e-justica","tag-classificacao-terrorista","tag-faccoes-criminosas-brasil","tag-riscos-direitos-civis"],"yoast_head":"<!-- This site is optimized with the Yoast SEO plugin v27.3 - https:\/\/yoast.com\/product\/yoast-seo-wordpress\/ -->\n<title>Especialista analisa riscos de classificar fac\u00e7\u00f5es como terroristas no Brasil - Guerreiro News<\/title>\n<meta name=\"description\" content=\"Classificar fac\u00e7\u00f5es como terroristas pode ampliar a\u00e7\u00f5es de seguran\u00e7a, mas traz riscos aos direitos civis e poss\u00edveis interven\u00e7\u00f5es internacionais, alerta especialista.\" \/>\n<meta name=\"robots\" content=\"index, follow, max-snippet:-1, max-image-preview:large, max-video-preview:-1\" \/>\n<link rel=\"canonical\" href=\"https:\/\/guerreiro.dev.br\/news\/2025\/12\/09\/especialista-analisa-riscos-de-classificar-faccoes-como-terroristas\/\" \/>\n<meta property=\"og:locale\" content=\"en_US\" \/>\n<meta property=\"og:type\" content=\"article\" \/>\n<meta property=\"og:title\" content=\"Especialista analisa riscos de classificar fac\u00e7\u00f5es como terroristas no Brasil - Guerreiro News\" \/>\n<meta property=\"og:description\" content=\"Classificar fac\u00e7\u00f5es como terroristas pode ampliar a\u00e7\u00f5es de seguran\u00e7a, mas traz riscos aos direitos civis e poss\u00edveis interven\u00e7\u00f5es internacionais, alerta especialista.\" \/>\n<meta property=\"og:url\" content=\"https:\/\/guerreiro.dev.br\/news\/2025\/12\/09\/especialista-analisa-riscos-de-classificar-faccoes-como-terroristas\/\" \/>\n<meta property=\"og:site_name\" content=\"Guerreiro News\" \/>\n<meta property=\"article:published_time\" content=\"2025-12-09T08:03:17+00:00\" \/>\n<meta property=\"og:image\" content=\"https:\/\/guerreiro.dev.br\/news\/wp-content\/uploads\/2025\/12\/airticles-cover-6937d7c61322f.webp\" \/>\n\t<meta property=\"og:image:width\" content=\"1344\" \/>\n\t<meta property=\"og:image:height\" content=\"768\" \/>\n\t<meta property=\"og:image:type\" content=\"image\/webp\" \/>\n<meta name=\"author\" content=\"admin\" \/>\n<meta name=\"twitter:card\" content=\"summary_large_image\" \/>\n<meta name=\"twitter:label1\" content=\"Written by\" \/>\n\t<meta name=\"twitter:data1\" content=\"admin\" \/>\n\t<meta name=\"twitter:label2\" content=\"Est. reading time\" \/>\n\t<meta name=\"twitter:data2\" content=\"1 minute\" \/>\n<script type=\"application\/ld+json\" class=\"yoast-schema-graph\">{\"@context\":\"https:\\\/\\\/schema.org\",\"@graph\":[{\"@type\":\"Article\",\"@id\":\"https:\\\/\\\/guerreiro.dev.br\\\/news\\\/2025\\\/12\\\/09\\\/especialista-analisa-riscos-de-classificar-faccoes-como-terroristas\\\/#article\",\"isPartOf\":{\"@id\":\"https:\\\/\\\/guerreiro.dev.br\\\/news\\\/2025\\\/12\\\/09\\\/especialista-analisa-riscos-de-classificar-faccoes-como-terroristas\\\/\"},\"author\":{\"name\":\"admin\",\"@id\":\"https:\\\/\\\/guerreiro.dev.br\\\/news\\\/#\\\/schema\\\/person\\\/282e053998765cb4795f8e50313a7489\"},\"headline\":\"Especialista analisa riscos de classificar fac\u00e7\u00f5es como terroristas no Brasil\",\"datePublished\":\"2025-12-09T08:03:17+00:00\",\"mainEntityOfPage\":{\"@id\":\"https:\\\/\\\/guerreiro.dev.br\\\/news\\\/2025\\\/12\\\/09\\\/especialista-analisa-riscos-de-classificar-faccoes-como-terroristas\\\/\"},\"wordCount\":306,\"commentCount\":0,\"image\":{\"@id\":\"https:\\\/\\\/guerreiro.dev.br\\\/news\\\/2025\\\/12\\\/09\\\/especialista-analisa-riscos-de-classificar-faccoes-como-terroristas\\\/#primaryimage\"},\"thumbnailUrl\":\"https:\\\/\\\/guerreiro.dev.br\\\/news\\\/wp-content\\\/uploads\\\/2025\\\/12\\\/airticles-cover-6937d7c61322f.webp\",\"keywords\":[\"classifica\u00e7\u00e3o terrorista\",\"fac\u00e7\u00f5es criminosas Brasil\",\"riscos direitos civis\"],\"articleSection\":[\"crimes-e-justi\u00e7a\"],\"inLanguage\":\"en-US\",\"potentialAction\":[{\"@type\":\"CommentAction\",\"name\":\"Comment\",\"target\":[\"https:\\\/\\\/guerreiro.dev.br\\\/news\\\/2025\\\/12\\\/09\\\/especialista-analisa-riscos-de-classificar-faccoes-como-terroristas\\\/#respond\"]}]},{\"@type\":\"WebPage\",\"@id\":\"https:\\\/\\\/guerreiro.dev.br\\\/news\\\/2025\\\/12\\\/09\\\/especialista-analisa-riscos-de-classificar-faccoes-como-terroristas\\\/\",\"url\":\"https:\\\/\\\/guerreiro.dev.br\\\/news\\\/2025\\\/12\\\/09\\\/especialista-analisa-riscos-de-classificar-faccoes-como-terroristas\\\/\",\"name\":\"Especialista analisa riscos de classificar fac\u00e7\u00f5es como terroristas no Brasil - Guerreiro News\",\"isPartOf\":{\"@id\":\"https:\\\/\\\/guerreiro.dev.br\\\/news\\\/#website\"},\"primaryImageOfPage\":{\"@id\":\"https:\\\/\\\/guerreiro.dev.br\\\/news\\\/2025\\\/12\\\/09\\\/especialista-analisa-riscos-de-classificar-faccoes-como-terroristas\\\/#primaryimage\"},\"image\":{\"@id\":\"https:\\\/\\\/guerreiro.dev.br\\\/news\\\/2025\\\/12\\\/09\\\/especialista-analisa-riscos-de-classificar-faccoes-como-terroristas\\\/#primaryimage\"},\"thumbnailUrl\":\"https:\\\/\\\/guerreiro.dev.br\\\/news\\\/wp-content\\\/uploads\\\/2025\\\/12\\\/airticles-cover-6937d7c61322f.webp\",\"datePublished\":\"2025-12-09T08:03:17+00:00\",\"author\":{\"@id\":\"https:\\\/\\\/guerreiro.dev.br\\\/news\\\/#\\\/schema\\\/person\\\/282e053998765cb4795f8e50313a7489\"},\"description\":\"Classificar fac\u00e7\u00f5es como terroristas pode ampliar a\u00e7\u00f5es de seguran\u00e7a, mas traz riscos aos direitos civis e poss\u00edveis interven\u00e7\u00f5es internacionais, alerta especialista.\",\"breadcrumb\":{\"@id\":\"https:\\\/\\\/guerreiro.dev.br\\\/news\\\/2025\\\/12\\\/09\\\/especialista-analisa-riscos-de-classificar-faccoes-como-terroristas\\\/#breadcrumb\"},\"inLanguage\":\"en-US\",\"potentialAction\":[{\"@type\":\"ReadAction\",\"target\":[\"https:\\\/\\\/guerreiro.dev.br\\\/news\\\/2025\\\/12\\\/09\\\/especialista-analisa-riscos-de-classificar-faccoes-como-terroristas\\\/\"]}]},{\"@type\":\"ImageObject\",\"inLanguage\":\"en-US\",\"@id\":\"https:\\\/\\\/guerreiro.dev.br\\\/news\\\/2025\\\/12\\\/09\\\/especialista-analisa-riscos-de-classificar-faccoes-como-terroristas\\\/#primaryimage\",\"url\":\"https:\\\/\\\/guerreiro.dev.br\\\/news\\\/wp-content\\\/uploads\\\/2025\\\/12\\\/airticles-cover-6937d7c61322f.webp\",\"contentUrl\":\"https:\\\/\\\/guerreiro.dev.br\\\/news\\\/wp-content\\\/uploads\\\/2025\\\/12\\\/airticles-cover-6937d7c61322f.webp\",\"width\":1344,\"height\":768},{\"@type\":\"BreadcrumbList\",\"@id\":\"https:\\\/\\\/guerreiro.dev.br\\\/news\\\/2025\\\/12\\\/09\\\/especialista-analisa-riscos-de-classificar-faccoes-como-terroristas\\\/#breadcrumb\",\"itemListElement\":[{\"@type\":\"ListItem\",\"position\":1,\"name\":\"Home\",\"item\":\"https:\\\/\\\/guerreiro.dev.br\\\/news\\\/\"},{\"@type\":\"ListItem\",\"position\":2,\"name\":\"Especialista analisa riscos de classificar fac\u00e7\u00f5es como terroristas no Brasil\"}]},{\"@type\":\"WebSite\",\"@id\":\"https:\\\/\\\/guerreiro.dev.br\\\/news\\\/#website\",\"url\":\"https:\\\/\\\/guerreiro.dev.br\\\/news\\\/\",\"name\":\"Guerreiro News\",\"description\":\"Guerreiro Dev&#039;s news site\",\"potentialAction\":[{\"@type\":\"SearchAction\",\"target\":{\"@type\":\"EntryPoint\",\"urlTemplate\":\"https:\\\/\\\/guerreiro.dev.br\\\/news\\\/?s={search_term_string}\"},\"query-input\":{\"@type\":\"PropertyValueSpecification\",\"valueRequired\":true,\"valueName\":\"search_term_string\"}}],\"inLanguage\":\"en-US\"},{\"@type\":\"Person\",\"@id\":\"https:\\\/\\\/guerreiro.dev.br\\\/news\\\/#\\\/schema\\\/person\\\/282e053998765cb4795f8e50313a7489\",\"name\":\"admin\",\"image\":{\"@type\":\"ImageObject\",\"inLanguage\":\"en-US\",\"@id\":\"https:\\\/\\\/secure.gravatar.com\\\/avatar\\\/580963dccb0d577f36efe7525df05e0aaf539eabf4172b5968ed214fcb01d281?s=96&d=mm&r=g\",\"url\":\"https:\\\/\\\/secure.gravatar.com\\\/avatar\\\/580963dccb0d577f36efe7525df05e0aaf539eabf4172b5968ed214fcb01d281?s=96&d=mm&r=g\",\"contentUrl\":\"https:\\\/\\\/secure.gravatar.com\\\/avatar\\\/580963dccb0d577f36efe7525df05e0aaf539eabf4172b5968ed214fcb01d281?s=96&d=mm&r=g\",\"caption\":\"admin\"},\"sameAs\":[\"https:\\\/\\\/guerreiro.dev.br\\\/news\"],\"url\":\"https:\\\/\\\/guerreiro.dev.br\\\/news\\\/author\\\/admin\\\/\"}]}<\/script>\n<!-- \/ Yoast SEO plugin. -->","yoast_head_json":{"title":"Especialista analisa riscos de classificar fac\u00e7\u00f5es como terroristas no Brasil - Guerreiro News","description":"Classificar fac\u00e7\u00f5es como terroristas pode ampliar a\u00e7\u00f5es de seguran\u00e7a, mas traz riscos aos direitos civis e poss\u00edveis interven\u00e7\u00f5es internacionais, alerta especialista.","robots":{"index":"index","follow":"follow","max-snippet":"max-snippet:-1","max-image-preview":"max-image-preview:large","max-video-preview":"max-video-preview:-1"},"canonical":"https:\/\/guerreiro.dev.br\/news\/2025\/12\/09\/especialista-analisa-riscos-de-classificar-faccoes-como-terroristas\/","og_locale":"en_US","og_type":"article","og_title":"Especialista analisa riscos de classificar fac\u00e7\u00f5es como terroristas no Brasil - Guerreiro News","og_description":"Classificar fac\u00e7\u00f5es como terroristas pode ampliar a\u00e7\u00f5es de seguran\u00e7a, mas traz riscos aos direitos civis e poss\u00edveis interven\u00e7\u00f5es internacionais, alerta especialista.","og_url":"https:\/\/guerreiro.dev.br\/news\/2025\/12\/09\/especialista-analisa-riscos-de-classificar-faccoes-como-terroristas\/","og_site_name":"Guerreiro News","article_published_time":"2025-12-09T08:03:17+00:00","og_image":[{"width":1344,"height":768,"url":"https:\/\/guerreiro.dev.br\/news\/wp-content\/uploads\/2025\/12\/airticles-cover-6937d7c61322f.webp","type":"image\/webp"}],"author":"admin","twitter_card":"summary_large_image","twitter_misc":{"Written by":"admin","Est. reading time":"1 minute"},"schema":{"@context":"https:\/\/schema.org","@graph":[{"@type":"Article","@id":"https:\/\/guerreiro.dev.br\/news\/2025\/12\/09\/especialista-analisa-riscos-de-classificar-faccoes-como-terroristas\/#article","isPartOf":{"@id":"https:\/\/guerreiro.dev.br\/news\/2025\/12\/09\/especialista-analisa-riscos-de-classificar-faccoes-como-terroristas\/"},"author":{"name":"admin","@id":"https:\/\/guerreiro.dev.br\/news\/#\/schema\/person\/282e053998765cb4795f8e50313a7489"},"headline":"Especialista analisa riscos de classificar fac\u00e7\u00f5es como terroristas no Brasil","datePublished":"2025-12-09T08:03:17+00:00","mainEntityOfPage":{"@id":"https:\/\/guerreiro.dev.br\/news\/2025\/12\/09\/especialista-analisa-riscos-de-classificar-faccoes-como-terroristas\/"},"wordCount":306,"commentCount":0,"image":{"@id":"https:\/\/guerreiro.dev.br\/news\/2025\/12\/09\/especialista-analisa-riscos-de-classificar-faccoes-como-terroristas\/#primaryimage"},"thumbnailUrl":"https:\/\/guerreiro.dev.br\/news\/wp-content\/uploads\/2025\/12\/airticles-cover-6937d7c61322f.webp","keywords":["classifica\u00e7\u00e3o terrorista","fac\u00e7\u00f5es criminosas Brasil","riscos direitos civis"],"articleSection":["crimes-e-justi\u00e7a"],"inLanguage":"en-US","potentialAction":[{"@type":"CommentAction","name":"Comment","target":["https:\/\/guerreiro.dev.br\/news\/2025\/12\/09\/especialista-analisa-riscos-de-classificar-faccoes-como-terroristas\/#respond"]}]},{"@type":"WebPage","@id":"https:\/\/guerreiro.dev.br\/news\/2025\/12\/09\/especialista-analisa-riscos-de-classificar-faccoes-como-terroristas\/","url":"https:\/\/guerreiro.dev.br\/news\/2025\/12\/09\/especialista-analisa-riscos-de-classificar-faccoes-como-terroristas\/","name":"Especialista analisa riscos de classificar fac\u00e7\u00f5es como terroristas no Brasil - Guerreiro News","isPartOf":{"@id":"https:\/\/guerreiro.dev.br\/news\/#website"},"primaryImageOfPage":{"@id":"https:\/\/guerreiro.dev.br\/news\/2025\/12\/09\/especialista-analisa-riscos-de-classificar-faccoes-como-terroristas\/#primaryimage"},"image":{"@id":"https:\/\/guerreiro.dev.br\/news\/2025\/12\/09\/especialista-analisa-riscos-de-classificar-faccoes-como-terroristas\/#primaryimage"},"thumbnailUrl":"https:\/\/guerreiro.dev.br\/news\/wp-content\/uploads\/2025\/12\/airticles-cover-6937d7c61322f.webp","datePublished":"2025-12-09T08:03:17+00:00","author":{"@id":"https:\/\/guerreiro.dev.br\/news\/#\/schema\/person\/282e053998765cb4795f8e50313a7489"},"description":"Classificar fac\u00e7\u00f5es como terroristas pode ampliar a\u00e7\u00f5es de seguran\u00e7a, mas traz riscos aos direitos civis e poss\u00edveis interven\u00e7\u00f5es internacionais, alerta especialista.","breadcrumb":{"@id":"https:\/\/guerreiro.dev.br\/news\/2025\/12\/09\/especialista-analisa-riscos-de-classificar-faccoes-como-terroristas\/#breadcrumb"},"inLanguage":"en-US","potentialAction":[{"@type":"ReadAction","target":["https:\/\/guerreiro.dev.br\/news\/2025\/12\/09\/especialista-analisa-riscos-de-classificar-faccoes-como-terroristas\/"]}]},{"@type":"ImageObject","inLanguage":"en-US","@id":"https:\/\/guerreiro.dev.br\/news\/2025\/12\/09\/especialista-analisa-riscos-de-classificar-faccoes-como-terroristas\/#primaryimage","url":"https:\/\/guerreiro.dev.br\/news\/wp-content\/uploads\/2025\/12\/airticles-cover-6937d7c61322f.webp","contentUrl":"https:\/\/guerreiro.dev.br\/news\/wp-content\/uploads\/2025\/12\/airticles-cover-6937d7c61322f.webp","width":1344,"height":768},{"@type":"BreadcrumbList","@id":"https:\/\/guerreiro.dev.br\/news\/2025\/12\/09\/especialista-analisa-riscos-de-classificar-faccoes-como-terroristas\/#breadcrumb","itemListElement":[{"@type":"ListItem","position":1,"name":"Home","item":"https:\/\/guerreiro.dev.br\/news\/"},{"@type":"ListItem","position":2,"name":"Especialista analisa riscos de classificar fac\u00e7\u00f5es como terroristas no Brasil"}]},{"@type":"WebSite","@id":"https:\/\/guerreiro.dev.br\/news\/#website","url":"https:\/\/guerreiro.dev.br\/news\/","name":"Guerreiro News","description":"Guerreiro Dev&#039;s news site","potentialAction":[{"@type":"SearchAction","target":{"@type":"EntryPoint","urlTemplate":"https:\/\/guerreiro.dev.br\/news\/?s={search_term_string}"},"query-input":{"@type":"PropertyValueSpecification","valueRequired":true,"valueName":"search_term_string"}}],"inLanguage":"en-US"},{"@type":"Person","@id":"https:\/\/guerreiro.dev.br\/news\/#\/schema\/person\/282e053998765cb4795f8e50313a7489","name":"admin","image":{"@type":"ImageObject","inLanguage":"en-US","@id":"https:\/\/secure.gravatar.com\/avatar\/580963dccb0d577f36efe7525df05e0aaf539eabf4172b5968ed214fcb01d281?s=96&d=mm&r=g","url":"https:\/\/secure.gravatar.com\/avatar\/580963dccb0d577f36efe7525df05e0aaf539eabf4172b5968ed214fcb01d281?s=96&d=mm&r=g","contentUrl":"https:\/\/secure.gravatar.com\/avatar\/580963dccb0d577f36efe7525df05e0aaf539eabf4172b5968ed214fcb01d281?s=96&d=mm&r=g","caption":"admin"},"sameAs":["https:\/\/guerreiro.dev.br\/news"],"url":"https:\/\/guerreiro.dev.br\/news\/author\/admin\/"}]}},"_links":{"self":[{"href":"https:\/\/guerreiro.dev.br\/news\/wp-json\/wp\/v2\/posts\/768","targetHints":{"allow":["GET"]}}],"collection":[{"href":"https:\/\/guerreiro.dev.br\/news\/wp-json\/wp\/v2\/posts"}],"about":[{"href":"https:\/\/guerreiro.dev.br\/news\/wp-json\/wp\/v2\/types\/post"}],"author":[{"embeddable":true,"href":"https:\/\/guerreiro.dev.br\/news\/wp-json\/wp\/v2\/users\/1"}],"replies":[{"embeddable":true,"href":"https:\/\/guerreiro.dev.br\/news\/wp-json\/wp\/v2\/comments?post=768"}],"version-history":[{"count":0,"href":"https:\/\/guerreiro.dev.br\/news\/wp-json\/wp\/v2\/posts\/768\/revisions"}],"wp:featuredmedia":[{"embeddable":true,"href":"https:\/\/guerreiro.dev.br\/news\/wp-json\/wp\/v2\/media\/769"}],"wp:attachment":[{"href":"https:\/\/guerreiro.dev.br\/news\/wp-json\/wp\/v2\/media?parent=768"}],"wp:term":[{"taxonomy":"category","embeddable":true,"href":"https:\/\/guerreiro.dev.br\/news\/wp-json\/wp\/v2\/categories?post=768"},{"taxonomy":"post_tag","embeddable":true,"href":"https:\/\/guerreiro.dev.br\/news\/wp-json\/wp\/v2\/tags?post=768"}],"curies":[{"name":"wp","href":"https:\/\/api.w.org\/{rel}","templated":true}]}}