{"id":771,"date":"2025-12-10T08:03:41","date_gmt":"2025-12-10T08:03:41","guid":{"rendered":"https:\/\/guerreiro.dev.br\/news\/2025\/12\/10\/deputado-glauber-braga-removido-forca-presidencia-camara-apos-protesto\/"},"modified":"2025-12-10T08:03:41","modified_gmt":"2025-12-10T08:03:41","slug":"deputado-glauber-braga-removido-forca-presidencia-camara-apos-protesto","status":"publish","type":"post","link":"https:\/\/guerreiro.dev.br\/news\/2025\/12\/10\/deputado-glauber-braga-removido-forca-presidencia-camara-apos-protesto\/","title":{"rendered":"Deputado Glauber Braga \u00e9 removido \u00e0 for\u00e7a da presid\u00eancia da C\u00e2mara ap\u00f3s protesto"},"content":{"rendered":"<p>A C\u00e2mara dos Deputados est\u00e1 em processo de vota\u00e7\u00e3o de um projeto que pode alterar a dosimetria das penas para crimes como tentativa de golpe de Estado, impactando diretamente condenados pelos eventos de 8 de janeiro de 2023, incluindo o ex-presidente Jair Bolsonaro. A proposta, se aprovada, pode permitir que Bolsonaro, condenado a 27 anos de pris\u00e3o, seja libertado em pouco mais de dois anos. O projeto ainda precisa passar pelo Senado e ser sancionado pelo presidente da Rep\u00fablica.<\/p>\n<p>O projeto, relatado pelo deputado Paulinho da For\u00e7a, prop\u00f5e a redu\u00e7\u00e3o das penas ao eliminar a soma de penas para crimes relacionados ao golpe de Estado e permitir progress\u00e3o de regime ap\u00f3s o cumprimento de 1\/6 da pena. A proposta enfrenta resist\u00eancia pol\u00edtica e p\u00fablica, com 54% da popula\u00e7\u00e3o se opondo \u00e0 anistia, segundo pesquisa do Instituto Datafolha.<\/p>\n<p>O presidente da C\u00e2mara, Hugo Motta, colocou o projeto em pauta, gerando rea\u00e7\u00f5es negativas da base governista. Lindbergh Farias, l\u00edder do PT na C\u00e2mara, criticou a medida, afirmando que ela beneficiaria exclusivamente Bolsonaro. A decis\u00e3o de Motta ocorre em meio a tens\u00f5es com o Executivo e ap\u00f3s o an\u00fancio da pr\u00e9-candidatura de Fl\u00e1vio Bolsonaro \u00e0 presid\u00eancia.<\/p>\n<p>Se aprovado na C\u00e2mara, o projeto enfrentar\u00e1 nova vota\u00e7\u00e3o no Senado. O presidente do Senado, Davi Alcolumbre, afirmou que a casa votar\u00e1 rapidamente a proposta, enquanto o senador Otto Alencar defende uma an\u00e1lise pr\u00e9via pela Comiss\u00e3o de Constitui\u00e7\u00e3o de Justi\u00e7a. A defesa de Bolsonaro tamb\u00e9m solicitou ao STF que ele cumpra pris\u00e3o domiciliar por motivos de sa\u00fade.<\/p>\n<p><strong>Fonte:<\/strong><a href=\"https:\/\/www.bbc.com\/portuguese\/articles\/cgjn13nd51qo?at_medium=RSS&amp;at_campaign=rss\" target=\"_blank\" rel=\"noopener noreferrer\">https:\/\/www.bbc.com\/portuguese\/articles\/cgjn13nd51qo?at_medium=RSS&amp;at_campaign=rss<\/a><\/p>\n<p>Slug: projeto-reducao-pena-bolsonaro-camara<\/p>\n","protected":false},"excerpt":{"rendered":"<p>A C\u00e2mara dos Deputados est\u00e1 em processo de vota\u00e7\u00e3o de um projeto que pode alterar a dosimetria das penas para crimes como tentativa de golpe de Estado, impactando diretamente condenados pelos eventos de 8 de janeiro de 2023, incluindo o ex-presidente Jair Bolsonaro. A proposta, se aprovada, pode permitir que Bolsonaro, condenado a 27 anos [&hellip;]<\/p>\n","protected":false},"author":1,"featured_media":772,"comment_status":"open","ping_status":"open","sticky":false,"template":"","format":"standard","meta":{"pagelayer_contact_templates":[],"_pagelayer_content":"","footnotes":""},"categories":[387],"tags":[420,419,421],"class_list":["post-771","post","type-post","status-publish","format-standard","has-post-thumbnail","hentry","category-crimes-e-justica","tag-cassacao-na-camara","tag-glauber-braga-removido","tag-liberdade-de-imprensa-congresso"],"yoast_head":"<!-- This site is optimized with the Yoast SEO plugin v27.3 - https:\/\/yoast.com\/product\/yoast-seo-wordpress\/ -->\n<title>Deputado Glauber Braga \u00e9 removido \u00e0 for\u00e7a da presid\u00eancia da C\u00e2mara ap\u00f3s protesto - Guerreiro News<\/title>\n<meta name=\"description\" content=\"Glauber Braga foi retirado \u00e0 for\u00e7a da presid\u00eancia da C\u00e2mara durante protesto contra processo de cassa\u00e7\u00e3o, agravando tens\u00f5es pol\u00edticas e debate sobre liberdade de imprensa.\" \/>\n<meta name=\"robots\" content=\"index, follow, max-snippet:-1, max-image-preview:large, max-video-preview:-1\" \/>\n<link rel=\"canonical\" href=\"https:\/\/guerreiro.dev.br\/news\/2025\/12\/10\/deputado-glauber-braga-removido-forca-presidencia-camara-apos-protesto\/\" \/>\n<meta property=\"og:locale\" content=\"en_US\" \/>\n<meta property=\"og:type\" content=\"article\" \/>\n<meta property=\"og:title\" content=\"Deputado Glauber Braga \u00e9 removido \u00e0 for\u00e7a da presid\u00eancia da C\u00e2mara ap\u00f3s protesto - Guerreiro News\" \/>\n<meta property=\"og:description\" content=\"Glauber Braga foi retirado \u00e0 for\u00e7a da presid\u00eancia da C\u00e2mara durante protesto contra processo de cassa\u00e7\u00e3o, agravando tens\u00f5es pol\u00edticas e debate sobre liberdade de imprensa.\" \/>\n<meta property=\"og:url\" content=\"https:\/\/guerreiro.dev.br\/news\/2025\/12\/10\/deputado-glauber-braga-removido-forca-presidencia-camara-apos-protesto\/\" \/>\n<meta property=\"og:site_name\" content=\"Guerreiro News\" \/>\n<meta property=\"article:published_time\" content=\"2025-12-10T08:03:41+00:00\" \/>\n<meta property=\"og:image\" content=\"https:\/\/guerreiro.dev.br\/news\/wp-content\/uploads\/2025\/12\/airticles-cover-6939295e5becc.webp\" \/>\n\t<meta property=\"og:image:width\" content=\"1344\" \/>\n\t<meta property=\"og:image:height\" content=\"768\" \/>\n\t<meta property=\"og:image:type\" content=\"image\/webp\" \/>\n<meta name=\"author\" content=\"admin\" \/>\n<meta name=\"twitter:card\" content=\"summary_large_image\" \/>\n<meta name=\"twitter:label1\" content=\"Written by\" \/>\n\t<meta name=\"twitter:data1\" content=\"admin\" \/>\n\t<meta name=\"twitter:label2\" content=\"Est. reading time\" \/>\n\t<meta name=\"twitter:data2\" content=\"1 minute\" \/>\n<script type=\"application\/ld+json\" class=\"yoast-schema-graph\">{\"@context\":\"https:\\\/\\\/schema.org\",\"@graph\":[{\"@type\":\"Article\",\"@id\":\"https:\\\/\\\/guerreiro.dev.br\\\/news\\\/2025\\\/12\\\/10\\\/deputado-glauber-braga-removido-forca-presidencia-camara-apos-protesto\\\/#article\",\"isPartOf\":{\"@id\":\"https:\\\/\\\/guerreiro.dev.br\\\/news\\\/2025\\\/12\\\/10\\\/deputado-glauber-braga-removido-forca-presidencia-camara-apos-protesto\\\/\"},\"author\":{\"name\":\"admin\",\"@id\":\"https:\\\/\\\/guerreiro.dev.br\\\/news\\\/#\\\/schema\\\/person\\\/282e053998765cb4795f8e50313a7489\"},\"headline\":\"Deputado Glauber Braga \u00e9 removido \u00e0 for\u00e7a da presid\u00eancia da C\u00e2mara ap\u00f3s protesto\",\"datePublished\":\"2025-12-10T08:03:41+00:00\",\"mainEntityOfPage\":{\"@id\":\"https:\\\/\\\/guerreiro.dev.br\\\/news\\\/2025\\\/12\\\/10\\\/deputado-glauber-braga-removido-forca-presidencia-camara-apos-protesto\\\/\"},\"wordCount\":311,\"commentCount\":0,\"image\":{\"@id\":\"https:\\\/\\\/guerreiro.dev.br\\\/news\\\/2025\\\/12\\\/10\\\/deputado-glauber-braga-removido-forca-presidencia-camara-apos-protesto\\\/#primaryimage\"},\"thumbnailUrl\":\"https:\\\/\\\/guerreiro.dev.br\\\/news\\\/wp-content\\\/uploads\\\/2025\\\/12\\\/airticles-cover-6939295e5becc.webp\",\"keywords\":[\"cassa\u00e7\u00e3o na C\u00e2mara\",\"Glauber Braga removido\",\"liberdade de imprensa Congresso\"],\"articleSection\":[\"crimes-e-justi\u00e7a\"],\"inLanguage\":\"en-US\",\"potentialAction\":[{\"@type\":\"CommentAction\",\"name\":\"Comment\",\"target\":[\"https:\\\/\\\/guerreiro.dev.br\\\/news\\\/2025\\\/12\\\/10\\\/deputado-glauber-braga-removido-forca-presidencia-camara-apos-protesto\\\/#respond\"]}]},{\"@type\":\"WebPage\",\"@id\":\"https:\\\/\\\/guerreiro.dev.br\\\/news\\\/2025\\\/12\\\/10\\\/deputado-glauber-braga-removido-forca-presidencia-camara-apos-protesto\\\/\",\"url\":\"https:\\\/\\\/guerreiro.dev.br\\\/news\\\/2025\\\/12\\\/10\\\/deputado-glauber-braga-removido-forca-presidencia-camara-apos-protesto\\\/\",\"name\":\"Deputado Glauber Braga \u00e9 removido \u00e0 for\u00e7a da presid\u00eancia da C\u00e2mara ap\u00f3s protesto - Guerreiro News\",\"isPartOf\":{\"@id\":\"https:\\\/\\\/guerreiro.dev.br\\\/news\\\/#website\"},\"primaryImageOfPage\":{\"@id\":\"https:\\\/\\\/guerreiro.dev.br\\\/news\\\/2025\\\/12\\\/10\\\/deputado-glauber-braga-removido-forca-presidencia-camara-apos-protesto\\\/#primaryimage\"},\"image\":{\"@id\":\"https:\\\/\\\/guerreiro.dev.br\\\/news\\\/2025\\\/12\\\/10\\\/deputado-glauber-braga-removido-forca-presidencia-camara-apos-protesto\\\/#primaryimage\"},\"thumbnailUrl\":\"https:\\\/\\\/guerreiro.dev.br\\\/news\\\/wp-content\\\/uploads\\\/2025\\\/12\\\/airticles-cover-6939295e5becc.webp\",\"datePublished\":\"2025-12-10T08:03:41+00:00\",\"author\":{\"@id\":\"https:\\\/\\\/guerreiro.dev.br\\\/news\\\/#\\\/schema\\\/person\\\/282e053998765cb4795f8e50313a7489\"},\"description\":\"Glauber Braga foi retirado \u00e0 for\u00e7a da presid\u00eancia da C\u00e2mara durante protesto contra processo de cassa\u00e7\u00e3o, agravando tens\u00f5es pol\u00edticas e debate sobre liberdade de imprensa.\",\"breadcrumb\":{\"@id\":\"https:\\\/\\\/guerreiro.dev.br\\\/news\\\/2025\\\/12\\\/10\\\/deputado-glauber-braga-removido-forca-presidencia-camara-apos-protesto\\\/#breadcrumb\"},\"inLanguage\":\"en-US\",\"potentialAction\":[{\"@type\":\"ReadAction\",\"target\":[\"https:\\\/\\\/guerreiro.dev.br\\\/news\\\/2025\\\/12\\\/10\\\/deputado-glauber-braga-removido-forca-presidencia-camara-apos-protesto\\\/\"]}]},{\"@type\":\"ImageObject\",\"inLanguage\":\"en-US\",\"@id\":\"https:\\\/\\\/guerreiro.dev.br\\\/news\\\/2025\\\/12\\\/10\\\/deputado-glauber-braga-removido-forca-presidencia-camara-apos-protesto\\\/#primaryimage\",\"url\":\"https:\\\/\\\/guerreiro.dev.br\\\/news\\\/wp-content\\\/uploads\\\/2025\\\/12\\\/airticles-cover-6939295e5becc.webp\",\"contentUrl\":\"https:\\\/\\\/guerreiro.dev.br\\\/news\\\/wp-content\\\/uploads\\\/2025\\\/12\\\/airticles-cover-6939295e5becc.webp\",\"width\":1344,\"height\":768},{\"@type\":\"BreadcrumbList\",\"@id\":\"https:\\\/\\\/guerreiro.dev.br\\\/news\\\/2025\\\/12\\\/10\\\/deputado-glauber-braga-removido-forca-presidencia-camara-apos-protesto\\\/#breadcrumb\",\"itemListElement\":[{\"@type\":\"ListItem\",\"position\":1,\"name\":\"Home\",\"item\":\"https:\\\/\\\/guerreiro.dev.br\\\/news\\\/\"},{\"@type\":\"ListItem\",\"position\":2,\"name\":\"Deputado Glauber Braga \u00e9 removido \u00e0 for\u00e7a da presid\u00eancia da C\u00e2mara ap\u00f3s protesto\"}]},{\"@type\":\"WebSite\",\"@id\":\"https:\\\/\\\/guerreiro.dev.br\\\/news\\\/#website\",\"url\":\"https:\\\/\\\/guerreiro.dev.br\\\/news\\\/\",\"name\":\"Guerreiro News\",\"description\":\"Guerreiro Dev&#039;s news site\",\"potentialAction\":[{\"@type\":\"SearchAction\",\"target\":{\"@type\":\"EntryPoint\",\"urlTemplate\":\"https:\\\/\\\/guerreiro.dev.br\\\/news\\\/?s={search_term_string}\"},\"query-input\":{\"@type\":\"PropertyValueSpecification\",\"valueRequired\":true,\"valueName\":\"search_term_string\"}}],\"inLanguage\":\"en-US\"},{\"@type\":\"Person\",\"@id\":\"https:\\\/\\\/guerreiro.dev.br\\\/news\\\/#\\\/schema\\\/person\\\/282e053998765cb4795f8e50313a7489\",\"name\":\"admin\",\"image\":{\"@type\":\"ImageObject\",\"inLanguage\":\"en-US\",\"@id\":\"https:\\\/\\\/secure.gravatar.com\\\/avatar\\\/580963dccb0d577f36efe7525df05e0aaf539eabf4172b5968ed214fcb01d281?s=96&d=mm&r=g\",\"url\":\"https:\\\/\\\/secure.gravatar.com\\\/avatar\\\/580963dccb0d577f36efe7525df05e0aaf539eabf4172b5968ed214fcb01d281?s=96&d=mm&r=g\",\"contentUrl\":\"https:\\\/\\\/secure.gravatar.com\\\/avatar\\\/580963dccb0d577f36efe7525df05e0aaf539eabf4172b5968ed214fcb01d281?s=96&d=mm&r=g\",\"caption\":\"admin\"},\"sameAs\":[\"https:\\\/\\\/guerreiro.dev.br\\\/news\"],\"url\":\"https:\\\/\\\/guerreiro.dev.br\\\/news\\\/author\\\/admin\\\/\"}]}<\/script>\n<!-- \/ Yoast SEO plugin. -->","yoast_head_json":{"title":"Deputado Glauber Braga \u00e9 removido \u00e0 for\u00e7a da presid\u00eancia da C\u00e2mara ap\u00f3s protesto - Guerreiro News","description":"Glauber Braga foi retirado \u00e0 for\u00e7a da presid\u00eancia da C\u00e2mara durante protesto contra processo de cassa\u00e7\u00e3o, agravando tens\u00f5es pol\u00edticas e debate sobre liberdade de imprensa.","robots":{"index":"index","follow":"follow","max-snippet":"max-snippet:-1","max-image-preview":"max-image-preview:large","max-video-preview":"max-video-preview:-1"},"canonical":"https:\/\/guerreiro.dev.br\/news\/2025\/12\/10\/deputado-glauber-braga-removido-forca-presidencia-camara-apos-protesto\/","og_locale":"en_US","og_type":"article","og_title":"Deputado Glauber Braga \u00e9 removido \u00e0 for\u00e7a da presid\u00eancia da C\u00e2mara ap\u00f3s protesto - Guerreiro News","og_description":"Glauber Braga foi retirado \u00e0 for\u00e7a da presid\u00eancia da C\u00e2mara durante protesto contra processo de cassa\u00e7\u00e3o, agravando tens\u00f5es pol\u00edticas e debate sobre liberdade de imprensa.","og_url":"https:\/\/guerreiro.dev.br\/news\/2025\/12\/10\/deputado-glauber-braga-removido-forca-presidencia-camara-apos-protesto\/","og_site_name":"Guerreiro News","article_published_time":"2025-12-10T08:03:41+00:00","og_image":[{"width":1344,"height":768,"url":"https:\/\/guerreiro.dev.br\/news\/wp-content\/uploads\/2025\/12\/airticles-cover-6939295e5becc.webp","type":"image\/webp"}],"author":"admin","twitter_card":"summary_large_image","twitter_misc":{"Written by":"admin","Est. reading time":"1 minute"},"schema":{"@context":"https:\/\/schema.org","@graph":[{"@type":"Article","@id":"https:\/\/guerreiro.dev.br\/news\/2025\/12\/10\/deputado-glauber-braga-removido-forca-presidencia-camara-apos-protesto\/#article","isPartOf":{"@id":"https:\/\/guerreiro.dev.br\/news\/2025\/12\/10\/deputado-glauber-braga-removido-forca-presidencia-camara-apos-protesto\/"},"author":{"name":"admin","@id":"https:\/\/guerreiro.dev.br\/news\/#\/schema\/person\/282e053998765cb4795f8e50313a7489"},"headline":"Deputado Glauber Braga \u00e9 removido \u00e0 for\u00e7a da presid\u00eancia da C\u00e2mara ap\u00f3s protesto","datePublished":"2025-12-10T08:03:41+00:00","mainEntityOfPage":{"@id":"https:\/\/guerreiro.dev.br\/news\/2025\/12\/10\/deputado-glauber-braga-removido-forca-presidencia-camara-apos-protesto\/"},"wordCount":311,"commentCount":0,"image":{"@id":"https:\/\/guerreiro.dev.br\/news\/2025\/12\/10\/deputado-glauber-braga-removido-forca-presidencia-camara-apos-protesto\/#primaryimage"},"thumbnailUrl":"https:\/\/guerreiro.dev.br\/news\/wp-content\/uploads\/2025\/12\/airticles-cover-6939295e5becc.webp","keywords":["cassa\u00e7\u00e3o na C\u00e2mara","Glauber Braga removido","liberdade de imprensa Congresso"],"articleSection":["crimes-e-justi\u00e7a"],"inLanguage":"en-US","potentialAction":[{"@type":"CommentAction","name":"Comment","target":["https:\/\/guerreiro.dev.br\/news\/2025\/12\/10\/deputado-glauber-braga-removido-forca-presidencia-camara-apos-protesto\/#respond"]}]},{"@type":"WebPage","@id":"https:\/\/guerreiro.dev.br\/news\/2025\/12\/10\/deputado-glauber-braga-removido-forca-presidencia-camara-apos-protesto\/","url":"https:\/\/guerreiro.dev.br\/news\/2025\/12\/10\/deputado-glauber-braga-removido-forca-presidencia-camara-apos-protesto\/","name":"Deputado Glauber Braga \u00e9 removido \u00e0 for\u00e7a da presid\u00eancia da C\u00e2mara ap\u00f3s protesto - Guerreiro News","isPartOf":{"@id":"https:\/\/guerreiro.dev.br\/news\/#website"},"primaryImageOfPage":{"@id":"https:\/\/guerreiro.dev.br\/news\/2025\/12\/10\/deputado-glauber-braga-removido-forca-presidencia-camara-apos-protesto\/#primaryimage"},"image":{"@id":"https:\/\/guerreiro.dev.br\/news\/2025\/12\/10\/deputado-glauber-braga-removido-forca-presidencia-camara-apos-protesto\/#primaryimage"},"thumbnailUrl":"https:\/\/guerreiro.dev.br\/news\/wp-content\/uploads\/2025\/12\/airticles-cover-6939295e5becc.webp","datePublished":"2025-12-10T08:03:41+00:00","author":{"@id":"https:\/\/guerreiro.dev.br\/news\/#\/schema\/person\/282e053998765cb4795f8e50313a7489"},"description":"Glauber Braga foi retirado \u00e0 for\u00e7a da presid\u00eancia da C\u00e2mara durante protesto contra processo de cassa\u00e7\u00e3o, agravando tens\u00f5es pol\u00edticas e debate sobre liberdade de imprensa.","breadcrumb":{"@id":"https:\/\/guerreiro.dev.br\/news\/2025\/12\/10\/deputado-glauber-braga-removido-forca-presidencia-camara-apos-protesto\/#breadcrumb"},"inLanguage":"en-US","potentialAction":[{"@type":"ReadAction","target":["https:\/\/guerreiro.dev.br\/news\/2025\/12\/10\/deputado-glauber-braga-removido-forca-presidencia-camara-apos-protesto\/"]}]},{"@type":"ImageObject","inLanguage":"en-US","@id":"https:\/\/guerreiro.dev.br\/news\/2025\/12\/10\/deputado-glauber-braga-removido-forca-presidencia-camara-apos-protesto\/#primaryimage","url":"https:\/\/guerreiro.dev.br\/news\/wp-content\/uploads\/2025\/12\/airticles-cover-6939295e5becc.webp","contentUrl":"https:\/\/guerreiro.dev.br\/news\/wp-content\/uploads\/2025\/12\/airticles-cover-6939295e5becc.webp","width":1344,"height":768},{"@type":"BreadcrumbList","@id":"https:\/\/guerreiro.dev.br\/news\/2025\/12\/10\/deputado-glauber-braga-removido-forca-presidencia-camara-apos-protesto\/#breadcrumb","itemListElement":[{"@type":"ListItem","position":1,"name":"Home","item":"https:\/\/guerreiro.dev.br\/news\/"},{"@type":"ListItem","position":2,"name":"Deputado Glauber Braga \u00e9 removido \u00e0 for\u00e7a da presid\u00eancia da C\u00e2mara ap\u00f3s protesto"}]},{"@type":"WebSite","@id":"https:\/\/guerreiro.dev.br\/news\/#website","url":"https:\/\/guerreiro.dev.br\/news\/","name":"Guerreiro News","description":"Guerreiro Dev&#039;s news site","potentialAction":[{"@type":"SearchAction","target":{"@type":"EntryPoint","urlTemplate":"https:\/\/guerreiro.dev.br\/news\/?s={search_term_string}"},"query-input":{"@type":"PropertyValueSpecification","valueRequired":true,"valueName":"search_term_string"}}],"inLanguage":"en-US"},{"@type":"Person","@id":"https:\/\/guerreiro.dev.br\/news\/#\/schema\/person\/282e053998765cb4795f8e50313a7489","name":"admin","image":{"@type":"ImageObject","inLanguage":"en-US","@id":"https:\/\/secure.gravatar.com\/avatar\/580963dccb0d577f36efe7525df05e0aaf539eabf4172b5968ed214fcb01d281?s=96&d=mm&r=g","url":"https:\/\/secure.gravatar.com\/avatar\/580963dccb0d577f36efe7525df05e0aaf539eabf4172b5968ed214fcb01d281?s=96&d=mm&r=g","contentUrl":"https:\/\/secure.gravatar.com\/avatar\/580963dccb0d577f36efe7525df05e0aaf539eabf4172b5968ed214fcb01d281?s=96&d=mm&r=g","caption":"admin"},"sameAs":["https:\/\/guerreiro.dev.br\/news"],"url":"https:\/\/guerreiro.dev.br\/news\/author\/admin\/"}]}},"_links":{"self":[{"href":"https:\/\/guerreiro.dev.br\/news\/wp-json\/wp\/v2\/posts\/771","targetHints":{"allow":["GET"]}}],"collection":[{"href":"https:\/\/guerreiro.dev.br\/news\/wp-json\/wp\/v2\/posts"}],"about":[{"href":"https:\/\/guerreiro.dev.br\/news\/wp-json\/wp\/v2\/types\/post"}],"author":[{"embeddable":true,"href":"https:\/\/guerreiro.dev.br\/news\/wp-json\/wp\/v2\/users\/1"}],"replies":[{"embeddable":true,"href":"https:\/\/guerreiro.dev.br\/news\/wp-json\/wp\/v2\/comments?post=771"}],"version-history":[{"count":0,"href":"https:\/\/guerreiro.dev.br\/news\/wp-json\/wp\/v2\/posts\/771\/revisions"}],"wp:featuredmedia":[{"embeddable":true,"href":"https:\/\/guerreiro.dev.br\/news\/wp-json\/wp\/v2\/media\/772"}],"wp:attachment":[{"href":"https:\/\/guerreiro.dev.br\/news\/wp-json\/wp\/v2\/media?parent=771"}],"wp:term":[{"taxonomy":"category","embeddable":true,"href":"https:\/\/guerreiro.dev.br\/news\/wp-json\/wp\/v2\/categories?post=771"},{"taxonomy":"post_tag","embeddable":true,"href":"https:\/\/guerreiro.dev.br\/news\/wp-json\/wp\/v2\/tags?post=771"}],"curies":[{"name":"wp","href":"https:\/\/api.w.org\/{rel}","templated":true}]}}