{"id":775,"date":"2025-12-11T08:03:17","date_gmt":"2025-12-11T08:03:17","guid":{"rendered":"https:\/\/guerreiro.dev.br\/news\/2025\/12\/11\/escola-estadual-parque-dos-sonhos-de-abandono-a-referencia\/"},"modified":"2025-12-11T08:03:17","modified_gmt":"2025-12-11T08:03:17","slug":"escola-estadual-parque-dos-sonhos-de-abandono-a-referencia","status":"publish","type":"post","link":"https:\/\/guerreiro.dev.br\/news\/2025\/12\/11\/escola-estadual-parque-dos-sonhos-de-abandono-a-referencia\/","title":{"rendered":"Escola Estadual Parque dos Sonhos: De Abandono a Refer\u00eancia Internacional em Supera\u00e7\u00e3o"},"content":{"rendered":"<p>Uma escola p\u00fablica em Cubat\u00e3o, S\u00e3o Paulo, transformou-se de um ambiente marcado por viol\u00eancia e drogas em uma das institui\u00e7\u00f5es educacionais mais respeitadas do mundo. A Escola Estadual Parque dos Sonhos, que antes era conhecida como &#8220;Parque dos Pesadelos&#8221;, recebeu o pr\u00eamio internacional &#8220;Melhor Escola do Mundo 2025&#8221; na categoria &#8220;Supera\u00e7\u00e3o de Adversidades&#8221;.<\/p>\n<p>Em 2016, R\u00e9gis Marques assumiu a dire\u00e7\u00e3o da escola, que enfrentava invas\u00f5es e furtos frequentes. Com apenas 116 alunos matriculados, a escola estava em risco de fechamento. R\u00e9gis estabeleceu a meta de transformar a institui\u00e7\u00e3o na melhor do estado em cinco anos. Para isso, a escola buscou apoio de empresas privadas, arrecadando R$ 100 mil para melhorias estruturais.<\/p>\n<p>A escola ampliou seu curr\u00edculo com 23 projetos extracurriculares, incluindo culin\u00e1ria e esportes como badminton e patina\u00e7\u00e3o art\u00edstica. Al\u00e9m disso, a escola abriu suas portas para a comunidade nos fins de semana e ofereceu cursos preparat\u00f3rios para vestibulares e concursos.<\/p>\n<p>Inspirada em um modelo cubano, a escola implementou o projeto &#8220;A escola vai \u00e0 sua casa&#8221;, que envolve visitas \u00e0s resid\u00eancias de alunos com problemas de frequ\u00eancia ou disciplina. Essa abordagem visa entender melhor as condi\u00e7\u00f5es de vida dos estudantes e oferecer suporte adequado.<\/p>\n<p>O reconhecimento internacional veio ap\u00f3s a escola melhorar significativamente seus resultados acad\u00eamicos, com o Idesp subindo de 2,2 para 4,6 em uma d\u00e9cada. Al\u00e9m dos n\u00fameros, a escola se tornou um porto seguro para os alunos, promovendo um ambiente de prote\u00e7\u00e3o social e apoio emocional.<\/p>\n<p><strong>Fonte:<\/strong><a href=\"https:\/\/www.bbc.com\/portuguese\/articles\/cjwy9n1npe8o?at_medium=RSS&amp;at_campaign=rss\" target=\"_blank\" rel=\"noopener noreferrer\">https:\/\/www.bbc.com\/portuguese\/articles\/cjwy9n1npe8o?at_medium=RSS&amp;at_campaign=rss<\/a><\/p>\n","protected":false},"excerpt":{"rendered":"<p>Uma escola p\u00fablica em Cubat\u00e3o, S\u00e3o Paulo, transformou-se de um ambiente marcado por viol\u00eancia e drogas em uma das institui\u00e7\u00f5es educacionais mais respeitadas do mundo. A Escola Estadual Parque dos Sonhos, que antes era conhecida como &#8220;Parque dos Pesadelos&#8221;, recebeu o pr\u00eamio internacional &#8220;Melhor Escola do Mundo 2025&#8221; na categoria &#8220;Supera\u00e7\u00e3o de Adversidades&#8221;. Em 2016, [&hellip;]<\/p>\n","protected":false},"author":1,"featured_media":776,"comment_status":"open","ping_status":"open","sticky":false,"template":"","format":"standard","meta":{"pagelayer_contact_templates":[],"_pagelayer_content":"","footnotes":""},"categories":[422],"tags":[423,425,424],"class_list":["post-775","post","type-post","status-publish","format-standard","has-post-thumbnail","hentry","category-reencontros-e-historias-de-vida","tag-educacao-inclusiva","tag-engajamento-comunitario","tag-superacao-escolar"],"yoast_head":"<!-- This site is optimized with the Yoast SEO plugin v27.3 - https:\/\/yoast.com\/product\/yoast-seo-wordpress\/ -->\n<title>Escola Estadual Parque dos Sonhos: De Abandono a Refer\u00eancia Internacional em Supera\u00e7\u00e3o - Guerreiro News<\/title>\n<meta name=\"description\" content=\"A Escola Estadual Parque dos Sonhos, em Cubat\u00e3o, superou viol\u00eancia e abandono, tornando-se refer\u00eancia internacional em educa\u00e7\u00e3o inclusiva e acolhimento.\" \/>\n<meta name=\"robots\" content=\"index, follow, max-snippet:-1, max-image-preview:large, max-video-preview:-1\" \/>\n<link rel=\"canonical\" href=\"https:\/\/guerreiro.dev.br\/news\/2025\/12\/11\/escola-estadual-parque-dos-sonhos-de-abandono-a-referencia\/\" \/>\n<meta property=\"og:locale\" content=\"en_US\" \/>\n<meta property=\"og:type\" content=\"article\" \/>\n<meta property=\"og:title\" content=\"Escola Estadual Parque dos Sonhos: De Abandono a Refer\u00eancia Internacional em Supera\u00e7\u00e3o - Guerreiro News\" \/>\n<meta property=\"og:description\" content=\"A Escola Estadual Parque dos Sonhos, em Cubat\u00e3o, superou viol\u00eancia e abandono, tornando-se refer\u00eancia internacional em educa\u00e7\u00e3o inclusiva e acolhimento.\" \/>\n<meta property=\"og:url\" content=\"https:\/\/guerreiro.dev.br\/news\/2025\/12\/11\/escola-estadual-parque-dos-sonhos-de-abandono-a-referencia\/\" \/>\n<meta property=\"og:site_name\" content=\"Guerreiro News\" \/>\n<meta property=\"article:published_time\" content=\"2025-12-11T08:03:17+00:00\" \/>\n<meta property=\"og:image\" content=\"https:\/\/guerreiro.dev.br\/news\/wp-content\/uploads\/2025\/12\/airticles-cover-693a7ac60e8a3.webp\" \/>\n\t<meta property=\"og:image:width\" content=\"1344\" \/>\n\t<meta property=\"og:image:height\" content=\"768\" \/>\n\t<meta property=\"og:image:type\" content=\"image\/webp\" \/>\n<meta name=\"author\" content=\"admin\" \/>\n<meta name=\"twitter:card\" content=\"summary_large_image\" \/>\n<meta name=\"twitter:label1\" content=\"Written by\" \/>\n\t<meta name=\"twitter:data1\" content=\"admin\" \/>\n\t<meta name=\"twitter:label2\" content=\"Est. reading time\" \/>\n\t<meta name=\"twitter:data2\" content=\"1 minute\" \/>\n<script type=\"application\/ld+json\" class=\"yoast-schema-graph\">{\"@context\":\"https:\\\/\\\/schema.org\",\"@graph\":[{\"@type\":\"Article\",\"@id\":\"https:\\\/\\\/guerreiro.dev.br\\\/news\\\/2025\\\/12\\\/11\\\/escola-estadual-parque-dos-sonhos-de-abandono-a-referencia\\\/#article\",\"isPartOf\":{\"@id\":\"https:\\\/\\\/guerreiro.dev.br\\\/news\\\/2025\\\/12\\\/11\\\/escola-estadual-parque-dos-sonhos-de-abandono-a-referencia\\\/\"},\"author\":{\"name\":\"admin\",\"@id\":\"https:\\\/\\\/guerreiro.dev.br\\\/news\\\/#\\\/schema\\\/person\\\/282e053998765cb4795f8e50313a7489\"},\"headline\":\"Escola Estadual Parque dos Sonhos: De Abandono a Refer\u00eancia Internacional em Supera\u00e7\u00e3o\",\"datePublished\":\"2025-12-11T08:03:17+00:00\",\"mainEntityOfPage\":{\"@id\":\"https:\\\/\\\/guerreiro.dev.br\\\/news\\\/2025\\\/12\\\/11\\\/escola-estadual-parque-dos-sonhos-de-abandono-a-referencia\\\/\"},\"wordCount\":291,\"commentCount\":0,\"image\":{\"@id\":\"https:\\\/\\\/guerreiro.dev.br\\\/news\\\/2025\\\/12\\\/11\\\/escola-estadual-parque-dos-sonhos-de-abandono-a-referencia\\\/#primaryimage\"},\"thumbnailUrl\":\"https:\\\/\\\/guerreiro.dev.br\\\/news\\\/wp-content\\\/uploads\\\/2025\\\/12\\\/airticles-cover-693a7ac60e8a3.webp\",\"keywords\":[\"educa\u00e7\u00e3o inclusiva\",\"engajamento comunit\u00e1rio\",\"supera\u00e7\u00e3o escolar\"],\"articleSection\":[\"reencontros-e-hist\u00f3rias-de-vida\"],\"inLanguage\":\"en-US\",\"potentialAction\":[{\"@type\":\"CommentAction\",\"name\":\"Comment\",\"target\":[\"https:\\\/\\\/guerreiro.dev.br\\\/news\\\/2025\\\/12\\\/11\\\/escola-estadual-parque-dos-sonhos-de-abandono-a-referencia\\\/#respond\"]}]},{\"@type\":\"WebPage\",\"@id\":\"https:\\\/\\\/guerreiro.dev.br\\\/news\\\/2025\\\/12\\\/11\\\/escola-estadual-parque-dos-sonhos-de-abandono-a-referencia\\\/\",\"url\":\"https:\\\/\\\/guerreiro.dev.br\\\/news\\\/2025\\\/12\\\/11\\\/escola-estadual-parque-dos-sonhos-de-abandono-a-referencia\\\/\",\"name\":\"Escola Estadual Parque dos Sonhos: De Abandono a Refer\u00eancia Internacional em Supera\u00e7\u00e3o - Guerreiro News\",\"isPartOf\":{\"@id\":\"https:\\\/\\\/guerreiro.dev.br\\\/news\\\/#website\"},\"primaryImageOfPage\":{\"@id\":\"https:\\\/\\\/guerreiro.dev.br\\\/news\\\/2025\\\/12\\\/11\\\/escola-estadual-parque-dos-sonhos-de-abandono-a-referencia\\\/#primaryimage\"},\"image\":{\"@id\":\"https:\\\/\\\/guerreiro.dev.br\\\/news\\\/2025\\\/12\\\/11\\\/escola-estadual-parque-dos-sonhos-de-abandono-a-referencia\\\/#primaryimage\"},\"thumbnailUrl\":\"https:\\\/\\\/guerreiro.dev.br\\\/news\\\/wp-content\\\/uploads\\\/2025\\\/12\\\/airticles-cover-693a7ac60e8a3.webp\",\"datePublished\":\"2025-12-11T08:03:17+00:00\",\"author\":{\"@id\":\"https:\\\/\\\/guerreiro.dev.br\\\/news\\\/#\\\/schema\\\/person\\\/282e053998765cb4795f8e50313a7489\"},\"description\":\"A Escola Estadual Parque dos Sonhos, em Cubat\u00e3o, superou viol\u00eancia e abandono, tornando-se refer\u00eancia internacional em educa\u00e7\u00e3o inclusiva e acolhimento.\",\"breadcrumb\":{\"@id\":\"https:\\\/\\\/guerreiro.dev.br\\\/news\\\/2025\\\/12\\\/11\\\/escola-estadual-parque-dos-sonhos-de-abandono-a-referencia\\\/#breadcrumb\"},\"inLanguage\":\"en-US\",\"potentialAction\":[{\"@type\":\"ReadAction\",\"target\":[\"https:\\\/\\\/guerreiro.dev.br\\\/news\\\/2025\\\/12\\\/11\\\/escola-estadual-parque-dos-sonhos-de-abandono-a-referencia\\\/\"]}]},{\"@type\":\"ImageObject\",\"inLanguage\":\"en-US\",\"@id\":\"https:\\\/\\\/guerreiro.dev.br\\\/news\\\/2025\\\/12\\\/11\\\/escola-estadual-parque-dos-sonhos-de-abandono-a-referencia\\\/#primaryimage\",\"url\":\"https:\\\/\\\/guerreiro.dev.br\\\/news\\\/wp-content\\\/uploads\\\/2025\\\/12\\\/airticles-cover-693a7ac60e8a3.webp\",\"contentUrl\":\"https:\\\/\\\/guerreiro.dev.br\\\/news\\\/wp-content\\\/uploads\\\/2025\\\/12\\\/airticles-cover-693a7ac60e8a3.webp\",\"width\":1344,\"height\":768},{\"@type\":\"BreadcrumbList\",\"@id\":\"https:\\\/\\\/guerreiro.dev.br\\\/news\\\/2025\\\/12\\\/11\\\/escola-estadual-parque-dos-sonhos-de-abandono-a-referencia\\\/#breadcrumb\",\"itemListElement\":[{\"@type\":\"ListItem\",\"position\":1,\"name\":\"Home\",\"item\":\"https:\\\/\\\/guerreiro.dev.br\\\/news\\\/\"},{\"@type\":\"ListItem\",\"position\":2,\"name\":\"Escola Estadual Parque dos Sonhos: De Abandono a Refer\u00eancia Internacional em Supera\u00e7\u00e3o\"}]},{\"@type\":\"WebSite\",\"@id\":\"https:\\\/\\\/guerreiro.dev.br\\\/news\\\/#website\",\"url\":\"https:\\\/\\\/guerreiro.dev.br\\\/news\\\/\",\"name\":\"Guerreiro News\",\"description\":\"Guerreiro Dev&#039;s news site\",\"potentialAction\":[{\"@type\":\"SearchAction\",\"target\":{\"@type\":\"EntryPoint\",\"urlTemplate\":\"https:\\\/\\\/guerreiro.dev.br\\\/news\\\/?s={search_term_string}\"},\"query-input\":{\"@type\":\"PropertyValueSpecification\",\"valueRequired\":true,\"valueName\":\"search_term_string\"}}],\"inLanguage\":\"en-US\"},{\"@type\":\"Person\",\"@id\":\"https:\\\/\\\/guerreiro.dev.br\\\/news\\\/#\\\/schema\\\/person\\\/282e053998765cb4795f8e50313a7489\",\"name\":\"admin\",\"image\":{\"@type\":\"ImageObject\",\"inLanguage\":\"en-US\",\"@id\":\"https:\\\/\\\/secure.gravatar.com\\\/avatar\\\/580963dccb0d577f36efe7525df05e0aaf539eabf4172b5968ed214fcb01d281?s=96&d=mm&r=g\",\"url\":\"https:\\\/\\\/secure.gravatar.com\\\/avatar\\\/580963dccb0d577f36efe7525df05e0aaf539eabf4172b5968ed214fcb01d281?s=96&d=mm&r=g\",\"contentUrl\":\"https:\\\/\\\/secure.gravatar.com\\\/avatar\\\/580963dccb0d577f36efe7525df05e0aaf539eabf4172b5968ed214fcb01d281?s=96&d=mm&r=g\",\"caption\":\"admin\"},\"sameAs\":[\"https:\\\/\\\/guerreiro.dev.br\\\/news\"],\"url\":\"https:\\\/\\\/guerreiro.dev.br\\\/news\\\/author\\\/admin\\\/\"}]}<\/script>\n<!-- \/ Yoast SEO plugin. -->","yoast_head_json":{"title":"Escola Estadual Parque dos Sonhos: De Abandono a Refer\u00eancia Internacional em Supera\u00e7\u00e3o - Guerreiro News","description":"A Escola Estadual Parque dos Sonhos, em Cubat\u00e3o, superou viol\u00eancia e abandono, tornando-se refer\u00eancia internacional em educa\u00e7\u00e3o inclusiva e acolhimento.","robots":{"index":"index","follow":"follow","max-snippet":"max-snippet:-1","max-image-preview":"max-image-preview:large","max-video-preview":"max-video-preview:-1"},"canonical":"https:\/\/guerreiro.dev.br\/news\/2025\/12\/11\/escola-estadual-parque-dos-sonhos-de-abandono-a-referencia\/","og_locale":"en_US","og_type":"article","og_title":"Escola Estadual Parque dos Sonhos: De Abandono a Refer\u00eancia Internacional em Supera\u00e7\u00e3o - Guerreiro News","og_description":"A Escola Estadual Parque dos Sonhos, em Cubat\u00e3o, superou viol\u00eancia e abandono, tornando-se refer\u00eancia internacional em educa\u00e7\u00e3o inclusiva e acolhimento.","og_url":"https:\/\/guerreiro.dev.br\/news\/2025\/12\/11\/escola-estadual-parque-dos-sonhos-de-abandono-a-referencia\/","og_site_name":"Guerreiro News","article_published_time":"2025-12-11T08:03:17+00:00","og_image":[{"width":1344,"height":768,"url":"https:\/\/guerreiro.dev.br\/news\/wp-content\/uploads\/2025\/12\/airticles-cover-693a7ac60e8a3.webp","type":"image\/webp"}],"author":"admin","twitter_card":"summary_large_image","twitter_misc":{"Written by":"admin","Est. reading time":"1 minute"},"schema":{"@context":"https:\/\/schema.org","@graph":[{"@type":"Article","@id":"https:\/\/guerreiro.dev.br\/news\/2025\/12\/11\/escola-estadual-parque-dos-sonhos-de-abandono-a-referencia\/#article","isPartOf":{"@id":"https:\/\/guerreiro.dev.br\/news\/2025\/12\/11\/escola-estadual-parque-dos-sonhos-de-abandono-a-referencia\/"},"author":{"name":"admin","@id":"https:\/\/guerreiro.dev.br\/news\/#\/schema\/person\/282e053998765cb4795f8e50313a7489"},"headline":"Escola Estadual Parque dos Sonhos: De Abandono a Refer\u00eancia Internacional em Supera\u00e7\u00e3o","datePublished":"2025-12-11T08:03:17+00:00","mainEntityOfPage":{"@id":"https:\/\/guerreiro.dev.br\/news\/2025\/12\/11\/escola-estadual-parque-dos-sonhos-de-abandono-a-referencia\/"},"wordCount":291,"commentCount":0,"image":{"@id":"https:\/\/guerreiro.dev.br\/news\/2025\/12\/11\/escola-estadual-parque-dos-sonhos-de-abandono-a-referencia\/#primaryimage"},"thumbnailUrl":"https:\/\/guerreiro.dev.br\/news\/wp-content\/uploads\/2025\/12\/airticles-cover-693a7ac60e8a3.webp","keywords":["educa\u00e7\u00e3o inclusiva","engajamento comunit\u00e1rio","supera\u00e7\u00e3o escolar"],"articleSection":["reencontros-e-hist\u00f3rias-de-vida"],"inLanguage":"en-US","potentialAction":[{"@type":"CommentAction","name":"Comment","target":["https:\/\/guerreiro.dev.br\/news\/2025\/12\/11\/escola-estadual-parque-dos-sonhos-de-abandono-a-referencia\/#respond"]}]},{"@type":"WebPage","@id":"https:\/\/guerreiro.dev.br\/news\/2025\/12\/11\/escola-estadual-parque-dos-sonhos-de-abandono-a-referencia\/","url":"https:\/\/guerreiro.dev.br\/news\/2025\/12\/11\/escola-estadual-parque-dos-sonhos-de-abandono-a-referencia\/","name":"Escola Estadual Parque dos Sonhos: De Abandono a Refer\u00eancia Internacional em Supera\u00e7\u00e3o - Guerreiro News","isPartOf":{"@id":"https:\/\/guerreiro.dev.br\/news\/#website"},"primaryImageOfPage":{"@id":"https:\/\/guerreiro.dev.br\/news\/2025\/12\/11\/escola-estadual-parque-dos-sonhos-de-abandono-a-referencia\/#primaryimage"},"image":{"@id":"https:\/\/guerreiro.dev.br\/news\/2025\/12\/11\/escola-estadual-parque-dos-sonhos-de-abandono-a-referencia\/#primaryimage"},"thumbnailUrl":"https:\/\/guerreiro.dev.br\/news\/wp-content\/uploads\/2025\/12\/airticles-cover-693a7ac60e8a3.webp","datePublished":"2025-12-11T08:03:17+00:00","author":{"@id":"https:\/\/guerreiro.dev.br\/news\/#\/schema\/person\/282e053998765cb4795f8e50313a7489"},"description":"A Escola Estadual Parque dos Sonhos, em Cubat\u00e3o, superou viol\u00eancia e abandono, tornando-se refer\u00eancia internacional em educa\u00e7\u00e3o inclusiva e acolhimento.","breadcrumb":{"@id":"https:\/\/guerreiro.dev.br\/news\/2025\/12\/11\/escola-estadual-parque-dos-sonhos-de-abandono-a-referencia\/#breadcrumb"},"inLanguage":"en-US","potentialAction":[{"@type":"ReadAction","target":["https:\/\/guerreiro.dev.br\/news\/2025\/12\/11\/escola-estadual-parque-dos-sonhos-de-abandono-a-referencia\/"]}]},{"@type":"ImageObject","inLanguage":"en-US","@id":"https:\/\/guerreiro.dev.br\/news\/2025\/12\/11\/escola-estadual-parque-dos-sonhos-de-abandono-a-referencia\/#primaryimage","url":"https:\/\/guerreiro.dev.br\/news\/wp-content\/uploads\/2025\/12\/airticles-cover-693a7ac60e8a3.webp","contentUrl":"https:\/\/guerreiro.dev.br\/news\/wp-content\/uploads\/2025\/12\/airticles-cover-693a7ac60e8a3.webp","width":1344,"height":768},{"@type":"BreadcrumbList","@id":"https:\/\/guerreiro.dev.br\/news\/2025\/12\/11\/escola-estadual-parque-dos-sonhos-de-abandono-a-referencia\/#breadcrumb","itemListElement":[{"@type":"ListItem","position":1,"name":"Home","item":"https:\/\/guerreiro.dev.br\/news\/"},{"@type":"ListItem","position":2,"name":"Escola Estadual Parque dos Sonhos: De Abandono a Refer\u00eancia Internacional em Supera\u00e7\u00e3o"}]},{"@type":"WebSite","@id":"https:\/\/guerreiro.dev.br\/news\/#website","url":"https:\/\/guerreiro.dev.br\/news\/","name":"Guerreiro News","description":"Guerreiro Dev&#039;s news site","potentialAction":[{"@type":"SearchAction","target":{"@type":"EntryPoint","urlTemplate":"https:\/\/guerreiro.dev.br\/news\/?s={search_term_string}"},"query-input":{"@type":"PropertyValueSpecification","valueRequired":true,"valueName":"search_term_string"}}],"inLanguage":"en-US"},{"@type":"Person","@id":"https:\/\/guerreiro.dev.br\/news\/#\/schema\/person\/282e053998765cb4795f8e50313a7489","name":"admin","image":{"@type":"ImageObject","inLanguage":"en-US","@id":"https:\/\/secure.gravatar.com\/avatar\/580963dccb0d577f36efe7525df05e0aaf539eabf4172b5968ed214fcb01d281?s=96&d=mm&r=g","url":"https:\/\/secure.gravatar.com\/avatar\/580963dccb0d577f36efe7525df05e0aaf539eabf4172b5968ed214fcb01d281?s=96&d=mm&r=g","contentUrl":"https:\/\/secure.gravatar.com\/avatar\/580963dccb0d577f36efe7525df05e0aaf539eabf4172b5968ed214fcb01d281?s=96&d=mm&r=g","caption":"admin"},"sameAs":["https:\/\/guerreiro.dev.br\/news"],"url":"https:\/\/guerreiro.dev.br\/news\/author\/admin\/"}]}},"_links":{"self":[{"href":"https:\/\/guerreiro.dev.br\/news\/wp-json\/wp\/v2\/posts\/775","targetHints":{"allow":["GET"]}}],"collection":[{"href":"https:\/\/guerreiro.dev.br\/news\/wp-json\/wp\/v2\/posts"}],"about":[{"href":"https:\/\/guerreiro.dev.br\/news\/wp-json\/wp\/v2\/types\/post"}],"author":[{"embeddable":true,"href":"https:\/\/guerreiro.dev.br\/news\/wp-json\/wp\/v2\/users\/1"}],"replies":[{"embeddable":true,"href":"https:\/\/guerreiro.dev.br\/news\/wp-json\/wp\/v2\/comments?post=775"}],"version-history":[{"count":0,"href":"https:\/\/guerreiro.dev.br\/news\/wp-json\/wp\/v2\/posts\/775\/revisions"}],"wp:featuredmedia":[{"embeddable":true,"href":"https:\/\/guerreiro.dev.br\/news\/wp-json\/wp\/v2\/media\/776"}],"wp:attachment":[{"href":"https:\/\/guerreiro.dev.br\/news\/wp-json\/wp\/v2\/media?parent=775"}],"wp:term":[{"taxonomy":"category","embeddable":true,"href":"https:\/\/guerreiro.dev.br\/news\/wp-json\/wp\/v2\/categories?post=775"},{"taxonomy":"post_tag","embeddable":true,"href":"https:\/\/guerreiro.dev.br\/news\/wp-json\/wp\/v2\/tags?post=775"}],"curies":[{"name":"wp","href":"https:\/\/api.w.org\/{rel}","templated":true}]}}