{"id":800,"date":"2025-12-13T08:03:41","date_gmt":"2025-12-13T08:03:41","guid":{"rendered":"https:\/\/guerreiro.dev.br\/news\/2025\/12\/13\/eua-retiram-alexandre-de-moraes-e-familiares-da-lista-de-sancoes\/"},"modified":"2025-12-13T08:03:41","modified_gmt":"2025-12-13T08:03:41","slug":"eua-retiram-alexandre-de-moraes-e-familiares-da-lista-de-sancoes","status":"publish","type":"post","link":"https:\/\/guerreiro.dev.br\/news\/2025\/12\/13\/eua-retiram-alexandre-de-moraes-e-familiares-da-lista-de-sancoes\/","title":{"rendered":"EUA retiram Alexandre de Moraes e familiares da lista de san\u00e7\u00f5es Magnitsky"},"content":{"rendered":"<p>O presidente Luiz In\u00e1cio Lula da Silva solicitou diretamente ao presidente dos Estados Unidos, Donald Trump, a remo\u00e7\u00e3o das san\u00e7\u00f5es aplicadas ao ministro do Supremo Tribunal Federal (STF), Alexandre de Moraes, e sua esposa, Viviane Barci de Moraes. A conversa ocorreu em 2 de dezembro, conforme revelado por fontes do Pal\u00e1cio do Planalto. As san\u00e7\u00f5es, impostas pela Lei Global Magnitsky, foram oficialmente retiradas em 12 de dezembro.<\/p>\n<p>Durante a liga\u00e7\u00e3o, Lula enfatizou a import\u00e2ncia de eliminar as san\u00e7\u00f5es como um passo essencial para melhorar as rela\u00e7\u00f5es entre Brasil e Estados Unidos, que estavam tensas nos \u00faltimos meses. A iniciativa foi parte de uma estrat\u00e9gia mais ampla de reaproxima\u00e7\u00e3o com Washington, segundo fontes do governo brasileiro.<\/p>\n<p>Ap\u00f3s a conversa, tanto Lula quanto Trump come\u00e7aram a indicar publicamente a possibilidade de a\u00e7\u00f5es concretas para reduzir as tens\u00f5es bilaterais. Em uma entrevista recente, Lula mencionou que &#8220;uma boa not\u00edcia&#8221; estava por vir, al\u00e9m da remo\u00e7\u00e3o de tarifas sobre produtos brasileiros.<\/p>\n<p>Em um evento, Alexandre de Moraes agradeceu a Lula pelo &#8220;empenho&#8221; em demonstrar a verdade sobre sua situa\u00e7\u00e3o. Ele destacou que a decis\u00e3o representou uma &#8220;tripla vit\u00f3ria&#8221; para o Judici\u00e1rio, a soberania nacional e a democracia brasileira. Lula, por sua vez, relatou que Trump perguntou se a retirada das san\u00e7\u00f5es seria ben\u00e9fica para ele, ao que Lula respondeu que seria bom para o Brasil e sua democracia.<\/p>\n<p>Eduardo Bolsonaro, que vive nos Estados Unidos, expressou pesar pela decis\u00e3o de Trump, criticando a falta de unidade pol\u00edtica no Brasil. Ele e Paulo Figueiredo, um comentarista pol\u00edtico, haviam promovido a aplica\u00e7\u00e3o das san\u00e7\u00f5es contra Moraes, acusando-o de persegui\u00e7\u00e3o pol\u00edtica.<\/p>\n<p><strong>Fonte:<\/strong><a href=\"https:\/\/www.bbc.com\/portuguese\/articles\/c8655y76v78o?at_medium=RSS&amp;at_campaign=rss\" target=\"_blank\" rel=\"noopener noreferrer\">https:\/\/www.bbc.com\/portuguese\/articles\/c8655y76v78o?at_medium=RSS&amp;at_campaign=rss<\/a><\/p>\n","protected":false},"excerpt":{"rendered":"<p>O presidente Luiz In\u00e1cio Lula da Silva solicitou diretamente ao presidente dos Estados Unidos, Donald Trump, a remo\u00e7\u00e3o das san\u00e7\u00f5es aplicadas ao ministro do Supremo Tribunal Federal (STF), Alexandre de Moraes, e sua esposa, Viviane Barci de Moraes. A conversa ocorreu em 2 de dezembro, conforme revelado por fontes do Pal\u00e1cio do Planalto. As san\u00e7\u00f5es, [&hellip;]<\/p>\n","protected":false},"author":1,"featured_media":801,"comment_status":"open","ping_status":"open","sticky":false,"template":"","format":"standard","meta":{"pagelayer_contact_templates":[],"_pagelayer_content":"","footnotes":""},"categories":[364],"tags":[444,445,443],"class_list":["post-800","post","type-post","status-publish","format-standard","has-post-thumbnail","hentry","category-politica","tag-alexandre-de-moraes-brasil","tag-relacoes-diplomaticas-brasil-eua","tag-sancoes-magnitsky-eua"],"yoast_head":"<!-- This site is optimized with the Yoast SEO plugin v27.3 - https:\/\/yoast.com\/product\/yoast-seo-wordpress\/ -->\n<title>EUA retiram Alexandre de Moraes e familiares da lista de san\u00e7\u00f5es Magnitsky - Guerreiro News<\/title>\n<meta name=\"description\" content=\"Estados Unidos removem Alexandre de Moraes, sua esposa e instituto familiar da lista de san\u00e7\u00f5es da Lei Magnitsky, marcando reaproxima\u00e7\u00e3o diplom\u00e1tica entre Brasil e EUA.\" \/>\n<meta name=\"robots\" content=\"index, follow, max-snippet:-1, max-image-preview:large, max-video-preview:-1\" \/>\n<link rel=\"canonical\" href=\"https:\/\/guerreiro.dev.br\/news\/2025\/12\/13\/eua-retiram-alexandre-de-moraes-e-familiares-da-lista-de-sancoes\/\" \/>\n<meta property=\"og:locale\" content=\"en_US\" \/>\n<meta property=\"og:type\" content=\"article\" \/>\n<meta property=\"og:title\" content=\"EUA retiram Alexandre de Moraes e familiares da lista de san\u00e7\u00f5es Magnitsky - Guerreiro News\" \/>\n<meta property=\"og:description\" content=\"Estados Unidos removem Alexandre de Moraes, sua esposa e instituto familiar da lista de san\u00e7\u00f5es da Lei Magnitsky, marcando reaproxima\u00e7\u00e3o diplom\u00e1tica entre Brasil e EUA.\" \/>\n<meta property=\"og:url\" content=\"https:\/\/guerreiro.dev.br\/news\/2025\/12\/13\/eua-retiram-alexandre-de-moraes-e-familiares-da-lista-de-sancoes\/\" \/>\n<meta property=\"og:site_name\" content=\"Guerreiro News\" \/>\n<meta property=\"article:published_time\" content=\"2025-12-13T08:03:41+00:00\" \/>\n<meta property=\"og:image\" content=\"https:\/\/guerreiro.dev.br\/news\/wp-content\/uploads\/2025\/12\/airticles-cover-693d1dde2cb86.webp\" \/>\n\t<meta property=\"og:image:width\" content=\"1344\" \/>\n\t<meta property=\"og:image:height\" content=\"768\" \/>\n\t<meta property=\"og:image:type\" content=\"image\/webp\" \/>\n<meta name=\"author\" content=\"admin\" \/>\n<meta name=\"twitter:card\" content=\"summary_large_image\" \/>\n<meta name=\"twitter:label1\" content=\"Written by\" \/>\n\t<meta name=\"twitter:data1\" content=\"admin\" \/>\n\t<meta name=\"twitter:label2\" content=\"Est. reading time\" \/>\n\t<meta name=\"twitter:data2\" content=\"2 minutes\" \/>\n<script type=\"application\/ld+json\" class=\"yoast-schema-graph\">{\"@context\":\"https:\\\/\\\/schema.org\",\"@graph\":[{\"@type\":\"Article\",\"@id\":\"https:\\\/\\\/guerreiro.dev.br\\\/news\\\/2025\\\/12\\\/13\\\/eua-retiram-alexandre-de-moraes-e-familiares-da-lista-de-sancoes\\\/#article\",\"isPartOf\":{\"@id\":\"https:\\\/\\\/guerreiro.dev.br\\\/news\\\/2025\\\/12\\\/13\\\/eua-retiram-alexandre-de-moraes-e-familiares-da-lista-de-sancoes\\\/\"},\"author\":{\"name\":\"admin\",\"@id\":\"https:\\\/\\\/guerreiro.dev.br\\\/news\\\/#\\\/schema\\\/person\\\/282e053998765cb4795f8e50313a7489\"},\"headline\":\"EUA retiram Alexandre de Moraes e familiares da lista de san\u00e7\u00f5es Magnitsky\",\"datePublished\":\"2025-12-13T08:03:41+00:00\",\"mainEntityOfPage\":{\"@id\":\"https:\\\/\\\/guerreiro.dev.br\\\/news\\\/2025\\\/12\\\/13\\\/eua-retiram-alexandre-de-moraes-e-familiares-da-lista-de-sancoes\\\/\"},\"wordCount\":324,\"commentCount\":0,\"image\":{\"@id\":\"https:\\\/\\\/guerreiro.dev.br\\\/news\\\/2025\\\/12\\\/13\\\/eua-retiram-alexandre-de-moraes-e-familiares-da-lista-de-sancoes\\\/#primaryimage\"},\"thumbnailUrl\":\"https:\\\/\\\/guerreiro.dev.br\\\/news\\\/wp-content\\\/uploads\\\/2025\\\/12\\\/airticles-cover-693d1dde2cb86.webp\",\"keywords\":[\"alexandre de moraes brasil\",\"rela\u00e7\u00f5es diplom\u00e1ticas brasil eua\",\"san\u00e7\u00f5es magnitsky eua\"],\"articleSection\":[\"Pol\u00edtica\"],\"inLanguage\":\"en-US\",\"potentialAction\":[{\"@type\":\"CommentAction\",\"name\":\"Comment\",\"target\":[\"https:\\\/\\\/guerreiro.dev.br\\\/news\\\/2025\\\/12\\\/13\\\/eua-retiram-alexandre-de-moraes-e-familiares-da-lista-de-sancoes\\\/#respond\"]}]},{\"@type\":\"WebPage\",\"@id\":\"https:\\\/\\\/guerreiro.dev.br\\\/news\\\/2025\\\/12\\\/13\\\/eua-retiram-alexandre-de-moraes-e-familiares-da-lista-de-sancoes\\\/\",\"url\":\"https:\\\/\\\/guerreiro.dev.br\\\/news\\\/2025\\\/12\\\/13\\\/eua-retiram-alexandre-de-moraes-e-familiares-da-lista-de-sancoes\\\/\",\"name\":\"EUA retiram Alexandre de Moraes e familiares da lista de san\u00e7\u00f5es Magnitsky - Guerreiro News\",\"isPartOf\":{\"@id\":\"https:\\\/\\\/guerreiro.dev.br\\\/news\\\/#website\"},\"primaryImageOfPage\":{\"@id\":\"https:\\\/\\\/guerreiro.dev.br\\\/news\\\/2025\\\/12\\\/13\\\/eua-retiram-alexandre-de-moraes-e-familiares-da-lista-de-sancoes\\\/#primaryimage\"},\"image\":{\"@id\":\"https:\\\/\\\/guerreiro.dev.br\\\/news\\\/2025\\\/12\\\/13\\\/eua-retiram-alexandre-de-moraes-e-familiares-da-lista-de-sancoes\\\/#primaryimage\"},\"thumbnailUrl\":\"https:\\\/\\\/guerreiro.dev.br\\\/news\\\/wp-content\\\/uploads\\\/2025\\\/12\\\/airticles-cover-693d1dde2cb86.webp\",\"datePublished\":\"2025-12-13T08:03:41+00:00\",\"author\":{\"@id\":\"https:\\\/\\\/guerreiro.dev.br\\\/news\\\/#\\\/schema\\\/person\\\/282e053998765cb4795f8e50313a7489\"},\"description\":\"Estados Unidos removem Alexandre de Moraes, sua esposa e instituto familiar da lista de san\u00e7\u00f5es da Lei Magnitsky, marcando reaproxima\u00e7\u00e3o diplom\u00e1tica entre Brasil e EUA.\",\"breadcrumb\":{\"@id\":\"https:\\\/\\\/guerreiro.dev.br\\\/news\\\/2025\\\/12\\\/13\\\/eua-retiram-alexandre-de-moraes-e-familiares-da-lista-de-sancoes\\\/#breadcrumb\"},\"inLanguage\":\"en-US\",\"potentialAction\":[{\"@type\":\"ReadAction\",\"target\":[\"https:\\\/\\\/guerreiro.dev.br\\\/news\\\/2025\\\/12\\\/13\\\/eua-retiram-alexandre-de-moraes-e-familiares-da-lista-de-sancoes\\\/\"]}]},{\"@type\":\"ImageObject\",\"inLanguage\":\"en-US\",\"@id\":\"https:\\\/\\\/guerreiro.dev.br\\\/news\\\/2025\\\/12\\\/13\\\/eua-retiram-alexandre-de-moraes-e-familiares-da-lista-de-sancoes\\\/#primaryimage\",\"url\":\"https:\\\/\\\/guerreiro.dev.br\\\/news\\\/wp-content\\\/uploads\\\/2025\\\/12\\\/airticles-cover-693d1dde2cb86.webp\",\"contentUrl\":\"https:\\\/\\\/guerreiro.dev.br\\\/news\\\/wp-content\\\/uploads\\\/2025\\\/12\\\/airticles-cover-693d1dde2cb86.webp\",\"width\":1344,\"height\":768},{\"@type\":\"BreadcrumbList\",\"@id\":\"https:\\\/\\\/guerreiro.dev.br\\\/news\\\/2025\\\/12\\\/13\\\/eua-retiram-alexandre-de-moraes-e-familiares-da-lista-de-sancoes\\\/#breadcrumb\",\"itemListElement\":[{\"@type\":\"ListItem\",\"position\":1,\"name\":\"Home\",\"item\":\"https:\\\/\\\/guerreiro.dev.br\\\/news\\\/\"},{\"@type\":\"ListItem\",\"position\":2,\"name\":\"EUA retiram Alexandre de Moraes e familiares da lista de san\u00e7\u00f5es Magnitsky\"}]},{\"@type\":\"WebSite\",\"@id\":\"https:\\\/\\\/guerreiro.dev.br\\\/news\\\/#website\",\"url\":\"https:\\\/\\\/guerreiro.dev.br\\\/news\\\/\",\"name\":\"Guerreiro News\",\"description\":\"Guerreiro Dev&#039;s news site\",\"potentialAction\":[{\"@type\":\"SearchAction\",\"target\":{\"@type\":\"EntryPoint\",\"urlTemplate\":\"https:\\\/\\\/guerreiro.dev.br\\\/news\\\/?s={search_term_string}\"},\"query-input\":{\"@type\":\"PropertyValueSpecification\",\"valueRequired\":true,\"valueName\":\"search_term_string\"}}],\"inLanguage\":\"en-US\"},{\"@type\":\"Person\",\"@id\":\"https:\\\/\\\/guerreiro.dev.br\\\/news\\\/#\\\/schema\\\/person\\\/282e053998765cb4795f8e50313a7489\",\"name\":\"admin\",\"image\":{\"@type\":\"ImageObject\",\"inLanguage\":\"en-US\",\"@id\":\"https:\\\/\\\/secure.gravatar.com\\\/avatar\\\/580963dccb0d577f36efe7525df05e0aaf539eabf4172b5968ed214fcb01d281?s=96&d=mm&r=g\",\"url\":\"https:\\\/\\\/secure.gravatar.com\\\/avatar\\\/580963dccb0d577f36efe7525df05e0aaf539eabf4172b5968ed214fcb01d281?s=96&d=mm&r=g\",\"contentUrl\":\"https:\\\/\\\/secure.gravatar.com\\\/avatar\\\/580963dccb0d577f36efe7525df05e0aaf539eabf4172b5968ed214fcb01d281?s=96&d=mm&r=g\",\"caption\":\"admin\"},\"sameAs\":[\"https:\\\/\\\/guerreiro.dev.br\\\/news\"],\"url\":\"https:\\\/\\\/guerreiro.dev.br\\\/news\\\/author\\\/admin\\\/\"}]}<\/script>\n<!-- \/ Yoast SEO plugin. -->","yoast_head_json":{"title":"EUA retiram Alexandre de Moraes e familiares da lista de san\u00e7\u00f5es Magnitsky - Guerreiro News","description":"Estados Unidos removem Alexandre de Moraes, sua esposa e instituto familiar da lista de san\u00e7\u00f5es da Lei Magnitsky, marcando reaproxima\u00e7\u00e3o diplom\u00e1tica entre Brasil e EUA.","robots":{"index":"index","follow":"follow","max-snippet":"max-snippet:-1","max-image-preview":"max-image-preview:large","max-video-preview":"max-video-preview:-1"},"canonical":"https:\/\/guerreiro.dev.br\/news\/2025\/12\/13\/eua-retiram-alexandre-de-moraes-e-familiares-da-lista-de-sancoes\/","og_locale":"en_US","og_type":"article","og_title":"EUA retiram Alexandre de Moraes e familiares da lista de san\u00e7\u00f5es Magnitsky - Guerreiro News","og_description":"Estados Unidos removem Alexandre de Moraes, sua esposa e instituto familiar da lista de san\u00e7\u00f5es da Lei Magnitsky, marcando reaproxima\u00e7\u00e3o diplom\u00e1tica entre Brasil e EUA.","og_url":"https:\/\/guerreiro.dev.br\/news\/2025\/12\/13\/eua-retiram-alexandre-de-moraes-e-familiares-da-lista-de-sancoes\/","og_site_name":"Guerreiro News","article_published_time":"2025-12-13T08:03:41+00:00","og_image":[{"width":1344,"height":768,"url":"https:\/\/guerreiro.dev.br\/news\/wp-content\/uploads\/2025\/12\/airticles-cover-693d1dde2cb86.webp","type":"image\/webp"}],"author":"admin","twitter_card":"summary_large_image","twitter_misc":{"Written by":"admin","Est. reading time":"2 minutes"},"schema":{"@context":"https:\/\/schema.org","@graph":[{"@type":"Article","@id":"https:\/\/guerreiro.dev.br\/news\/2025\/12\/13\/eua-retiram-alexandre-de-moraes-e-familiares-da-lista-de-sancoes\/#article","isPartOf":{"@id":"https:\/\/guerreiro.dev.br\/news\/2025\/12\/13\/eua-retiram-alexandre-de-moraes-e-familiares-da-lista-de-sancoes\/"},"author":{"name":"admin","@id":"https:\/\/guerreiro.dev.br\/news\/#\/schema\/person\/282e053998765cb4795f8e50313a7489"},"headline":"EUA retiram Alexandre de Moraes e familiares da lista de san\u00e7\u00f5es Magnitsky","datePublished":"2025-12-13T08:03:41+00:00","mainEntityOfPage":{"@id":"https:\/\/guerreiro.dev.br\/news\/2025\/12\/13\/eua-retiram-alexandre-de-moraes-e-familiares-da-lista-de-sancoes\/"},"wordCount":324,"commentCount":0,"image":{"@id":"https:\/\/guerreiro.dev.br\/news\/2025\/12\/13\/eua-retiram-alexandre-de-moraes-e-familiares-da-lista-de-sancoes\/#primaryimage"},"thumbnailUrl":"https:\/\/guerreiro.dev.br\/news\/wp-content\/uploads\/2025\/12\/airticles-cover-693d1dde2cb86.webp","keywords":["alexandre de moraes brasil","rela\u00e7\u00f5es diplom\u00e1ticas brasil eua","san\u00e7\u00f5es magnitsky eua"],"articleSection":["Pol\u00edtica"],"inLanguage":"en-US","potentialAction":[{"@type":"CommentAction","name":"Comment","target":["https:\/\/guerreiro.dev.br\/news\/2025\/12\/13\/eua-retiram-alexandre-de-moraes-e-familiares-da-lista-de-sancoes\/#respond"]}]},{"@type":"WebPage","@id":"https:\/\/guerreiro.dev.br\/news\/2025\/12\/13\/eua-retiram-alexandre-de-moraes-e-familiares-da-lista-de-sancoes\/","url":"https:\/\/guerreiro.dev.br\/news\/2025\/12\/13\/eua-retiram-alexandre-de-moraes-e-familiares-da-lista-de-sancoes\/","name":"EUA retiram Alexandre de Moraes e familiares da lista de san\u00e7\u00f5es Magnitsky - Guerreiro News","isPartOf":{"@id":"https:\/\/guerreiro.dev.br\/news\/#website"},"primaryImageOfPage":{"@id":"https:\/\/guerreiro.dev.br\/news\/2025\/12\/13\/eua-retiram-alexandre-de-moraes-e-familiares-da-lista-de-sancoes\/#primaryimage"},"image":{"@id":"https:\/\/guerreiro.dev.br\/news\/2025\/12\/13\/eua-retiram-alexandre-de-moraes-e-familiares-da-lista-de-sancoes\/#primaryimage"},"thumbnailUrl":"https:\/\/guerreiro.dev.br\/news\/wp-content\/uploads\/2025\/12\/airticles-cover-693d1dde2cb86.webp","datePublished":"2025-12-13T08:03:41+00:00","author":{"@id":"https:\/\/guerreiro.dev.br\/news\/#\/schema\/person\/282e053998765cb4795f8e50313a7489"},"description":"Estados Unidos removem Alexandre de Moraes, sua esposa e instituto familiar da lista de san\u00e7\u00f5es da Lei Magnitsky, marcando reaproxima\u00e7\u00e3o diplom\u00e1tica entre Brasil e EUA.","breadcrumb":{"@id":"https:\/\/guerreiro.dev.br\/news\/2025\/12\/13\/eua-retiram-alexandre-de-moraes-e-familiares-da-lista-de-sancoes\/#breadcrumb"},"inLanguage":"en-US","potentialAction":[{"@type":"ReadAction","target":["https:\/\/guerreiro.dev.br\/news\/2025\/12\/13\/eua-retiram-alexandre-de-moraes-e-familiares-da-lista-de-sancoes\/"]}]},{"@type":"ImageObject","inLanguage":"en-US","@id":"https:\/\/guerreiro.dev.br\/news\/2025\/12\/13\/eua-retiram-alexandre-de-moraes-e-familiares-da-lista-de-sancoes\/#primaryimage","url":"https:\/\/guerreiro.dev.br\/news\/wp-content\/uploads\/2025\/12\/airticles-cover-693d1dde2cb86.webp","contentUrl":"https:\/\/guerreiro.dev.br\/news\/wp-content\/uploads\/2025\/12\/airticles-cover-693d1dde2cb86.webp","width":1344,"height":768},{"@type":"BreadcrumbList","@id":"https:\/\/guerreiro.dev.br\/news\/2025\/12\/13\/eua-retiram-alexandre-de-moraes-e-familiares-da-lista-de-sancoes\/#breadcrumb","itemListElement":[{"@type":"ListItem","position":1,"name":"Home","item":"https:\/\/guerreiro.dev.br\/news\/"},{"@type":"ListItem","position":2,"name":"EUA retiram Alexandre de Moraes e familiares da lista de san\u00e7\u00f5es Magnitsky"}]},{"@type":"WebSite","@id":"https:\/\/guerreiro.dev.br\/news\/#website","url":"https:\/\/guerreiro.dev.br\/news\/","name":"Guerreiro News","description":"Guerreiro Dev&#039;s news site","potentialAction":[{"@type":"SearchAction","target":{"@type":"EntryPoint","urlTemplate":"https:\/\/guerreiro.dev.br\/news\/?s={search_term_string}"},"query-input":{"@type":"PropertyValueSpecification","valueRequired":true,"valueName":"search_term_string"}}],"inLanguage":"en-US"},{"@type":"Person","@id":"https:\/\/guerreiro.dev.br\/news\/#\/schema\/person\/282e053998765cb4795f8e50313a7489","name":"admin","image":{"@type":"ImageObject","inLanguage":"en-US","@id":"https:\/\/secure.gravatar.com\/avatar\/580963dccb0d577f36efe7525df05e0aaf539eabf4172b5968ed214fcb01d281?s=96&d=mm&r=g","url":"https:\/\/secure.gravatar.com\/avatar\/580963dccb0d577f36efe7525df05e0aaf539eabf4172b5968ed214fcb01d281?s=96&d=mm&r=g","contentUrl":"https:\/\/secure.gravatar.com\/avatar\/580963dccb0d577f36efe7525df05e0aaf539eabf4172b5968ed214fcb01d281?s=96&d=mm&r=g","caption":"admin"},"sameAs":["https:\/\/guerreiro.dev.br\/news"],"url":"https:\/\/guerreiro.dev.br\/news\/author\/admin\/"}]}},"_links":{"self":[{"href":"https:\/\/guerreiro.dev.br\/news\/wp-json\/wp\/v2\/posts\/800","targetHints":{"allow":["GET"]}}],"collection":[{"href":"https:\/\/guerreiro.dev.br\/news\/wp-json\/wp\/v2\/posts"}],"about":[{"href":"https:\/\/guerreiro.dev.br\/news\/wp-json\/wp\/v2\/types\/post"}],"author":[{"embeddable":true,"href":"https:\/\/guerreiro.dev.br\/news\/wp-json\/wp\/v2\/users\/1"}],"replies":[{"embeddable":true,"href":"https:\/\/guerreiro.dev.br\/news\/wp-json\/wp\/v2\/comments?post=800"}],"version-history":[{"count":0,"href":"https:\/\/guerreiro.dev.br\/news\/wp-json\/wp\/v2\/posts\/800\/revisions"}],"wp:featuredmedia":[{"embeddable":true,"href":"https:\/\/guerreiro.dev.br\/news\/wp-json\/wp\/v2\/media\/801"}],"wp:attachment":[{"href":"https:\/\/guerreiro.dev.br\/news\/wp-json\/wp\/v2\/media?parent=800"}],"wp:term":[{"taxonomy":"category","embeddable":true,"href":"https:\/\/guerreiro.dev.br\/news\/wp-json\/wp\/v2\/categories?post=800"},{"taxonomy":"post_tag","embeddable":true,"href":"https:\/\/guerreiro.dev.br\/news\/wp-json\/wp\/v2\/tags?post=800"}],"curies":[{"name":"wp","href":"https:\/\/api.w.org\/{rel}","templated":true}]}}