{"id":954,"date":"2026-01-06T00:03:13","date_gmt":"2026-01-06T00:03:13","guid":{"rendered":"https:\/\/guerreiro.dev.br\/news\/2026\/01\/06\/brasil-mantem-posicao-estrategica-diante-de-pressao-dos-eua-na\/"},"modified":"2026-01-06T00:03:13","modified_gmt":"2026-01-06T00:03:13","slug":"brasil-mantem-posicao-estrategica-diante-de-pressao-dos-eua-na","status":"publish","type":"post","link":"https:\/\/guerreiro.dev.br\/news\/2026\/01\/06\/brasil-mantem-posicao-estrategica-diante-de-pressao-dos-eua-na\/","title":{"rendered":"Brasil mant\u00e9m posi\u00e7\u00e3o estrat\u00e9gica diante de press\u00e3o dos EUA na Am\u00e9rica Latina"},"content":{"rendered":"<p>Brazil finds itself in a favorable position compared to other Latin American countries in dealing with the United States&#8217; new assertive policies in the region, according to Ian Bremmer, a political scientist and founder of the Eurasia Group. This assessment comes in the wake of U.S. President Donald Trump&#8217;s military actions in Venezuela, which included the capture of President Nicol\u00e1s Maduro, and subsequent threats to Cuba, Mexico, and Colombia.<\/p>\n<p>During a press conference, Bremmer emphasized that Brazil does not face &#8220;national security issues&#8221; with the United States. He noted that Brazil managed to secure a reduction in additional tariffs imposed by the U.S. on Brazilian imports without making concessions. This move was seen as beneficial to American consumers and a strategic retreat by Trump, who is keen on maintaining his popularity.<\/p>\n<p>The analyst highlighted that Brazil experiences significantly less pressure from the so-called Donroe Doctrine compared to its regional counterparts. This doctrine, a modern interpretation of the Monroe Doctrine under Trump&#8217;s administration, primarily focuses on trade rather than security concerns. Bremmer pointed out that despite the U.S. sanctions, Brazil did not yield on issues such as the conviction of former President Jair Bolsonaro or the regulation of social media platforms.<\/p>\n<p>Bremmer also referenced two expressions gaining traction in discussions about Trump&#8217;s policies: TACO and FAFO. TACO, meaning &#8220;Trump Always Chickens Out,&#8221; suggests a pattern of aggressive announcements followed by strategic retreats. FAFO, on the other hand, implies facing consequences for wrong actions, a sentiment echoed by the Trump administration during the capture of Maduro.<\/p>\n<p><strong>Fonte:<\/strong><a href=\"https:\/\/www.bbc.com\/portuguese\/articles\/c3ver7010zyo?at_medium=RSS&amp;at_campaign=rss\" target=\"_blank\" rel=\"noopener noreferrer\">https:\/\/www.bbc.com\/portuguese\/articles\/c3ver7010zyo?at_medium=RSS&amp;at_campaign=rss<\/a><\/p>\n","protected":false},"excerpt":{"rendered":"<p>Brazil finds itself in a favorable position compared to other Latin American countries in dealing with the United States&#8217; new assertive policies in the region, according to Ian Bremmer, a political scientist and founder of the Eurasia Group. This assessment comes in the wake of U.S. President Donald Trump&#8217;s military actions in Venezuela, which included [&hellip;]<\/p>\n","protected":false},"author":1,"featured_media":955,"comment_status":"open","ping_status":"open","sticky":false,"template":"","format":"standard","meta":{"pagelayer_contact_templates":[],"_pagelayer_content":"","footnotes":""},"categories":[324],"tags":[554,553,552],"class_list":["post-954","post","type-post","status-publish","format-standard","has-post-thumbnail","hentry","category-internacional","tag-negociacoes-comerciais-brasil-eua","tag-politica-latino-americana","tag-relacoes-brasil-estados-unidos"],"yoast_head":"<!-- This site is optimized with the Yoast SEO plugin v27.3 - https:\/\/yoast.com\/product\/yoast-seo-wordpress\/ -->\n<title>Brasil mant\u00e9m posi\u00e7\u00e3o estrat\u00e9gica diante de press\u00e3o dos EUA na Am\u00e9rica Latina - Guerreiro News<\/title>\n<meta name=\"description\" content=\"Brasil se destaca na Am\u00e9rica Latina ao manter di\u00e1logo comercial e preservar interesses nacionais frente \u00e0 postura assertiva dos Estados Unidos na regi\u00e3o.\" \/>\n<meta name=\"robots\" content=\"index, follow, max-snippet:-1, max-image-preview:large, max-video-preview:-1\" \/>\n<link rel=\"canonical\" href=\"https:\/\/guerreiro.dev.br\/news\/2026\/01\/06\/brasil-mantem-posicao-estrategica-diante-de-pressao-dos-eua-na\/\" \/>\n<meta property=\"og:locale\" content=\"en_US\" \/>\n<meta property=\"og:type\" content=\"article\" \/>\n<meta property=\"og:title\" content=\"Brasil mant\u00e9m posi\u00e7\u00e3o estrat\u00e9gica diante de press\u00e3o dos EUA na Am\u00e9rica Latina - Guerreiro News\" \/>\n<meta property=\"og:description\" content=\"Brasil se destaca na Am\u00e9rica Latina ao manter di\u00e1logo comercial e preservar interesses nacionais frente \u00e0 postura assertiva dos Estados Unidos na regi\u00e3o.\" \/>\n<meta property=\"og:url\" content=\"https:\/\/guerreiro.dev.br\/news\/2026\/01\/06\/brasil-mantem-posicao-estrategica-diante-de-pressao-dos-eua-na\/\" \/>\n<meta property=\"og:site_name\" content=\"Guerreiro News\" \/>\n<meta property=\"article:published_time\" content=\"2026-01-06T00:03:13+00:00\" \/>\n<meta property=\"og:image\" content=\"https:\/\/guerreiro.dev.br\/news\/wp-content\/uploads\/2026\/01\/airticles-cover-695c514242218.webp\" \/>\n\t<meta property=\"og:image:width\" content=\"1344\" \/>\n\t<meta property=\"og:image:height\" content=\"768\" \/>\n\t<meta property=\"og:image:type\" content=\"image\/webp\" \/>\n<meta name=\"author\" content=\"admin\" \/>\n<meta name=\"twitter:card\" content=\"summary_large_image\" \/>\n<meta name=\"twitter:label1\" content=\"Written by\" \/>\n\t<meta name=\"twitter:data1\" content=\"admin\" \/>\n\t<meta name=\"twitter:label2\" content=\"Est. reading time\" \/>\n\t<meta name=\"twitter:data2\" content=\"1 minute\" \/>\n<script type=\"application\/ld+json\" class=\"yoast-schema-graph\">{\"@context\":\"https:\\\/\\\/schema.org\",\"@graph\":[{\"@type\":\"Article\",\"@id\":\"https:\\\/\\\/guerreiro.dev.br\\\/news\\\/2026\\\/01\\\/06\\\/brasil-mantem-posicao-estrategica-diante-de-pressao-dos-eua-na\\\/#article\",\"isPartOf\":{\"@id\":\"https:\\\/\\\/guerreiro.dev.br\\\/news\\\/2026\\\/01\\\/06\\\/brasil-mantem-posicao-estrategica-diante-de-pressao-dos-eua-na\\\/\"},\"author\":{\"name\":\"admin\",\"@id\":\"https:\\\/\\\/guerreiro.dev.br\\\/news\\\/#\\\/schema\\\/person\\\/282e053998765cb4795f8e50313a7489\"},\"headline\":\"Brasil mant\u00e9m posi\u00e7\u00e3o estrat\u00e9gica diante de press\u00e3o dos EUA na Am\u00e9rica Latina\",\"datePublished\":\"2026-01-06T00:03:13+00:00\",\"mainEntityOfPage\":{\"@id\":\"https:\\\/\\\/guerreiro.dev.br\\\/news\\\/2026\\\/01\\\/06\\\/brasil-mantem-posicao-estrategica-diante-de-pressao-dos-eua-na\\\/\"},\"wordCount\":295,\"commentCount\":0,\"image\":{\"@id\":\"https:\\\/\\\/guerreiro.dev.br\\\/news\\\/2026\\\/01\\\/06\\\/brasil-mantem-posicao-estrategica-diante-de-pressao-dos-eua-na\\\/#primaryimage\"},\"thumbnailUrl\":\"https:\\\/\\\/guerreiro.dev.br\\\/news\\\/wp-content\\\/uploads\\\/2026\\\/01\\\/airticles-cover-695c514242218.webp\",\"keywords\":[\"negocia\u00e7\u00f5es comerciais Brasil EUA\",\"pol\u00edtica latino-americana\",\"rela\u00e7\u00f5es Brasil Estados Unidos\"],\"articleSection\":[\"Internacional\"],\"inLanguage\":\"en-US\",\"potentialAction\":[{\"@type\":\"CommentAction\",\"name\":\"Comment\",\"target\":[\"https:\\\/\\\/guerreiro.dev.br\\\/news\\\/2026\\\/01\\\/06\\\/brasil-mantem-posicao-estrategica-diante-de-pressao-dos-eua-na\\\/#respond\"]}]},{\"@type\":\"WebPage\",\"@id\":\"https:\\\/\\\/guerreiro.dev.br\\\/news\\\/2026\\\/01\\\/06\\\/brasil-mantem-posicao-estrategica-diante-de-pressao-dos-eua-na\\\/\",\"url\":\"https:\\\/\\\/guerreiro.dev.br\\\/news\\\/2026\\\/01\\\/06\\\/brasil-mantem-posicao-estrategica-diante-de-pressao-dos-eua-na\\\/\",\"name\":\"Brasil mant\u00e9m posi\u00e7\u00e3o estrat\u00e9gica diante de press\u00e3o dos EUA na Am\u00e9rica Latina - Guerreiro News\",\"isPartOf\":{\"@id\":\"https:\\\/\\\/guerreiro.dev.br\\\/news\\\/#website\"},\"primaryImageOfPage\":{\"@id\":\"https:\\\/\\\/guerreiro.dev.br\\\/news\\\/2026\\\/01\\\/06\\\/brasil-mantem-posicao-estrategica-diante-de-pressao-dos-eua-na\\\/#primaryimage\"},\"image\":{\"@id\":\"https:\\\/\\\/guerreiro.dev.br\\\/news\\\/2026\\\/01\\\/06\\\/brasil-mantem-posicao-estrategica-diante-de-pressao-dos-eua-na\\\/#primaryimage\"},\"thumbnailUrl\":\"https:\\\/\\\/guerreiro.dev.br\\\/news\\\/wp-content\\\/uploads\\\/2026\\\/01\\\/airticles-cover-695c514242218.webp\",\"datePublished\":\"2026-01-06T00:03:13+00:00\",\"author\":{\"@id\":\"https:\\\/\\\/guerreiro.dev.br\\\/news\\\/#\\\/schema\\\/person\\\/282e053998765cb4795f8e50313a7489\"},\"description\":\"Brasil se destaca na Am\u00e9rica Latina ao manter di\u00e1logo comercial e preservar interesses nacionais frente \u00e0 postura assertiva dos Estados Unidos na regi\u00e3o.\",\"breadcrumb\":{\"@id\":\"https:\\\/\\\/guerreiro.dev.br\\\/news\\\/2026\\\/01\\\/06\\\/brasil-mantem-posicao-estrategica-diante-de-pressao-dos-eua-na\\\/#breadcrumb\"},\"inLanguage\":\"en-US\",\"potentialAction\":[{\"@type\":\"ReadAction\",\"target\":[\"https:\\\/\\\/guerreiro.dev.br\\\/news\\\/2026\\\/01\\\/06\\\/brasil-mantem-posicao-estrategica-diante-de-pressao-dos-eua-na\\\/\"]}]},{\"@type\":\"ImageObject\",\"inLanguage\":\"en-US\",\"@id\":\"https:\\\/\\\/guerreiro.dev.br\\\/news\\\/2026\\\/01\\\/06\\\/brasil-mantem-posicao-estrategica-diante-de-pressao-dos-eua-na\\\/#primaryimage\",\"url\":\"https:\\\/\\\/guerreiro.dev.br\\\/news\\\/wp-content\\\/uploads\\\/2026\\\/01\\\/airticles-cover-695c514242218.webp\",\"contentUrl\":\"https:\\\/\\\/guerreiro.dev.br\\\/news\\\/wp-content\\\/uploads\\\/2026\\\/01\\\/airticles-cover-695c514242218.webp\",\"width\":1344,\"height\":768},{\"@type\":\"BreadcrumbList\",\"@id\":\"https:\\\/\\\/guerreiro.dev.br\\\/news\\\/2026\\\/01\\\/06\\\/brasil-mantem-posicao-estrategica-diante-de-pressao-dos-eua-na\\\/#breadcrumb\",\"itemListElement\":[{\"@type\":\"ListItem\",\"position\":1,\"name\":\"Home\",\"item\":\"https:\\\/\\\/guerreiro.dev.br\\\/news\\\/\"},{\"@type\":\"ListItem\",\"position\":2,\"name\":\"Brasil mant\u00e9m posi\u00e7\u00e3o estrat\u00e9gica diante de press\u00e3o dos EUA na Am\u00e9rica Latina\"}]},{\"@type\":\"WebSite\",\"@id\":\"https:\\\/\\\/guerreiro.dev.br\\\/news\\\/#website\",\"url\":\"https:\\\/\\\/guerreiro.dev.br\\\/news\\\/\",\"name\":\"Guerreiro News\",\"description\":\"Guerreiro Dev&#039;s news site\",\"potentialAction\":[{\"@type\":\"SearchAction\",\"target\":{\"@type\":\"EntryPoint\",\"urlTemplate\":\"https:\\\/\\\/guerreiro.dev.br\\\/news\\\/?s={search_term_string}\"},\"query-input\":{\"@type\":\"PropertyValueSpecification\",\"valueRequired\":true,\"valueName\":\"search_term_string\"}}],\"inLanguage\":\"en-US\"},{\"@type\":\"Person\",\"@id\":\"https:\\\/\\\/guerreiro.dev.br\\\/news\\\/#\\\/schema\\\/person\\\/282e053998765cb4795f8e50313a7489\",\"name\":\"admin\",\"image\":{\"@type\":\"ImageObject\",\"inLanguage\":\"en-US\",\"@id\":\"https:\\\/\\\/secure.gravatar.com\\\/avatar\\\/580963dccb0d577f36efe7525df05e0aaf539eabf4172b5968ed214fcb01d281?s=96&d=mm&r=g\",\"url\":\"https:\\\/\\\/secure.gravatar.com\\\/avatar\\\/580963dccb0d577f36efe7525df05e0aaf539eabf4172b5968ed214fcb01d281?s=96&d=mm&r=g\",\"contentUrl\":\"https:\\\/\\\/secure.gravatar.com\\\/avatar\\\/580963dccb0d577f36efe7525df05e0aaf539eabf4172b5968ed214fcb01d281?s=96&d=mm&r=g\",\"caption\":\"admin\"},\"sameAs\":[\"https:\\\/\\\/guerreiro.dev.br\\\/news\"],\"url\":\"https:\\\/\\\/guerreiro.dev.br\\\/news\\\/author\\\/admin\\\/\"}]}<\/script>\n<!-- \/ Yoast SEO plugin. -->","yoast_head_json":{"title":"Brasil mant\u00e9m posi\u00e7\u00e3o estrat\u00e9gica diante de press\u00e3o dos EUA na Am\u00e9rica Latina - Guerreiro News","description":"Brasil se destaca na Am\u00e9rica Latina ao manter di\u00e1logo comercial e preservar interesses nacionais frente \u00e0 postura assertiva dos Estados Unidos na regi\u00e3o.","robots":{"index":"index","follow":"follow","max-snippet":"max-snippet:-1","max-image-preview":"max-image-preview:large","max-video-preview":"max-video-preview:-1"},"canonical":"https:\/\/guerreiro.dev.br\/news\/2026\/01\/06\/brasil-mantem-posicao-estrategica-diante-de-pressao-dos-eua-na\/","og_locale":"en_US","og_type":"article","og_title":"Brasil mant\u00e9m posi\u00e7\u00e3o estrat\u00e9gica diante de press\u00e3o dos EUA na Am\u00e9rica Latina - Guerreiro News","og_description":"Brasil se destaca na Am\u00e9rica Latina ao manter di\u00e1logo comercial e preservar interesses nacionais frente \u00e0 postura assertiva dos Estados Unidos na regi\u00e3o.","og_url":"https:\/\/guerreiro.dev.br\/news\/2026\/01\/06\/brasil-mantem-posicao-estrategica-diante-de-pressao-dos-eua-na\/","og_site_name":"Guerreiro News","article_published_time":"2026-01-06T00:03:13+00:00","og_image":[{"width":1344,"height":768,"url":"https:\/\/guerreiro.dev.br\/news\/wp-content\/uploads\/2026\/01\/airticles-cover-695c514242218.webp","type":"image\/webp"}],"author":"admin","twitter_card":"summary_large_image","twitter_misc":{"Written by":"admin","Est. reading time":"1 minute"},"schema":{"@context":"https:\/\/schema.org","@graph":[{"@type":"Article","@id":"https:\/\/guerreiro.dev.br\/news\/2026\/01\/06\/brasil-mantem-posicao-estrategica-diante-de-pressao-dos-eua-na\/#article","isPartOf":{"@id":"https:\/\/guerreiro.dev.br\/news\/2026\/01\/06\/brasil-mantem-posicao-estrategica-diante-de-pressao-dos-eua-na\/"},"author":{"name":"admin","@id":"https:\/\/guerreiro.dev.br\/news\/#\/schema\/person\/282e053998765cb4795f8e50313a7489"},"headline":"Brasil mant\u00e9m posi\u00e7\u00e3o estrat\u00e9gica diante de press\u00e3o dos EUA na Am\u00e9rica Latina","datePublished":"2026-01-06T00:03:13+00:00","mainEntityOfPage":{"@id":"https:\/\/guerreiro.dev.br\/news\/2026\/01\/06\/brasil-mantem-posicao-estrategica-diante-de-pressao-dos-eua-na\/"},"wordCount":295,"commentCount":0,"image":{"@id":"https:\/\/guerreiro.dev.br\/news\/2026\/01\/06\/brasil-mantem-posicao-estrategica-diante-de-pressao-dos-eua-na\/#primaryimage"},"thumbnailUrl":"https:\/\/guerreiro.dev.br\/news\/wp-content\/uploads\/2026\/01\/airticles-cover-695c514242218.webp","keywords":["negocia\u00e7\u00f5es comerciais Brasil EUA","pol\u00edtica latino-americana","rela\u00e7\u00f5es Brasil Estados Unidos"],"articleSection":["Internacional"],"inLanguage":"en-US","potentialAction":[{"@type":"CommentAction","name":"Comment","target":["https:\/\/guerreiro.dev.br\/news\/2026\/01\/06\/brasil-mantem-posicao-estrategica-diante-de-pressao-dos-eua-na\/#respond"]}]},{"@type":"WebPage","@id":"https:\/\/guerreiro.dev.br\/news\/2026\/01\/06\/brasil-mantem-posicao-estrategica-diante-de-pressao-dos-eua-na\/","url":"https:\/\/guerreiro.dev.br\/news\/2026\/01\/06\/brasil-mantem-posicao-estrategica-diante-de-pressao-dos-eua-na\/","name":"Brasil mant\u00e9m posi\u00e7\u00e3o estrat\u00e9gica diante de press\u00e3o dos EUA na Am\u00e9rica Latina - Guerreiro News","isPartOf":{"@id":"https:\/\/guerreiro.dev.br\/news\/#website"},"primaryImageOfPage":{"@id":"https:\/\/guerreiro.dev.br\/news\/2026\/01\/06\/brasil-mantem-posicao-estrategica-diante-de-pressao-dos-eua-na\/#primaryimage"},"image":{"@id":"https:\/\/guerreiro.dev.br\/news\/2026\/01\/06\/brasil-mantem-posicao-estrategica-diante-de-pressao-dos-eua-na\/#primaryimage"},"thumbnailUrl":"https:\/\/guerreiro.dev.br\/news\/wp-content\/uploads\/2026\/01\/airticles-cover-695c514242218.webp","datePublished":"2026-01-06T00:03:13+00:00","author":{"@id":"https:\/\/guerreiro.dev.br\/news\/#\/schema\/person\/282e053998765cb4795f8e50313a7489"},"description":"Brasil se destaca na Am\u00e9rica Latina ao manter di\u00e1logo comercial e preservar interesses nacionais frente \u00e0 postura assertiva dos Estados Unidos na regi\u00e3o.","breadcrumb":{"@id":"https:\/\/guerreiro.dev.br\/news\/2026\/01\/06\/brasil-mantem-posicao-estrategica-diante-de-pressao-dos-eua-na\/#breadcrumb"},"inLanguage":"en-US","potentialAction":[{"@type":"ReadAction","target":["https:\/\/guerreiro.dev.br\/news\/2026\/01\/06\/brasil-mantem-posicao-estrategica-diante-de-pressao-dos-eua-na\/"]}]},{"@type":"ImageObject","inLanguage":"en-US","@id":"https:\/\/guerreiro.dev.br\/news\/2026\/01\/06\/brasil-mantem-posicao-estrategica-diante-de-pressao-dos-eua-na\/#primaryimage","url":"https:\/\/guerreiro.dev.br\/news\/wp-content\/uploads\/2026\/01\/airticles-cover-695c514242218.webp","contentUrl":"https:\/\/guerreiro.dev.br\/news\/wp-content\/uploads\/2026\/01\/airticles-cover-695c514242218.webp","width":1344,"height":768},{"@type":"BreadcrumbList","@id":"https:\/\/guerreiro.dev.br\/news\/2026\/01\/06\/brasil-mantem-posicao-estrategica-diante-de-pressao-dos-eua-na\/#breadcrumb","itemListElement":[{"@type":"ListItem","position":1,"name":"Home","item":"https:\/\/guerreiro.dev.br\/news\/"},{"@type":"ListItem","position":2,"name":"Brasil mant\u00e9m posi\u00e7\u00e3o estrat\u00e9gica diante de press\u00e3o dos EUA na Am\u00e9rica Latina"}]},{"@type":"WebSite","@id":"https:\/\/guerreiro.dev.br\/news\/#website","url":"https:\/\/guerreiro.dev.br\/news\/","name":"Guerreiro News","description":"Guerreiro Dev&#039;s news site","potentialAction":[{"@type":"SearchAction","target":{"@type":"EntryPoint","urlTemplate":"https:\/\/guerreiro.dev.br\/news\/?s={search_term_string}"},"query-input":{"@type":"PropertyValueSpecification","valueRequired":true,"valueName":"search_term_string"}}],"inLanguage":"en-US"},{"@type":"Person","@id":"https:\/\/guerreiro.dev.br\/news\/#\/schema\/person\/282e053998765cb4795f8e50313a7489","name":"admin","image":{"@type":"ImageObject","inLanguage":"en-US","@id":"https:\/\/secure.gravatar.com\/avatar\/580963dccb0d577f36efe7525df05e0aaf539eabf4172b5968ed214fcb01d281?s=96&d=mm&r=g","url":"https:\/\/secure.gravatar.com\/avatar\/580963dccb0d577f36efe7525df05e0aaf539eabf4172b5968ed214fcb01d281?s=96&d=mm&r=g","contentUrl":"https:\/\/secure.gravatar.com\/avatar\/580963dccb0d577f36efe7525df05e0aaf539eabf4172b5968ed214fcb01d281?s=96&d=mm&r=g","caption":"admin"},"sameAs":["https:\/\/guerreiro.dev.br\/news"],"url":"https:\/\/guerreiro.dev.br\/news\/author\/admin\/"}]}},"_links":{"self":[{"href":"https:\/\/guerreiro.dev.br\/news\/wp-json\/wp\/v2\/posts\/954","targetHints":{"allow":["GET"]}}],"collection":[{"href":"https:\/\/guerreiro.dev.br\/news\/wp-json\/wp\/v2\/posts"}],"about":[{"href":"https:\/\/guerreiro.dev.br\/news\/wp-json\/wp\/v2\/types\/post"}],"author":[{"embeddable":true,"href":"https:\/\/guerreiro.dev.br\/news\/wp-json\/wp\/v2\/users\/1"}],"replies":[{"embeddable":true,"href":"https:\/\/guerreiro.dev.br\/news\/wp-json\/wp\/v2\/comments?post=954"}],"version-history":[{"count":0,"href":"https:\/\/guerreiro.dev.br\/news\/wp-json\/wp\/v2\/posts\/954\/revisions"}],"wp:featuredmedia":[{"embeddable":true,"href":"https:\/\/guerreiro.dev.br\/news\/wp-json\/wp\/v2\/media\/955"}],"wp:attachment":[{"href":"https:\/\/guerreiro.dev.br\/news\/wp-json\/wp\/v2\/media?parent=954"}],"wp:term":[{"taxonomy":"category","embeddable":true,"href":"https:\/\/guerreiro.dev.br\/news\/wp-json\/wp\/v2\/categories?post=954"},{"taxonomy":"post_tag","embeddable":true,"href":"https:\/\/guerreiro.dev.br\/news\/wp-json\/wp\/v2\/tags?post=954"}],"curies":[{"name":"wp","href":"https:\/\/api.w.org\/{rel}","templated":true}]}}