{"id":956,"date":"2026-01-06T02:56:25","date_gmt":"2026-01-06T02:56:25","guid":{"rendered":"https:\/\/guerreiro.dev.br\/news\/2026\/01\/06\/maduro-son-supports-interim-president-delcy-rodriguez-after-us\/"},"modified":"2026-01-06T02:56:25","modified_gmt":"2026-01-06T02:56:25","slug":"maduro-son-supports-interim-president-delcy-rodriguez-after-us","status":"publish","type":"post","link":"https:\/\/guerreiro.dev.br\/news\/2026\/01\/06\/maduro-son-supports-interim-president-delcy-rodriguez-after-us\/","title":{"rendered":"Maduro\u2019s Son Supports Interim President Delcy Rodr\u00edguez After U.S. Operation"},"content":{"rendered":"<p>Nicol\u00e1s Maduro Guerra, son of Venezuelan leader Nicol\u00e1s Maduro, has expressed his unwavering support for Delcy Rodr\u00edguez, the interim president of Venezuela. This declaration comes amidst speculation of a potential betrayal by Rodr\u00edguez against Maduro, who was detained in a U.S. operation on January 3. Rodr\u00edguez, a close ally of Maduro and former vice president since 2018, assumed the interim presidency on January 5 during a parliamentary ceremony.<\/p>\n<p>In a speech to the National Assembly, Maduro Guerra emphasized that his father&#8217;s capture did not fracture the group&#8217;s unity or internal loyalty. He stated, &#8220;They may have taken Nicol\u00e1s and Cilia [Maduro&#8217;s wife], but they haven&#8217;t captured the spirit of a people determined to be free. Delcy, you have my unconditional support for the challenging task ahead. Count on me, my family, and our strength to guide you through this responsibility.&#8221;<\/p>\n<p>The detention of Nicol\u00e1s Maduro and his wife, Cilia Flores, was announced by U.S. President Donald Trump via social media. The couple was transported to New York, where they face charges related to drug trafficking and other crimes. Maduro Guerra criticized the U.S. action, labeling it a &#8220;kidnapping&#8221; and warning of its implications for global order, stating, &#8220;If we normalize the abduction of a head of state, no country is safe. Today it&#8217;s Venezuela; tomorrow it could be any nation that resists submission.&#8221;<\/p>\n<p>Delcy Rodr\u00edguez, during her swearing-in, acknowledged the pain inflicted on Venezuelans by the &#8220;illegitimate military aggression&#8221; and vowed to maintain peace and stability in the nation. She referred to Maduro and his wife as &#8220;heroes&#8221; and promised to ensure the country&#8217;s &#8220;spiritual, economic, and social tranquility.&#8221;<\/p>\n<p><strong>Fonte:<\/strong><a href=\"https:\/\/www.bbc.com\/portuguese\/articles\/c7v0ejj9qlpo?at_medium=RSS&amp;at_campaign=rss\" target=\"_blank\" rel=\"noopener noreferrer\">https:\/\/www.bbc.com\/portuguese\/articles\/c7v0ejj9qlpo?at_medium=RSS&amp;at_campaign=rss<\/a><\/p>\n","protected":false},"excerpt":{"rendered":"<p>Nicol\u00e1s Maduro Guerra, son of Venezuelan leader Nicol\u00e1s Maduro, has expressed his unwavering support for Delcy Rodr\u00edguez, the interim president of Venezuela. This declaration comes amidst speculation of a potential betrayal by Rodr\u00edguez against Maduro, who was detained in a U.S. operation on January 3. Rodr\u00edguez, a close ally of Maduro and former vice president [&hellip;]<\/p>\n","protected":false},"author":1,"featured_media":957,"comment_status":"open","ping_status":"open","sticky":false,"template":"","format":"standard","meta":{"pagelayer_contact_templates":[],"_pagelayer_content":"","footnotes":""},"categories":[324],"tags":[556,557,555],"class_list":["post-956","post","type-post","status-publish","format-standard","has-post-thumbnail","hentry","category-internacional","tag-delcy-rodriguez-leadership","tag-maduro-detention-response","tag-venezuela-political-transition"],"yoast_head":"<!-- This site is optimized with the Yoast SEO plugin v27.3 - https:\/\/yoast.com\/product\/yoast-seo-wordpress\/ -->\n<title>Maduro\u2019s Son Supports Interim President Delcy Rodr\u00edguez After U.S. Operation - Guerreiro News<\/title>\n<meta name=\"description\" content=\"Nicol\u00e1s Maduro Guerra publicly supports interim president Delcy Rodr\u00edguez, calling for unity after his father\" \/>\n<meta name=\"robots\" content=\"index, follow, max-snippet:-1, max-image-preview:large, max-video-preview:-1\" \/>\n<link rel=\"canonical\" href=\"https:\/\/guerreiro.dev.br\/news\/2026\/01\/06\/maduro-son-supports-interim-president-delcy-rodriguez-after-us\/\" \/>\n<meta property=\"og:locale\" content=\"en_US\" \/>\n<meta property=\"og:type\" content=\"article\" \/>\n<meta property=\"og:title\" content=\"Maduro\u2019s Son Supports Interim President Delcy Rodr\u00edguez After U.S. Operation - Guerreiro News\" \/>\n<meta property=\"og:description\" content=\"Nicol\u00e1s Maduro Guerra publicly supports interim president Delcy Rodr\u00edguez, calling for unity after his father\" \/>\n<meta property=\"og:url\" content=\"https:\/\/guerreiro.dev.br\/news\/2026\/01\/06\/maduro-son-supports-interim-president-delcy-rodriguez-after-us\/\" \/>\n<meta property=\"og:site_name\" content=\"Guerreiro News\" \/>\n<meta property=\"article:published_time\" content=\"2026-01-06T02:56:25+00:00\" \/>\n<meta property=\"og:image\" content=\"https:\/\/guerreiro.dev.br\/news\/wp-content\/uploads\/2026\/01\/airticles-cover-695c79d975f00.webp\" \/>\n\t<meta property=\"og:image:width\" content=\"1344\" \/>\n\t<meta property=\"og:image:height\" content=\"768\" \/>\n\t<meta property=\"og:image:type\" content=\"image\/webp\" \/>\n<meta name=\"author\" content=\"admin\" \/>\n<meta name=\"twitter:card\" content=\"summary_large_image\" \/>\n<meta name=\"twitter:label1\" content=\"Written by\" \/>\n\t<meta name=\"twitter:data1\" content=\"admin\" \/>\n\t<meta name=\"twitter:label2\" content=\"Est. reading time\" \/>\n\t<meta name=\"twitter:data2\" content=\"1 minute\" \/>\n<script type=\"application\/ld+json\" class=\"yoast-schema-graph\">{\"@context\":\"https:\\\/\\\/schema.org\",\"@graph\":[{\"@type\":\"Article\",\"@id\":\"https:\\\/\\\/guerreiro.dev.br\\\/news\\\/2026\\\/01\\\/06\\\/maduro-son-supports-interim-president-delcy-rodriguez-after-us\\\/#article\",\"isPartOf\":{\"@id\":\"https:\\\/\\\/guerreiro.dev.br\\\/news\\\/2026\\\/01\\\/06\\\/maduro-son-supports-interim-president-delcy-rodriguez-after-us\\\/\"},\"author\":{\"name\":\"admin\",\"@id\":\"https:\\\/\\\/guerreiro.dev.br\\\/news\\\/#\\\/schema\\\/person\\\/282e053998765cb4795f8e50313a7489\"},\"headline\":\"Maduro\u2019s Son Supports Interim President Delcy Rodr\u00edguez After U.S. Operation\",\"datePublished\":\"2026-01-06T02:56:25+00:00\",\"mainEntityOfPage\":{\"@id\":\"https:\\\/\\\/guerreiro.dev.br\\\/news\\\/2026\\\/01\\\/06\\\/maduro-son-supports-interim-president-delcy-rodriguez-after-us\\\/\"},\"wordCount\":314,\"commentCount\":0,\"image\":{\"@id\":\"https:\\\/\\\/guerreiro.dev.br\\\/news\\\/2026\\\/01\\\/06\\\/maduro-son-supports-interim-president-delcy-rodriguez-after-us\\\/#primaryimage\"},\"thumbnailUrl\":\"https:\\\/\\\/guerreiro.dev.br\\\/news\\\/wp-content\\\/uploads\\\/2026\\\/01\\\/airticles-cover-695c79d975f00.webp\",\"keywords\":[\"Delcy Rodr\u00edguez leadership\",\"Maduro detention response\",\"Venezuela political transition\"],\"articleSection\":[\"Internacional\"],\"inLanguage\":\"en-US\",\"potentialAction\":[{\"@type\":\"CommentAction\",\"name\":\"Comment\",\"target\":[\"https:\\\/\\\/guerreiro.dev.br\\\/news\\\/2026\\\/01\\\/06\\\/maduro-son-supports-interim-president-delcy-rodriguez-after-us\\\/#respond\"]}]},{\"@type\":\"WebPage\",\"@id\":\"https:\\\/\\\/guerreiro.dev.br\\\/news\\\/2026\\\/01\\\/06\\\/maduro-son-supports-interim-president-delcy-rodriguez-after-us\\\/\",\"url\":\"https:\\\/\\\/guerreiro.dev.br\\\/news\\\/2026\\\/01\\\/06\\\/maduro-son-supports-interim-president-delcy-rodriguez-after-us\\\/\",\"name\":\"Maduro\u2019s Son Supports Interim President Delcy Rodr\u00edguez After U.S. Operation - Guerreiro News\",\"isPartOf\":{\"@id\":\"https:\\\/\\\/guerreiro.dev.br\\\/news\\\/#website\"},\"primaryImageOfPage\":{\"@id\":\"https:\\\/\\\/guerreiro.dev.br\\\/news\\\/2026\\\/01\\\/06\\\/maduro-son-supports-interim-president-delcy-rodriguez-after-us\\\/#primaryimage\"},\"image\":{\"@id\":\"https:\\\/\\\/guerreiro.dev.br\\\/news\\\/2026\\\/01\\\/06\\\/maduro-son-supports-interim-president-delcy-rodriguez-after-us\\\/#primaryimage\"},\"thumbnailUrl\":\"https:\\\/\\\/guerreiro.dev.br\\\/news\\\/wp-content\\\/uploads\\\/2026\\\/01\\\/airticles-cover-695c79d975f00.webp\",\"datePublished\":\"2026-01-06T02:56:25+00:00\",\"author\":{\"@id\":\"https:\\\/\\\/guerreiro.dev.br\\\/news\\\/#\\\/schema\\\/person\\\/282e053998765cb4795f8e50313a7489\"},\"description\":\"Nicol\u00e1s Maduro Guerra publicly supports interim president Delcy Rodr\u00edguez, calling for unity after his father\",\"breadcrumb\":{\"@id\":\"https:\\\/\\\/guerreiro.dev.br\\\/news\\\/2026\\\/01\\\/06\\\/maduro-son-supports-interim-president-delcy-rodriguez-after-us\\\/#breadcrumb\"},\"inLanguage\":\"en-US\",\"potentialAction\":[{\"@type\":\"ReadAction\",\"target\":[\"https:\\\/\\\/guerreiro.dev.br\\\/news\\\/2026\\\/01\\\/06\\\/maduro-son-supports-interim-president-delcy-rodriguez-after-us\\\/\"]}]},{\"@type\":\"ImageObject\",\"inLanguage\":\"en-US\",\"@id\":\"https:\\\/\\\/guerreiro.dev.br\\\/news\\\/2026\\\/01\\\/06\\\/maduro-son-supports-interim-president-delcy-rodriguez-after-us\\\/#primaryimage\",\"url\":\"https:\\\/\\\/guerreiro.dev.br\\\/news\\\/wp-content\\\/uploads\\\/2026\\\/01\\\/airticles-cover-695c79d975f00.webp\",\"contentUrl\":\"https:\\\/\\\/guerreiro.dev.br\\\/news\\\/wp-content\\\/uploads\\\/2026\\\/01\\\/airticles-cover-695c79d975f00.webp\",\"width\":1344,\"height\":768},{\"@type\":\"BreadcrumbList\",\"@id\":\"https:\\\/\\\/guerreiro.dev.br\\\/news\\\/2026\\\/01\\\/06\\\/maduro-son-supports-interim-president-delcy-rodriguez-after-us\\\/#breadcrumb\",\"itemListElement\":[{\"@type\":\"ListItem\",\"position\":1,\"name\":\"Home\",\"item\":\"https:\\\/\\\/guerreiro.dev.br\\\/news\\\/\"},{\"@type\":\"ListItem\",\"position\":2,\"name\":\"Maduro\u2019s Son Supports Interim President Delcy Rodr\u00edguez After U.S. Operation\"}]},{\"@type\":\"WebSite\",\"@id\":\"https:\\\/\\\/guerreiro.dev.br\\\/news\\\/#website\",\"url\":\"https:\\\/\\\/guerreiro.dev.br\\\/news\\\/\",\"name\":\"Guerreiro News\",\"description\":\"Guerreiro Dev&#039;s news site\",\"potentialAction\":[{\"@type\":\"SearchAction\",\"target\":{\"@type\":\"EntryPoint\",\"urlTemplate\":\"https:\\\/\\\/guerreiro.dev.br\\\/news\\\/?s={search_term_string}\"},\"query-input\":{\"@type\":\"PropertyValueSpecification\",\"valueRequired\":true,\"valueName\":\"search_term_string\"}}],\"inLanguage\":\"en-US\"},{\"@type\":\"Person\",\"@id\":\"https:\\\/\\\/guerreiro.dev.br\\\/news\\\/#\\\/schema\\\/person\\\/282e053998765cb4795f8e50313a7489\",\"name\":\"admin\",\"image\":{\"@type\":\"ImageObject\",\"inLanguage\":\"en-US\",\"@id\":\"https:\\\/\\\/secure.gravatar.com\\\/avatar\\\/580963dccb0d577f36efe7525df05e0aaf539eabf4172b5968ed214fcb01d281?s=96&d=mm&r=g\",\"url\":\"https:\\\/\\\/secure.gravatar.com\\\/avatar\\\/580963dccb0d577f36efe7525df05e0aaf539eabf4172b5968ed214fcb01d281?s=96&d=mm&r=g\",\"contentUrl\":\"https:\\\/\\\/secure.gravatar.com\\\/avatar\\\/580963dccb0d577f36efe7525df05e0aaf539eabf4172b5968ed214fcb01d281?s=96&d=mm&r=g\",\"caption\":\"admin\"},\"sameAs\":[\"https:\\\/\\\/guerreiro.dev.br\\\/news\"],\"url\":\"https:\\\/\\\/guerreiro.dev.br\\\/news\\\/author\\\/admin\\\/\"}]}<\/script>\n<!-- \/ Yoast SEO plugin. -->","yoast_head_json":{"title":"Maduro\u2019s Son Supports Interim President Delcy Rodr\u00edguez After U.S. Operation - Guerreiro News","description":"Nicol\u00e1s Maduro Guerra publicly supports interim president Delcy Rodr\u00edguez, calling for unity after his father","robots":{"index":"index","follow":"follow","max-snippet":"max-snippet:-1","max-image-preview":"max-image-preview:large","max-video-preview":"max-video-preview:-1"},"canonical":"https:\/\/guerreiro.dev.br\/news\/2026\/01\/06\/maduro-son-supports-interim-president-delcy-rodriguez-after-us\/","og_locale":"en_US","og_type":"article","og_title":"Maduro\u2019s Son Supports Interim President Delcy Rodr\u00edguez After U.S. Operation - Guerreiro News","og_description":"Nicol\u00e1s Maduro Guerra publicly supports interim president Delcy Rodr\u00edguez, calling for unity after his father","og_url":"https:\/\/guerreiro.dev.br\/news\/2026\/01\/06\/maduro-son-supports-interim-president-delcy-rodriguez-after-us\/","og_site_name":"Guerreiro News","article_published_time":"2026-01-06T02:56:25+00:00","og_image":[{"width":1344,"height":768,"url":"https:\/\/guerreiro.dev.br\/news\/wp-content\/uploads\/2026\/01\/airticles-cover-695c79d975f00.webp","type":"image\/webp"}],"author":"admin","twitter_card":"summary_large_image","twitter_misc":{"Written by":"admin","Est. reading time":"1 minute"},"schema":{"@context":"https:\/\/schema.org","@graph":[{"@type":"Article","@id":"https:\/\/guerreiro.dev.br\/news\/2026\/01\/06\/maduro-son-supports-interim-president-delcy-rodriguez-after-us\/#article","isPartOf":{"@id":"https:\/\/guerreiro.dev.br\/news\/2026\/01\/06\/maduro-son-supports-interim-president-delcy-rodriguez-after-us\/"},"author":{"name":"admin","@id":"https:\/\/guerreiro.dev.br\/news\/#\/schema\/person\/282e053998765cb4795f8e50313a7489"},"headline":"Maduro\u2019s Son Supports Interim President Delcy Rodr\u00edguez After U.S. Operation","datePublished":"2026-01-06T02:56:25+00:00","mainEntityOfPage":{"@id":"https:\/\/guerreiro.dev.br\/news\/2026\/01\/06\/maduro-son-supports-interim-president-delcy-rodriguez-after-us\/"},"wordCount":314,"commentCount":0,"image":{"@id":"https:\/\/guerreiro.dev.br\/news\/2026\/01\/06\/maduro-son-supports-interim-president-delcy-rodriguez-after-us\/#primaryimage"},"thumbnailUrl":"https:\/\/guerreiro.dev.br\/news\/wp-content\/uploads\/2026\/01\/airticles-cover-695c79d975f00.webp","keywords":["Delcy Rodr\u00edguez leadership","Maduro detention response","Venezuela political transition"],"articleSection":["Internacional"],"inLanguage":"en-US","potentialAction":[{"@type":"CommentAction","name":"Comment","target":["https:\/\/guerreiro.dev.br\/news\/2026\/01\/06\/maduro-son-supports-interim-president-delcy-rodriguez-after-us\/#respond"]}]},{"@type":"WebPage","@id":"https:\/\/guerreiro.dev.br\/news\/2026\/01\/06\/maduro-son-supports-interim-president-delcy-rodriguez-after-us\/","url":"https:\/\/guerreiro.dev.br\/news\/2026\/01\/06\/maduro-son-supports-interim-president-delcy-rodriguez-after-us\/","name":"Maduro\u2019s Son Supports Interim President Delcy Rodr\u00edguez After U.S. Operation - Guerreiro News","isPartOf":{"@id":"https:\/\/guerreiro.dev.br\/news\/#website"},"primaryImageOfPage":{"@id":"https:\/\/guerreiro.dev.br\/news\/2026\/01\/06\/maduro-son-supports-interim-president-delcy-rodriguez-after-us\/#primaryimage"},"image":{"@id":"https:\/\/guerreiro.dev.br\/news\/2026\/01\/06\/maduro-son-supports-interim-president-delcy-rodriguez-after-us\/#primaryimage"},"thumbnailUrl":"https:\/\/guerreiro.dev.br\/news\/wp-content\/uploads\/2026\/01\/airticles-cover-695c79d975f00.webp","datePublished":"2026-01-06T02:56:25+00:00","author":{"@id":"https:\/\/guerreiro.dev.br\/news\/#\/schema\/person\/282e053998765cb4795f8e50313a7489"},"description":"Nicol\u00e1s Maduro Guerra publicly supports interim president Delcy Rodr\u00edguez, calling for unity after his father","breadcrumb":{"@id":"https:\/\/guerreiro.dev.br\/news\/2026\/01\/06\/maduro-son-supports-interim-president-delcy-rodriguez-after-us\/#breadcrumb"},"inLanguage":"en-US","potentialAction":[{"@type":"ReadAction","target":["https:\/\/guerreiro.dev.br\/news\/2026\/01\/06\/maduro-son-supports-interim-president-delcy-rodriguez-after-us\/"]}]},{"@type":"ImageObject","inLanguage":"en-US","@id":"https:\/\/guerreiro.dev.br\/news\/2026\/01\/06\/maduro-son-supports-interim-president-delcy-rodriguez-after-us\/#primaryimage","url":"https:\/\/guerreiro.dev.br\/news\/wp-content\/uploads\/2026\/01\/airticles-cover-695c79d975f00.webp","contentUrl":"https:\/\/guerreiro.dev.br\/news\/wp-content\/uploads\/2026\/01\/airticles-cover-695c79d975f00.webp","width":1344,"height":768},{"@type":"BreadcrumbList","@id":"https:\/\/guerreiro.dev.br\/news\/2026\/01\/06\/maduro-son-supports-interim-president-delcy-rodriguez-after-us\/#breadcrumb","itemListElement":[{"@type":"ListItem","position":1,"name":"Home","item":"https:\/\/guerreiro.dev.br\/news\/"},{"@type":"ListItem","position":2,"name":"Maduro\u2019s Son Supports Interim President Delcy Rodr\u00edguez After U.S. Operation"}]},{"@type":"WebSite","@id":"https:\/\/guerreiro.dev.br\/news\/#website","url":"https:\/\/guerreiro.dev.br\/news\/","name":"Guerreiro News","description":"Guerreiro Dev&#039;s news site","potentialAction":[{"@type":"SearchAction","target":{"@type":"EntryPoint","urlTemplate":"https:\/\/guerreiro.dev.br\/news\/?s={search_term_string}"},"query-input":{"@type":"PropertyValueSpecification","valueRequired":true,"valueName":"search_term_string"}}],"inLanguage":"en-US"},{"@type":"Person","@id":"https:\/\/guerreiro.dev.br\/news\/#\/schema\/person\/282e053998765cb4795f8e50313a7489","name":"admin","image":{"@type":"ImageObject","inLanguage":"en-US","@id":"https:\/\/secure.gravatar.com\/avatar\/580963dccb0d577f36efe7525df05e0aaf539eabf4172b5968ed214fcb01d281?s=96&d=mm&r=g","url":"https:\/\/secure.gravatar.com\/avatar\/580963dccb0d577f36efe7525df05e0aaf539eabf4172b5968ed214fcb01d281?s=96&d=mm&r=g","contentUrl":"https:\/\/secure.gravatar.com\/avatar\/580963dccb0d577f36efe7525df05e0aaf539eabf4172b5968ed214fcb01d281?s=96&d=mm&r=g","caption":"admin"},"sameAs":["https:\/\/guerreiro.dev.br\/news"],"url":"https:\/\/guerreiro.dev.br\/news\/author\/admin\/"}]}},"_links":{"self":[{"href":"https:\/\/guerreiro.dev.br\/news\/wp-json\/wp\/v2\/posts\/956","targetHints":{"allow":["GET"]}}],"collection":[{"href":"https:\/\/guerreiro.dev.br\/news\/wp-json\/wp\/v2\/posts"}],"about":[{"href":"https:\/\/guerreiro.dev.br\/news\/wp-json\/wp\/v2\/types\/post"}],"author":[{"embeddable":true,"href":"https:\/\/guerreiro.dev.br\/news\/wp-json\/wp\/v2\/users\/1"}],"replies":[{"embeddable":true,"href":"https:\/\/guerreiro.dev.br\/news\/wp-json\/wp\/v2\/comments?post=956"}],"version-history":[{"count":0,"href":"https:\/\/guerreiro.dev.br\/news\/wp-json\/wp\/v2\/posts\/956\/revisions"}],"wp:featuredmedia":[{"embeddable":true,"href":"https:\/\/guerreiro.dev.br\/news\/wp-json\/wp\/v2\/media\/957"}],"wp:attachment":[{"href":"https:\/\/guerreiro.dev.br\/news\/wp-json\/wp\/v2\/media?parent=956"}],"wp:term":[{"taxonomy":"category","embeddable":true,"href":"https:\/\/guerreiro.dev.br\/news\/wp-json\/wp\/v2\/categories?post=956"},{"taxonomy":"post_tag","embeddable":true,"href":"https:\/\/guerreiro.dev.br\/news\/wp-json\/wp\/v2\/tags?post=956"}],"curies":[{"name":"wp","href":"https:\/\/api.w.org\/{rel}","templated":true}]}}